{"id":206153,"date":"2025-06-26T15:53:08","date_gmt":"2025-06-26T15:53:08","guid":{"rendered":"https:\/\/www.europesays.com\/fr\/206153\/"},"modified":"2025-06-26T15:53:08","modified_gmt":"2025-06-26T15:53:08","slug":"39-millions-malgre-les-pressions-de-tf1-camille-combal-signe-a-nouveau-chez-nrj","status":"publish","type":"post","link":"https:\/\/www.europesays.com\/fr\/206153\/","title":{"rendered":"\u00ab\u00a03,9\u00a0millions\u2026\u00a0\u00bb\u00a0: malgr\u00e9 les pressions de TF1, Camille Combal signe \u00e0 nouveau chez NRJ"},"content":{"rendered":"<p>Il y a encore quelques ann\u00e9es, Camille Combal \u00e9tait <strong>un des chroniqueurs phares de Cyril Hanouna<\/strong> dans \u00ab\u00a0Touche pas \u00e0 mon poste\u00a0\u00bb sur D8 puis C8. Ses <strong>parodies de l&rsquo;inspecteur Derrick<\/strong> ou encore ses pastilles intitul\u00e9es Il en pense quoi ton fr\u00e8re\u00a0? ont marqu\u00e9 les esprits. Ainsi, de 2012 \u00e0 2018, <a href=\"https:\/\/www.public.fr\/camille-combal-au-plus-mal-le-dos-fracasse-il-se-retire\" rel=\"nofollow noopener\" target=\"_blank\">le natif de Gap<\/a> a fait <strong>un carton<\/strong> aupr\u00e8s des t\u00e9l\u00e9spectateurs de \u00ab\u00a0Baba\u00a0\u00bb. Toutefois, malgr\u00e9 le succ\u00e8s et l&rsquo;engouement, <a href=\"https:\/\/www.public.fr\/camille-combal-bientot-en-one-man-show-kev-adams-vend-la-meche\" rel=\"nofollow noopener\" target=\"_blank\">le jeune homme<\/a> a voulu <strong>prendre son envol.<\/strong> Une d\u00e9cision qui a boulevers\u00e9 sa vie.<\/p>\n<p>En effet, \u00e0 peine parti de C8, que <a href=\"https:\/\/www.public.fr\/camille-combal-flippe-dans-son-chalet-lanimateur-raconte-son-experience-paranormale\" rel=\"nofollow noopener\" target=\"_blank\">le chroniqueur<\/a> a <strong>enfil\u00e9 un nouveau costume<\/strong>\u00a0: celui d&rsquo;animateur. Et pas des moindres car, en arrivant sur TF1, les dirigeants lui ont confi\u00e9 <strong>un \u00e9norme prime, celui de \u00ab\u00a0Danse avec les stars\u00a0\u00bb<\/strong> aux c\u00f4t\u00e9s de Karine Ferri. C&rsquo;\u00e9tait en 2018. Sept ans apr\u00e8s, <a href=\"https:\/\/www.public.fr\/lady-gaga-et-camille-combal-cest-officiel\" rel=\"nofollow noopener\" target=\"_blank\">ce dernier<\/a> tient toujours les r\u00eanes du c\u00e9l\u00e8bre concours de danse. D&rsquo;ailleurs, c&rsquo;est lui qui est <strong>\u00e9galement en charge de \u00ab\u00a0Mask Singer\u00a0\u00bb depuis 2019<\/strong>. La <a href=\"https:\/\/www.public.fr\/mask-singer-la-saison-7-nest-pas-finie-mais-les-tournages-de-la-saison-8-demarrent-deja\" rel=\"nofollow noopener\" target=\"_blank\">finale de la saison 7 <\/a>sera diffus\u00e9e ce 27\u00a0juin.<\/p>\n<p>Et ce n&rsquo;est pas tout\u00a0! <a href=\"https:\/\/www.public.fr\/camille-combal-les-medecins-sont-categoriques-lanimateur-oblige-de-subir-une-greffe\" rel=\"nofollow noopener\" target=\"_blank\">Le jeune p\u00e8re de famille <\/a>pr\u00e9sente aussi de fa\u00e7on p\u00e9riodique \u00ab\u00a0Qui veut gagner des millions\u00a0?\u00a0\u00bb, \u00ab\u00a0Une famille en Or\u00a0\u00bb ou encore \u00ab\u00a0Camille &amp; images\u00a0\u00bb. Qui plus est, comme si sa vie n&rsquo;\u00e9tait pas suffisamment charg\u00e9e, Camille Combal <strong>officie \u00e9galement \u00e0 la radio<\/strong>. Et pour la rentr\u00e9e prochaine, <strong>c&rsquo;est fait\u00a0! <\/strong><a href=\"https:\/\/www.public.fr\/camille-combal-le-message-tres-inquietant-publie-par-marie-sa-compagne-jeune-maman\" rel=\"nofollow noopener\" target=\"_blank\">Le compagnon de Marie Treille Stefani<\/a> sera bien <strong>de retour sur NRJ<\/strong> pour le plus grand bonheur des auditeurs.<\/p>\n<p>Camille Combal\u00a0: apr\u00e8s les vacances, il r\u00e9cup\u00e8re les fins d&rsquo;apr\u00e8s-midi sur NRJ<\/p>\n<p>Il est <strong>pass\u00e9 par Fun Radio, NRJ, Virgin Radio, Europe 1 <\/strong>avant d&rsquo;animer la <strong>matinale de Virgin Radio de 2014 \u00e0 2020<\/strong>. Apr\u00e8s une petite pause, c&rsquo;est finalement sur NRJ que Camille Combal a fait son retour. En revanche, <strong>finis les r\u00e9veils qui sonnent trop t\u00f4t<\/strong>. D\u00e9sormais, <a href=\"https:\/\/www.google.com\/url?sa=t&amp;source=web&amp;rct=j&amp;opi=89978449&amp;url=https:\/\/vsd.fr\/59700-camille-combal-a-t-il-flingue-la-suite-de-danse-avec-les-stars\/&amp;ved=2ahUKEwjshvCElI-OAxX0LPsDHf_bLSAQFnoECBoQAQ&amp;usg=AOvVaw3eshejTYl787X-7pnyFSEH\" rel=\"nofollow noopener\" target=\"_blank\">l&rsquo;ex complice de Cyril Hanouna<\/a> officie sur l&rsquo;antenne de 16\u00a0heures \u00e0 19\u00a0heures. Ce 26\u00a0juin, lui et son \u00e9quipe accueilleront en studio <strong>J\u00e9r\u00f4me Commandeur et les Magic System<\/strong>. <\/p>\n<p>\u00c9videmment, comme nous sommes <strong>en plein <a href=\"https:\/\/www.google.com\/url?sa=t&amp;source=web&amp;rct=j&amp;opi=89978449&amp;url=https:\/\/vsd.fr\/82901-lea-salame-deja-menacee-anne-sophie-lapix-la-met-en-garde-avant-meme-de-lui-laisser-son-poste\/&amp;ved=2ahUKEwjPmLqQlI-OAxUFTaQEHSNLB_cQFnoECBQQAQ&amp;usg=AOvVaw26nB2hIkPasEY76HvV-g_2\" rel=\"nofollow noopener\" target=\"_blank\">mercato TV<\/a>\/Radio<\/strong>, que certains partent et d&rsquo;autres arrivent, une question se pose\u00a0: <strong>Camille Combal sera-t-il de retour sur NRJ<\/strong> \u00e0 la rentr\u00e9e\u00a0? Et bien oui selon les informations de nos confr\u00e8res de Voici\u00a0qui pr\u00e9cisent que TF1 aurait pr\u00e9f\u00e9r\u00e9 qu&rsquo;il arr\u00eate de pr\u00e9senter ce rendez-vous ! Mais ses patrons auraient tort de se priver des services du<a href=\"https:\/\/www.google.com\/url?sa=t&amp;source=web&amp;rct=j&amp;opi=89978449&amp;url=https:\/\/vsd.fr\/60812-cest-deja-arrive-par-le-passe-camille-combal-brise-le-silence-sur-le-conflit-opposant-ines-reg-et-natasha-st-pier\/&amp;ved=2ahUKEwiT67u1lI-OAxUGR6QEHbVoH70QFnoECBoQAQ&amp;usg=AOvVaw279RsCHpxIWZzhe9pHUTtM\" rel=\"nofollow noopener\" target=\"_blank\"> joli brun<\/a> car il cartonne. En janvier dernier, la station annon\u00e7ait que le programme \u00e9tait<strong> le premier show de France <\/strong>sur les moins de 65 ans avec<strong> plus de 3,9\u00a0millions d&rsquo;auditeurs<\/strong> <strong>en moyenne <\/strong>chaque jour. Tout cela, sans compter le tr\u00e8s bon score des podcasts.<\/p>\n<p>      Mentionn\u00e9s dans cet article<\/p>\n<p>\u00c0 lire aussi<\/p>\n","protected":false},"excerpt":{"rendered":"Il y a encore quelques ann\u00e9es, Camille Combal \u00e9tait un des chroniqueurs phares de Cyril Hanouna dans \u00ab\u00a0Touche&hellip;\n","protected":false},"author":2,"featured_media":206154,"comment_status":"","ping_status":"","sticky":false,"template":"","format":"standard","meta":{"footnotes":""},"categories":[1359],"tags":[16788,5586,193,3108,194,58,59,1011,27,5983,9104,973,1825,199],"class_list":{"0":"post-206153","1":"post","2":"type-post","3":"status-publish","4":"format-standard","5":"has-post-thumbnail","7":"category-people","8":"tag-animateur-de-radio","9":"tag-animateur-de-television","10":"tag-camille-combal","11":"tag-contrat","12":"tag-danse-avec-les-stars","13":"tag-divertissement","14":"tag-entertainment","15":"tag-fr","16":"tag-france","17":"tag-mask-singer","18":"tag-nrj","19":"tag-people","20":"tag-radio","21":"tag-tf1"},"share_on_mastodon":{"url":"https:\/\/pubeurope.com\/@fr\/114750475776402817","error":""},"_links":{"self":[{"href":"https:\/\/www.europesays.com\/fr\/wp-json\/wp\/v2\/posts\/206153","targetHints":{"allow":["GET"]}}],"collection":[{"href":"https:\/\/www.europesays.com\/fr\/wp-json\/wp\/v2\/posts"}],"about":[{"href":"https:\/\/www.europesays.com\/fr\/wp-json\/wp\/v2\/types\/post"}],"author":[{"embeddable":true,"href":"https:\/\/www.europesays.com\/fr\/wp-json\/wp\/v2\/users\/2"}],"replies":[{"embeddable":true,"href":"https:\/\/www.europesays.com\/fr\/wp-json\/wp\/v2\/comments?post=206153"}],"version-history":[{"count":0,"href":"https:\/\/www.europesays.com\/fr\/wp-json\/wp\/v2\/posts\/206153\/revisions"}],"wp:featuredmedia":[{"embeddable":true,"href":"https:\/\/www.europesays.com\/fr\/wp-json\/wp\/v2\/media\/206154"}],"wp:attachment":[{"href":"https:\/\/www.europesays.com\/fr\/wp-json\/wp\/v2\/media?parent=206153"}],"wp:term":[{"taxonomy":"category","embeddable":true,"href":"https:\/\/www.europesays.com\/fr\/wp-json\/wp\/v2\/categories?post=206153"},{"taxonomy":"post_tag","embeddable":true,"href":"https:\/\/www.europesays.com\/fr\/wp-json\/wp\/v2\/tags?post=206153"}],"curies":[{"name":"wp","href":"https:\/\/api.w.org\/{rel}","templated":true}]}}