{"id":206155,"date":"2025-06-26T15:54:16","date_gmt":"2025-06-26T15:54:16","guid":{"rendered":"https:\/\/www.europesays.com\/fr\/206155\/"},"modified":"2025-06-26T15:54:16","modified_gmt":"2025-06-26T15:54:16","slug":"un-musee-dedie-a-hector-guimard-maitre-de-lart-nouveau-ouvrira-a-paris","status":"publish","type":"post","link":"https:\/\/www.europesays.com\/fr\/206155\/","title":{"rendered":"Un mus\u00e9e d\u00e9di\u00e9 \u00e0 Hector Guimard, ma\u00eetre de l\u2019Art nouveau, ouvrira \u00e0 Paris"},"content":{"rendered":"<p class=\"editor-content__paragraph\">Le projet se concr\u00e9tise enfin\u00a0! Le tr\u00e8s attendu <strong>mus\u00e9e Guimard<\/strong>, consacr\u00e9 au c\u00e9l\u00e8bre architecte et designer visionnaire <a href=\"https:\/\/www.beauxarts.com\/grand-format\/hector-guimard-en-2-minutes\/\" target=\"_blank\" rel=\"noopener\">Hector Guimard<\/a> (1867\u20131942), devrait ouvrir <strong>fin 2027\u00a0ou d\u00e9but 2028<\/strong> dans un b\u00e2timent parisien de sa cr\u00e9ation\u00a0:<strong> l\u2019h\u00f4tel Mezzara<\/strong>. De quoi mettre en valeur comme il se doit ce <strong>repr\u00e9sentant majeur de l\u2019<a href=\"https:\/\/www.beauxarts.com\/grand-format\/lart-nouveau-en-3-minutes\/\" target=\"_blank\" rel=\"noopener\">Art nouveau<\/a><\/strong>, cr\u00e9ateur des mythiques entr\u00e9es du m\u00e9tro parisien que les touristes du monde entier admirent encore pour leurs marquises, leurs ferronneries vertes et leurs lampadaires aux lignes v\u00e9g\u00e9tales.<\/p>\n<p class=\"editor-content__paragraph\">Depuis plusieurs ann\u00e9es, deux hommes se d\u00e9m\u00e8nent pour qu\u2019un tel mus\u00e9e voie le jour\u00a0: Fabien Chon\u00e9, pr\u00e9sident d\u2019Hector Guimard Diffusion (fond\u00e9e en 2019), et Nicolas Horiot, \u00e0 la t\u00eate de l\u2019association Le Cercle Guimard (cr\u00e9\u00e9e en 2003). Avec l\u2019aide de ce dernier, Fabien Chon\u00e9 a ainsi acquis une <strong>centaine de pi\u00e8ces d\u2019exception<\/strong> sign\u00e9es Hector Guimard <strong>dans l\u2019espoir de les exposer un jour\u00a0<\/strong>\u2013 comme un pr\u00e9cieux <strong>vase en cristal<\/strong> au d\u00e9cor torsad\u00e9 grav\u00e9 \u00e0 l\u2019acide dat\u00e9 de 1903, des meubles, <strong> des c\u00e9ramiques, des garde-corps<\/strong> en fonte, ou encore l\u2019une des embl\u00e9matiques verrines lumineuses orange con\u00e7ues pour les entr\u00e9es du m\u00e9tro parisien.<\/p>\n<p>        \u00c0 lire aussi :<br \/>\n        <a class=\"renvoi-explicite__link\" href=\"https:\/\/www.beauxarts.com\/grand-format\/hector-guimard-en-2-minutes\/\" target=\"_blank\" rel=\"noopener\">Hector Guimard en 2 minutes<\/a><\/p>\n<p>Un b\u00e2timent embl\u00e9matique de l\u2019architecte<\/p>\n<p>    <img loading=\"lazy\" decoding=\"async\" class=\"image__img\" src=\"https:\/\/www.europesays.com\/fr\/wp-content\/uploads\/2025\/06\/webbal_4961348-964x1369.jpg\" alt=\"La verri\u00e8re de l\u2019h\u00f4tel Mezzara vue depuis l\u2019escalier\" width=\"964\" height=\"1369\"\/><\/p>\n<p>La verri\u00e8re de l\u2019h\u00f4tel Mezzara vue depuis l\u2019escalier<\/p>\n<p>    i<\/p>\n<p class=\"legende__cartel\">\u00a9 Jean Bernard. All rights reserved 2025 \/ Bridgeman Images<\/p>\n<p class=\"editor-content__paragraph\">Class\u00e9 monument historique, le b\u00e2timent choisi fut <strong>construit en 1910\u00a0par Hector Guimard<\/strong> au 60\u00a0rue Jean-de-la-Fontaine, dans le tr\u00e8s chic 16e arrondissement de Paris, o\u00f9 se situent de nombreux \u00e9difices Art nouveau, <strong>pour son ami Paul Mezzara<\/strong>, riche industriel textile d\u2019origine v\u00e9nitienne. Annexe du lyc\u00e9e Jean-Zay qui en accueillait les pensionnaires depuis 1954, cet h\u00f4tel particulier avait finalement \u00e9t\u00e9<strong> abandonn\u00e9 il y a dix ans<\/strong>, et avait failli \u00eatre vendu pour sept millions d\u2019euros. Mais l\u2019\u00c9tat, qui en est le propri\u00e9taire, a finalement d\u00e9cid\u00e9, au terme d\u2019une consultation lanc\u00e9e il y a quatre mois, de signer <strong>un bail de 50\u00a0ans avec la Fonci\u00e8re Mezzara<\/strong>, constitu\u00e9e par la soci\u00e9t\u00e9 de conseils et d\u2019investissements Fabelsi, pr\u00e9sid\u00e9e par Fabien Chon\u00e9.<\/p>\n<p class=\"editor-content__paragraph\">En \u00e9change, cette derni\u00e8re devra <strong>valoriser le b\u00e2timent<\/strong>, en prenant en charge la totalit\u00e9 des<strong> travaux de restauration<\/strong> de l\u2019\u00e9difice. \u00c9valu\u00e9s \u00e0 six millions d\u2019euros, ces derniers, qui devraient d\u00e9buter fin 2026, seront r\u00e9alis\u00e9s \u00ab\u00a0<strong>avec le concours de sp\u00e9cialistes de l\u2019Art nouveau<\/strong>, d\u2019artisans d\u2019art, de restaurateurs et de l\u2019architecte des monuments historiques et des services du patrimoine de l\u2019\u00c9tat\u00a0\u00bb.<\/p>\n<p class=\"editor-content__paragraph\">La soci\u00e9t\u00e9 Fabelsi pourra ensuite exploiter le mus\u00e9e, tout en versant chaque ann\u00e9e \u00e0 l\u2019\u00c9tat <strong>une redevance<\/strong> proportionnelle au chiffre d\u2019affaires de l\u2019\u00e9tablissement. Moyennant un<strong> ticket d\u2019entr\u00e9e \u00e0 15\u00a0ou 20\u00a0euros<\/strong>, les visiteurs pourront d\u00e9couvrir le b\u00e2timent et les collections \u2013 constitu\u00e9es des pi\u00e8ces acquises par Fabien Chon\u00e9, mais aussi de <strong>pr\u00eats de collectionneurs et d\u2019institutions<\/strong> fran\u00e7aises et internationales \u2013, ainsi que profiter du <strong>jardin de 700\u00a0m\u00b2<\/strong>, sur lequel donnera<strong> un caf\u00e9<\/strong>.<\/p>\n<p>Une exp\u00e9rience en VR et des r\u00e9\u00e9ditions d\u2019\u0153uvres\u00a0de Guimard<\/p>\n<p class=\"editor-content__paragraph\">\u00ab\u00a0Ce nouveau mus\u00e9e participera au rayonnement de Paris comme<strong> capitale de l\u2019Art nouveau<\/strong>, aux c\u00f4t\u00e9s de Bruxelles et Barcelone\u00a0\u00bb, pr\u00e9cise un communiqu\u00e9. \u00ab\u00a0Nous r\u00e9parons une injustice\u00a0\u00bb, s\u2019est r\u00e9joui Nicolas Horiot. En outre, le lieu proposera au public une <strong>exp\u00e9rience immersive en r\u00e9alit\u00e9 virtuelle<\/strong>, qui permettra de se plonger <strong>dans l\u2019ambiance de la salle de concerts Humbert de Romans<\/strong> construite par Guimard en 1901, et la possibilit\u00e9 d\u2019acqu\u00e9rir des r\u00e9\u00e9ditions d\u2019\u0153uvres de l\u2019architecte r\u00e9alis\u00e9es par des artisans sp\u00e9cialis\u00e9s. Une id\u00e9e ing\u00e9nieuse qui devrait \u00e0 la fois contenter les passionn\u00e9s et aider le mus\u00e9e \u00e0 rentrer dans ses frais.<\/p>\n<p>        \u00c0 lire aussi :<br \/>\n        <a class=\"renvoi-explicite__link\" href=\"https:\/\/www.beauxarts.com\/grand-format\/a-barcelone-la-casa-batllo-joyau-de-gaudi-devoile-une-restauration-spectaculaire\/\" target=\"_blank\" rel=\"noopener\">\u00c0 Barcelone, la Casa Batll\u00f3, joyau de Gaud\u00ed, d\u00e9voile une restauration spectaculaire<\/a><\/p>\n","protected":false},"excerpt":{"rendered":"Le projet se concr\u00e9tise enfin\u00a0! Le tr\u00e8s attendu mus\u00e9e Guimard, consacr\u00e9 au c\u00e9l\u00e8bre architecte et designer visionnaire Hector&hellip;\n","protected":false},"author":2,"featured_media":206156,"comment_status":"","ping_status":"","sticky":false,"template":"","format":"standard","meta":{"footnotes":""},"categories":[1358],"tags":[1350,12870,1348,1384,1385,1386,58,59,1011,27,7107],"class_list":{"0":"post-206155","1":"post","2":"type-post","3":"status-publish","4":"format-standard","5":"has-post-thumbnail","7":"category-arts-et-design","8":"tag-architecture","9":"tag-art-moderne","10":"tag-arts","11":"tag-arts-and-design","12":"tag-arts-et-design","13":"tag-design","14":"tag-divertissement","15":"tag-entertainment","16":"tag-fr","17":"tag-france","18":"tag-musees"},"share_on_mastodon":{"url":"https:\/\/pubeurope.com\/@fr\/114750479737570596","error":""},"_links":{"self":[{"href":"https:\/\/www.europesays.com\/fr\/wp-json\/wp\/v2\/posts\/206155","targetHints":{"allow":["GET"]}}],"collection":[{"href":"https:\/\/www.europesays.com\/fr\/wp-json\/wp\/v2\/posts"}],"about":[{"href":"https:\/\/www.europesays.com\/fr\/wp-json\/wp\/v2\/types\/post"}],"author":[{"embeddable":true,"href":"https:\/\/www.europesays.com\/fr\/wp-json\/wp\/v2\/users\/2"}],"replies":[{"embeddable":true,"href":"https:\/\/www.europesays.com\/fr\/wp-json\/wp\/v2\/comments?post=206155"}],"version-history":[{"count":0,"href":"https:\/\/www.europesays.com\/fr\/wp-json\/wp\/v2\/posts\/206155\/revisions"}],"wp:featuredmedia":[{"embeddable":true,"href":"https:\/\/www.europesays.com\/fr\/wp-json\/wp\/v2\/media\/206156"}],"wp:attachment":[{"href":"https:\/\/www.europesays.com\/fr\/wp-json\/wp\/v2\/media?parent=206155"}],"wp:term":[{"taxonomy":"category","embeddable":true,"href":"https:\/\/www.europesays.com\/fr\/wp-json\/wp\/v2\/categories?post=206155"},{"taxonomy":"post_tag","embeddable":true,"href":"https:\/\/www.europesays.com\/fr\/wp-json\/wp\/v2\/tags?post=206155"}],"curies":[{"name":"wp","href":"https:\/\/api.w.org\/{rel}","templated":true}]}}