{"id":206157,"date":"2025-06-26T15:55:20","date_gmt":"2025-06-26T15:55:20","guid":{"rendered":"https:\/\/www.europesays.com\/fr\/206157\/"},"modified":"2025-06-26T15:55:20","modified_gmt":"2025-06-26T15:55:20","slug":"un-week-end-litteraire-en-plein-coeur-de-paris-avec-le-salon-du-livre-saint-germain-des-pres","status":"publish","type":"post","link":"https:\/\/www.europesays.com\/fr\/206157\/","title":{"rendered":"Un week-end litt\u00e9raire en plein c\u0153ur de Paris avec le Salon du livre Saint-Germain-des-Pr\u00e9s"},"content":{"rendered":"<p>Les 28 et 29 juin 2025, Saint-Germain-des-Pr\u00e9s se transforme en haut lieu de la litt\u00e9rature vivante. Et c\u2019est gratuit !<\/p>\n<p>Apr\u00e8s une premi\u00e8re \u00e9dition couronn\u00e9e de succ\u00e8s, le Salon du livre Saint-Germain-des-Pr\u00e9s revient pour un deuxi\u00e8me chapitre prometteur. Pendant deux jours, la mythique place du 6\u1d49 arrondissement accueillera plus de <b>70 auteurs et autrices<\/b>, de tous horizons, venus \u00e0 la rencontre du public. Un \u00e9v\u00e9nement litt\u00e9raire mais aussi populaire, pens\u00e9 comme un moment de partage avant les vacances.<\/p>\n<p>Parmi les personnalit\u00e9s attendues : <a href=\"https:\/\/www.programme-tv.net\/biographie\/87121-foenkinos-david\/\" data-link-people=\"6c2370ea-e198-477a-8c69-7c3a7daec9bc\" target=\"_blank\" rel=\"noopener\"><b>David Foenkinos<\/b><\/a>, <a href=\"https:\/\/www.programme-tv.net\/biographie\/10427-drucker-marie\/\" data-link-people=\"7d3b14f8-7fb6-4fec-9171-d1404e07e14e\" target=\"_blank\" rel=\"noopener\"><b>Marie Drucker<\/b><\/a>, <a href=\"https:\/\/www.programme-tv.net\/biographie\/443-trierweiler-valerie\/\" data-link-people=\"cf3da07e-1c24-4c98-b419-8785bcfa9cf3\" target=\"_blank\" rel=\"noopener\"><b>Val\u00e9rie Trierweiler<\/b><\/a>, <a href=\"https:\/\/www.programme-tv.net\/biographie\/53305-werber-bernard\/\" data-link-people=\"dc05a951-89db-47a2-9086-28bd8e6c5f9d\" target=\"_blank\" rel=\"noopener\"><b>Bernard Werber<\/b><\/a>, <b>Camille Laurens<\/b>, <a href=\"https:\/\/www.programme-tv.net\/biographie\/38244-la-grande-sophie\/\" data-link-people=\"5dccc6ce-9581-4078-8c25-41ec070ce223\" target=\"_blank\" rel=\"noopener\"><b>La Grande Sophie<\/b><\/a>, <b>Kamel Daoud<\/b>, <a href=\"https:\/\/www.programme-tv.net\/biographie\/64253-malzieu-mathias\/\" data-link-people=\"4edb3019-cede-4b42-b490-46f5ce982bfb\" target=\"_blank\" rel=\"noopener\"><b>Mathias Malzieu<\/b><\/a>, <b>Fran\u00e7ois Sureau<\/b>, ou encore <b>Tonino Benacquista<\/b>. Des visages connus des t\u00e9l\u00e9spectateurs, des plumes acclam\u00e9es, et des \u00e9changes passionn\u00e9s au programme !<\/p>\n<p>Des animations originales et gratuites<\/p>\n<p>Trois nouveaut\u00e9s viennent enrichir cette \u00e9dition 2025 :<br \/>&#8211; Un <b>atelier d\u2019\u00e9criture<\/b> anim\u00e9 par la romanci\u00e8re Garance Meillon, samedi \u00e0 l\u2019H\u00f4tel Bel Ami, pour explorer le r\u00f4le des femmes dans la litt\u00e9rature.<br \/>&#8211; Une <b>dict\u00e9e g\u00e9ante<\/b> emmen\u00e9e par <a href=\"https:\/\/www.programme-tv.net\/biographie\/249488-dulery-antoine\/\" data-link-people=\"32bde245-a25f-4b70-8e71-b5261d6825a0\" target=\"_blank\" rel=\"noopener\">Antoine Dul\u00e9ry<\/a>, dimanche dans la cour de l\u2019\u00e9cole Saint-Beno\u00eet. \u00c0 la cl\u00e9 : des stylos Montblanc \u00e0 gagner !<br \/>&#8211; Des <b>grandes rencontres litt\u00e9raires<\/b> \u00e0 l\u2019H\u00f4tel de l\u2019Industrie, pour plonger dans l\u2019univers des auteurs pr\u00e9sents.<\/p>\n<p>Sous la houlette de <b>Carole Fernandez<\/b>, passionn\u00e9e d\u00e9fenseuse de la culture rive gauche, le salon entend rester <b>ouvert \u00e0 tous<\/b> : animations, rencontres, dict\u00e9e et ateliers sont <b>100 % gratuits<\/b>, sur inscription.<\/p>\n<p> <b>Infos pratiques<\/b><br \/>\ud83d\udccd Salon du livre Saint-Germain-des-Pr\u00e9s \u2013 Des pages avant la plage<br \/>\ud83d\udcc6 Samedi 28 juin de 10h \u00e0 18h30 &amp; Dimanche 29 juin de 10h \u00e0 19h<br \/>\ud83d\udccc Place Saint-Germain-des-Pr\u00e9s, Paris 6\u1d49<br \/>\ud83c\udf9f\ufe0f Entr\u00e9e libre \u2013 Programme et inscriptions : <a href=\"https:\/\/www.salondulivredesaintgermaindespres.fr\/\" target=\"_new\" rel=\"noopener\">salondulivredesaintgermaindespres.fr<\/a><\/p>\n","protected":false},"excerpt":{"rendered":"Les 28 et 29 juin 2025, Saint-Germain-des-Pr\u00e9s se transforme en haut lieu de la litt\u00e9rature vivante. Et c\u2019est&hellip;\n","protected":false},"author":2,"featured_media":206158,"comment_status":"","ping_status":"","sticky":false,"template":"","format":"standard","meta":{"footnotes":""},"categories":[1357],"tags":[1379,244,58,59,1011,27,2624,1380,626],"class_list":{"0":"post-206157","1":"post","2":"type-post","3":"status-publish","4":"format-standard","5":"has-post-thumbnail","7":"category-livres","8":"tag-books","9":"tag-commentaire","10":"tag-divertissement","11":"tag-entertainment","12":"tag-fr","13":"tag-france","14":"tag-littu00e9rature","15":"tag-livres","16":"tag-paris"},"share_on_mastodon":{"url":"https:\/\/pubeurope.com\/@fr\/114750483621879973","error":""},"_links":{"self":[{"href":"https:\/\/www.europesays.com\/fr\/wp-json\/wp\/v2\/posts\/206157","targetHints":{"allow":["GET"]}}],"collection":[{"href":"https:\/\/www.europesays.com\/fr\/wp-json\/wp\/v2\/posts"}],"about":[{"href":"https:\/\/www.europesays.com\/fr\/wp-json\/wp\/v2\/types\/post"}],"author":[{"embeddable":true,"href":"https:\/\/www.europesays.com\/fr\/wp-json\/wp\/v2\/users\/2"}],"replies":[{"embeddable":true,"href":"https:\/\/www.europesays.com\/fr\/wp-json\/wp\/v2\/comments?post=206157"}],"version-history":[{"count":0,"href":"https:\/\/www.europesays.com\/fr\/wp-json\/wp\/v2\/posts\/206157\/revisions"}],"wp:featuredmedia":[{"embeddable":true,"href":"https:\/\/www.europesays.com\/fr\/wp-json\/wp\/v2\/media\/206158"}],"wp:attachment":[{"href":"https:\/\/www.europesays.com\/fr\/wp-json\/wp\/v2\/media?parent=206157"}],"wp:term":[{"taxonomy":"category","embeddable":true,"href":"https:\/\/www.europesays.com\/fr\/wp-json\/wp\/v2\/categories?post=206157"},{"taxonomy":"post_tag","embeddable":true,"href":"https:\/\/www.europesays.com\/fr\/wp-json\/wp\/v2\/tags?post=206157"}],"curies":[{"name":"wp","href":"https:\/\/api.w.org\/{rel}","templated":true}]}}