{"id":206165,"date":"2025-06-26T15:59:11","date_gmt":"2025-06-26T15:59:11","guid":{"rendered":"https:\/\/www.europesays.com\/fr\/206165\/"},"modified":"2025-06-26T15:59:11","modified_gmt":"2025-06-26T15:59:11","slug":"deux-periodes-critiques-dans-notre-vie-decouvrez-comment-votre-corps-accelere-mysterieusement-le-vieillissement-selon-cette-nouvelle-etude-scientifique-revolutionnaire","status":"publish","type":"post","link":"https:\/\/www.europesays.com\/fr\/206165\/","title":{"rendered":"Deux p\u00e9riodes critiques dans notre vie : d\u00e9couvrez comment votre corps acc\u00e9l\u00e8re myst\u00e9rieusement le vieillissement selon cette nouvelle \u00e9tude scientifique r\u00e9volutionnaire"},"content":{"rendered":"<tr>\n<td><strong>EN BREF<\/strong><\/td>\n<\/tr>\n<tr>\n<td>\n<ul>\n<li>\ud83d\udd2c Les chercheurs ont identifi\u00e9 <strong>deux p\u00e9riodes critiques<\/strong> de vieillissement acc\u00e9l\u00e9r\u00e9, \u00e0 44 et 60 ans.<\/li>\n<li>\ud83d\udcca L\u2019\u00e9tude a analys\u00e9 plus de <strong>246 milliards de points de donn\u00e9es<\/strong> provenant de 108 adultes suivis sur plusieurs ann\u00e9es.<\/li>\n<li>\ud83e\uddec Les changements mol\u00e9culaires affectent le m\u00e9tabolisme, les maladies cardiovasculaires, et la fonction r\u00e9nale, entre autres.<\/li>\n<li>\ud83d\udcc8 Comprendre ces transformations pourrait am\u00e9liorer la <strong>pr\u00e9vention des maladies li\u00e9es \u00e0 l\u2019\u00e2ge<\/strong> et orienter la recherche future.<\/li>\n<\/ul>\n<\/td>\n<\/tr>\n<p>Vieillir est un processus complexe qui ne se d\u00e9roule pas toujours de mani\u00e8re progressive. Des recherches r\u00e9centes ont r\u00e9v\u00e9l\u00e9 que le vieillissement humain pourrait comporter deux acc\u00e9l\u00e9rations significatives au cours de la vie. Ces d\u00e9couvertes, issues d\u2019une \u00e9tude men\u00e9e par le g\u00e9n\u00e9ticien Michael Snyder et ses coll\u00e8gues de l\u2019Universit\u00e9 de Stanford, mettent en lumi\u00e8re des changements mol\u00e9culaires importants survenant \u00e0 des \u00e2ges sp\u00e9cifiques. Ces phases critiques, identifi\u00e9es en moyenne \u00e0 44 et 60 ans, pourraient expliquer pourquoi certaines maladies deviennent plus fr\u00e9quentes \u00e0 ces \u00e2ges. L\u2019exploration de ces transformations ouvre la voie \u00e0 une meilleure compr\u00e9hension et potentiellement \u00e0 de nouvelles approches pour att\u00e9nuer les risques de maladies associ\u00e9es \u00e0 l\u2019\u00e2ge.<\/p>\n<p>Les \u00e2ges critiques du vieillissement humain<\/p>\n<p>Selon l\u2019\u00e9tude, les \u00e2ges de 44 et 60 ans marquent des p\u00e9riodes de changements spectaculaires dans le corps humain. Ces moments de transition sont caract\u00e9ris\u00e9s par des modifications dans l\u2019abondance de diverses mol\u00e9cules. <strong>\u00c0 44 ans, les changements concernent particuli\u00e8rement le m\u00e9tabolisme des lipides, de la caf\u00e9ine et de l\u2019alcool<\/strong>, ainsi que des dysfonctionnements li\u00e9s aux maladies cardiovasculaires, \u00e0 la peau et aux muscles. Le pic suivant, \u00e0 60 ans, voit des transformations dans le m\u00e9tabolisme des glucides et de la caf\u00e9ine, ainsi que des alt\u00e9rations de la fonction r\u00e9nale et de la r\u00e9gulation immunitaire. Ces constatations, qui concernent une majorit\u00e9 des mol\u00e9cules \u00e9tudi\u00e9es, soulignent l\u2019importance de ces \u00e2ges dans le processus de vieillissement.<\/p>\n<blockquote class=\"wp-embedded-content\" data-secret=\"awnKR8edD6\">\n<p><a href=\"https:\/\/www.innovant.fr\/2025\/05\/26\/ce-test-ultrarapide-bouleverse-la-pediatrie-les-maladies-genetiques-rares-identifiees-en-quelques-heures-seulement\/\" rel=\"nofollow noopener\" target=\"_blank\">Ce test ultrarapide bouleverse la p\u00e9diatrie : les maladies g\u00e9n\u00e9tiques rares identifi\u00e9es en quelques heures seulement<\/a><\/p>\n<\/blockquote>\n<p>Les biomarqueurs du vieillissement<\/p>\n<p>Pour comprendre ces acc\u00e9l\u00e9rations, les chercheurs ont suivi un groupe de 108 adultes, collectant r\u00e9guli\u00e8rement des \u00e9chantillons biologiques sur plusieurs ann\u00e9es. Ce suivi intensif a permis de recueillir plus de 246 milliards de points de donn\u00e9es, r\u00e9v\u00e9lant des motifs de changement. Les biomol\u00e9cules \u00e9tudi\u00e9es comprenaient l\u2019ARN, les prot\u00e9ines, les lipides et divers microbiomes, tels que ceux de la peau et de l\u2019intestin. L\u2019analyse a montr\u00e9 qu\u2019environ 81 % des mol\u00e9cules subissaient des changements pendant les p\u00e9riodes identifi\u00e9es. Les r\u00e9sultats de cette recherche offrent un aper\u00e7u fascinant des m\u00e9canismes internes du vieillissement, sugg\u00e9rant que ces biomarqueurs pourraient \u00eatre des indicateurs cl\u00e9s pour le diagnostic pr\u00e9coce des maladies li\u00e9es \u00e0 l\u2019\u00e2ge.<\/p>\n<blockquote class=\"wp-embedded-content\" data-secret=\"o5lKm0RBp9\">\n<p><a href=\"https:\/\/www.innovant.fr\/2025\/06\/06\/nous-pouvons-suspendre-la-mort-cellulaire-cette-decouverte-bouleverse-nos-certitudes-sur-le-vieillissement-et-les-voyages-spatiaux\/\" rel=\"nofollow noopener\" target=\"_blank\">\u00ab Nous pouvons suspendre la mort cellulaire \u00bb : cette d\u00e9couverte bouleverse nos certitudes sur le vieillissement et les voyages spatiaux<\/a><\/p>\n<\/blockquote>\n<p>Impact des changements mol\u00e9culaires sur la sant\u00e9<\/p>\n<p>Les r\u00e9sultats de l\u2019\u00e9tude ont des implications significatives pour la sant\u00e9 humaine. Les chercheurs ont observ\u00e9 que le risque de certaines maladies, telles que la maladie d\u2019Alzheimer et les maladies cardiovasculaires, augmente consid\u00e9rablement apr\u00e8s un certain \u00e2ge plut\u00f4t que progressivement. <strong>Comprendre les changements mol\u00e9culaires \u00e0 des \u00e2ges critiques pourrait conduire \u00e0 des strat\u00e9gies de pr\u00e9vention plus efficaces<\/strong>. Bien que la m\u00e9nopause ou la p\u00e9rim\u00e9nopause puissent jouer un r\u00f4le dans les changements observ\u00e9s chez les femmes autour de 44 ans, les chercheurs ont not\u00e9 que des facteurs plus significatifs sont probablement en jeu, touchant \u00e9galement les hommes. Cela souligne l\u2019importance de poursuivre les recherches pour identifier ces facteurs et d\u00e9velopper des interventions cibl\u00e9es.<\/p>\n<p><img loading=\"lazy\" width=\"642\" height=\"500\" decoding=\"async\" src=\"data:image\/svg+xml,%3Csvg%20xmlns=\" http:=\"\" alt=\"Un homme plus \u00e2g\u00e9 accroupi, bras tendus, dans un parc\" data-lazy-src=\"https:\/\/www.europesays.com\/fr\/wp-content\/uploads\/2025\/06\/deux-periodes-critiques-de-la-vie-decouvrez-comment-votre-corps-accelere-mysterieusement-le-vieillis.jpeg\"\/><\/p>\n<blockquote class=\"wp-embedded-content\" data-secret=\"yMsUaq6KF7\">\n<p><a href=\"https:\/\/www.innovant.fr\/2025\/03\/13\/10-000-influenceurs-boostent-leur-notoriete-avec-cette-methode-acheter-des-fans-com-simpose-pour-exploser-sur-les-reseaux-sociaux\/\" rel=\"nofollow noopener\" target=\"_blank\">\u00ab\u00a010 000 influenceurs boostent leur notori\u00e9t\u00e9 avec cette m\u00e9thode\u00a0\u00bb : Acheter-des-Fans.com s\u2019impose pour exploser sur les r\u00e9seaux sociaux<\/a><\/p>\n<\/blockquote>\n<p>Perspectives pour la recherche future<\/p>\n<p>Bien que l\u2019\u00e9tude ait fourni des informations pr\u00e9cieuses, elle pr\u00e9sente certaines limitations en raison de la taille relativement petite de l\u2019\u00e9chantillon et de la plage d\u2019\u00e2ges limit\u00e9e des participants. Les chercheurs soulignent la n\u00e9cessit\u00e9 d\u2019\u00e9tudes plus approfondies, impliquant un plus large \u00e9ventail de sujets pour valider leurs conclusions. Explorer ces changements mol\u00e9culaires \u00e0 un niveau plus granulaire pourrait r\u00e9v\u00e9ler des d\u00e9tails cruciaux sur la mani\u00e8re dont le corps humain s\u2019adapte au fil du temps. Cela pourrait \u00e9galement ouvrir la voie \u00e0 de nouvelles approches th\u00e9rapeutiques pour ralentir ou m\u00eame inverser certains aspects du vieillissement.<\/p>\n<p><img loading=\"lazy\" width=\"642\" height=\"500\" decoding=\"async\" src=\"data:image\/svg+xml,%3Csvg%20xmlns=\" http:=\"\" alt=\"Visage d'une jeune femme \u00e0 c\u00f4t\u00e9 de celui d'une femme plus \u00e2g\u00e9e, toutes deux souriantes\" data-lazy-src=\"https:\/\/www.europesays.com\/fr\/wp-content\/uploads\/2025\/06\/1750953551_598_deux-periodes-critiques-de-la-vie-decouvrez-comment-votre-corps-accelere-mysterieusement-le-vieillis.jpeg\"\/><\/p>\n<p>Cette \u00e9tude sur les acc\u00e9l\u00e9rations du vieillissement humain offre une nouvelle perspective fascinante sur notre compr\u00e9hension de l\u2019\u00e2ge et de ses effets sur la sant\u00e9. En identifiant des p\u00e9riodes critiques de changement mol\u00e9culaire, elle soul\u00e8ve des questions importantes sur la mani\u00e8re dont nous pourrions mieux g\u00e9rer le vieillissement et ses cons\u00e9quences. Comment ces d\u00e9couvertes pourraient-elles influencer notre approche des soins de sant\u00e9 pr\u00e9ventifs \u00e0 l\u2019avenir ?<\/p>\n<p>L\u2019auteur s\u2019est appuy\u00e9 sur l\u2019intelligence artificielle pour enrichir cet article.<\/p>\n<p id=\"rating\">\u00c7a vous a plu ?\u00a04.4\/5 (24)<\/p>\n","protected":false},"excerpt":{"rendered":"EN BREF \ud83d\udd2c Les chercheurs ont identifi\u00e9 deux p\u00e9riodes critiques de vieillissement acc\u00e9l\u00e9r\u00e9, \u00e0 44 et 60 ans.&hellip;\n","protected":false},"author":2,"featured_media":206166,"comment_status":"","ping_status":"","sticky":false,"template":"","format":"standard","meta":{"footnotes":""},"categories":[10],"tags":[1011,27,72,71],"class_list":{"0":"post-206165","1":"post","2":"type-post","3":"status-publish","4":"format-standard","5":"has-post-thumbnail","7":"category-sante","8":"tag-fr","9":"tag-france","10":"tag-health","11":"tag-sante"},"share_on_mastodon":{"url":"https:\/\/pubeurope.com\/@fr\/114750499394764360","error":""},"_links":{"self":[{"href":"https:\/\/www.europesays.com\/fr\/wp-json\/wp\/v2\/posts\/206165","targetHints":{"allow":["GET"]}}],"collection":[{"href":"https:\/\/www.europesays.com\/fr\/wp-json\/wp\/v2\/posts"}],"about":[{"href":"https:\/\/www.europesays.com\/fr\/wp-json\/wp\/v2\/types\/post"}],"author":[{"embeddable":true,"href":"https:\/\/www.europesays.com\/fr\/wp-json\/wp\/v2\/users\/2"}],"replies":[{"embeddable":true,"href":"https:\/\/www.europesays.com\/fr\/wp-json\/wp\/v2\/comments?post=206165"}],"version-history":[{"count":0,"href":"https:\/\/www.europesays.com\/fr\/wp-json\/wp\/v2\/posts\/206165\/revisions"}],"wp:featuredmedia":[{"embeddable":true,"href":"https:\/\/www.europesays.com\/fr\/wp-json\/wp\/v2\/media\/206166"}],"wp:attachment":[{"href":"https:\/\/www.europesays.com\/fr\/wp-json\/wp\/v2\/media?parent=206165"}],"wp:term":[{"taxonomy":"category","embeddable":true,"href":"https:\/\/www.europesays.com\/fr\/wp-json\/wp\/v2\/categories?post=206165"},{"taxonomy":"post_tag","embeddable":true,"href":"https:\/\/www.europesays.com\/fr\/wp-json\/wp\/v2\/tags?post=206165"}],"curies":[{"name":"wp","href":"https:\/\/api.w.org\/{rel}","templated":true}]}}