{"id":206183,"date":"2025-06-26T16:08:12","date_gmt":"2025-06-26T16:08:12","guid":{"rendered":"https:\/\/www.europesays.com\/fr\/206183\/"},"modified":"2025-06-26T16:08:12","modified_gmt":"2025-06-26T16:08:12","slug":"saint-etienne-dino-cinieri-prend-acte-du-refus-de-maurice-vincent","status":"publish","type":"post","link":"https:\/\/www.europesays.com\/fr\/206183\/","title":{"rendered":"Saint-\u00c9tienne. Dino Cinieri prend acte du refus de Maurice Vincent"},"content":{"rendered":"<p>En vue des prochaines \u00e9lections municipales 2026, le socialiste Maurice Vincent a \u00e9t\u00e9 approch\u00e9 par le LR Dino Cinieri, qui l\u2019a invit\u00e9 \u00e0 rejoindre son collectif Saint-\u00c9tienne Ensemble 2026.<\/p>\n<p>L\u2019ancien maire socialiste de Saint-\u00c9tienne a refus\u00e9 de rejoindre le large rassemblement de la droite et du centre, initi\u00e9 par le d\u00e9put\u00e9 de la 4e circonscription de la Loire, <a href=\"https:\/\/www.leprogres.fr\/elections\/2025\/06\/26\/municipales-2026-pourquoi-maurice-vincent-dit-non-a-dino-cinieri\" target=\"_blank\" rel=\"noopener\">et a expliqu\u00e9 pourquoi<\/a> dans nos colonnes ce jeudi.<\/p>\n<p>  Dino Cinieri remercie Maurice Vincent \u00ab\u00a0pour leurs \u00e9changes respectueux et constructifs\u00a0\u00bb<\/p>\n<p>La r\u00e9action de l\u2019int\u00e9ress\u00e9 ne s\u2019est pas fait attendre. Dans un communiqu\u00e9 re\u00e7u jeudi \u00e0 la mi-journ\u00e9e, Dino Cinieri indique \u00ab\u00a0avoir pris acte\u00a0\u00bb de la d\u00e9cision de Maurice Vincent, tout en le remerciant pour leurs \u00e9changes \u00ab\u00a0qui ont toujours \u00e9t\u00e9 courtois, respectueux et constructifs\u00a0\u00bb.<\/p>\n<p>Celui qui se veut le rassembleur des forces de la droite et du centre, rappelle que, ce qu\u2019il construit aujourd\u2019hui \u00ab\u00a0n\u2019est pas une campagne pour un parti, ni contre une personne\u2026 Le collectif est une union de comp\u00e9tences et de talents de femmes et d\u2019hommes venus d\u2019horizons diff\u00e9rents, pas une arri\u00e8re-boutique partisane\u00a0\u00bb.<\/p>\n<p>Dino Cinieri explique \u00eatre convaincu que \u00ab\u00a0Saint-\u00c9tienne ne se rel\u00e8vera pas sans dialogue entre les intelligences de droite comme de gauche, sans respect mutuel et sans projet commun\u00a0\u00bb.<\/p>\n<p>C\u2019est pourquoi il assure que la porte demeure ouverte. \u00ab\u00a0La parole de Maurice Vincent a compt\u00e9 dans la r\u00e9flexion que nous menons, pour la relance de Saint-Etienne et la proximit\u00e9 avec ses habitants.\u00a0\u00bb<\/p>\n","protected":false},"excerpt":{"rendered":"En vue des prochaines \u00e9lections municipales 2026, le socialiste Maurice Vincent a \u00e9t\u00e9 approch\u00e9 par le LR Dino&hellip;\n","protected":false},"author":2,"featured_media":206184,"comment_status":"","ping_status":"","sticky":false,"template":"","format":"standard","meta":{"footnotes":""},"categories":[9653],"tags":[1111,11,2430,7539,4188,1777,674,1011,27,6319,12,316,25,4001,7538],"class_list":{"0":"post-206183","1":"post","2":"type-post","3":"status-publish","4":"format-standard","5":"has-post-thumbnail","7":"category-saint-etienne","8":"tag-actu","9":"tag-actualites","10":"tag-auvergne-rhone-alpes","11":"tag-edition-loire-sud","12":"tag-elections-municipales","13":"tag-eu","14":"tag-europe","15":"tag-fr","16":"tag-france","17":"tag-les-republicains","18":"tag-news","19":"tag-politique","20":"tag-republique-francaise","21":"tag-saint-etienne","22":"tag-saint-etienne-ville"},"share_on_mastodon":{"url":"https:\/\/pubeurope.com\/@fr\/114750534719359895","error":""},"_links":{"self":[{"href":"https:\/\/www.europesays.com\/fr\/wp-json\/wp\/v2\/posts\/206183","targetHints":{"allow":["GET"]}}],"collection":[{"href":"https:\/\/www.europesays.com\/fr\/wp-json\/wp\/v2\/posts"}],"about":[{"href":"https:\/\/www.europesays.com\/fr\/wp-json\/wp\/v2\/types\/post"}],"author":[{"embeddable":true,"href":"https:\/\/www.europesays.com\/fr\/wp-json\/wp\/v2\/users\/2"}],"replies":[{"embeddable":true,"href":"https:\/\/www.europesays.com\/fr\/wp-json\/wp\/v2\/comments?post=206183"}],"version-history":[{"count":0,"href":"https:\/\/www.europesays.com\/fr\/wp-json\/wp\/v2\/posts\/206183\/revisions"}],"wp:featuredmedia":[{"embeddable":true,"href":"https:\/\/www.europesays.com\/fr\/wp-json\/wp\/v2\/media\/206184"}],"wp:attachment":[{"href":"https:\/\/www.europesays.com\/fr\/wp-json\/wp\/v2\/media?parent=206183"}],"wp:term":[{"taxonomy":"category","embeddable":true,"href":"https:\/\/www.europesays.com\/fr\/wp-json\/wp\/v2\/categories?post=206183"},{"taxonomy":"post_tag","embeddable":true,"href":"https:\/\/www.europesays.com\/fr\/wp-json\/wp\/v2\/tags?post=206183"}],"curies":[{"name":"wp","href":"https:\/\/api.w.org\/{rel}","templated":true}]}}