{"id":206200,"date":"2025-06-26T16:17:14","date_gmt":"2025-06-26T16:17:14","guid":{"rendered":"https:\/\/www.europesays.com\/fr\/206200\/"},"modified":"2025-06-26T16:17:14","modified_gmt":"2025-06-26T16:17:14","slug":"grenoble-il-agresse-un-camarade-avec-une-arme-peu-commune-les-pompiers-interviennent-en-urgence","status":"publish","type":"post","link":"https:\/\/www.europesays.com\/fr\/206200\/","title":{"rendered":"Grenoble. Il agresse un camarade avec une arme peu commune, les pompiers interviennent en urgence"},"content":{"rendered":"<p>            Par<br \/>\n        <strong><br \/>\n            <a href=\"https:\/\/actu.fr\/auteur\/julien-sournies\" title=\"Consulter tous les articles de Julien Sournies\" rel=\"nofollow noopener\" target=\"_blank\">Julien Sournies<\/a><br \/>\n        <\/strong><\/p>\n<p>        Publi\u00e9 le<\/p>\n<p>            26 juin 2025 \u00e0 17h53        <\/p>\n<p>Les pompiers ont \u00e9t\u00e9 appel\u00e9s d\u2019urgence pour une intervention ce jeudi 26 juin 2025, peu apr\u00e8s 14 heures.<\/p>\n<p class=\" wall-content\">Selon les informations transmises par la Direction interd\u00e9partementale de la police nationale (DIPN), un coll\u00e9gien de 14\u00a0ans a \u00e9t\u00e9 la cible d\u2019une <strong>agression<\/strong> par l\u2019un de ses camarades devant le coll\u00e8ge Charles Munch, \u00e0 <a href=\"https:\/\/actu.fr\/grenoble\/\" rel=\"nofollow noopener\" target=\"_blank\">Grenoble<\/a> (<a href=\"https:\/\/actu.fr\/auvergne-rhone-alpes\/isere_38\" rel=\"nofollow noopener\" target=\"_blank\">Is\u00e8re<\/a>).<\/p>\n<p>Une agression avec un s\u00e9cateur<\/p>\n<p class=\" wall-content\">Toujours d\u2019apr\u00e8s les forces de l\u2019ordre, l\u2019auteur des faits a en effet port\u00e9 un ou plusieurs coups\u2026 de <strong>s\u00e9cateur<\/strong> \u00e0 son camarade. Ce dernier n\u2019a, heureusement, \u00e9t\u00e9 bless\u00e9 que <strong>l\u00e9g\u00e8rement<\/strong>. Il a toutefois d\u00fb \u00eatre pris en charge par les pompiers.<\/p>\n<p>    <a href=\"https:\/\/www.google.com\/maps\/embed?pb=!1m18!1m12!1m3!1d2241.330332546539!2d5.734262475416081!3d45.17394037107074!2m3!1f0!2f0!3f0!3m2!1i1024!2i768!4f13.1!3m3!1m2!1s0x478af4c209657215%3A0xcb96c5a3b86de367!2sColl%C3%A8ge%20Charles%20Munch!5e1!3m2!1sfr!2sfr!4v1750952525679!5m2!1sfr!2sfr\" title=\"Ouvrie le lien\" rel=\"nofollow noopener\" target=\"_blank\">Cliquez ici pour visualiser le contenu<\/a><\/p>\n<p class=\" wall-content\">Quant au fauteur de troubles, ce dernier a dans un premier temps refus\u00e9 d\u2019obtemp\u00e9rer, nous dit-on. Mais il a finalement pu \u00eatre <strong>interpell\u00e9<\/strong>, alors qu\u2019il retournait sur les lieux de l\u2019agression.<\/p>\n<p>Vid\u00e9os : en ce moment sur Actu<\/p>\n<p class=\" wall-content\">Suivez toute l\u2019actualit\u00e9 de vos villes et m\u00e9dias favoris en vous inscrivant \u00e0 <a href=\"https:\/\/moncompte.actu.fr\" title=\"D\u00e9couvez Mon Actu\" rel=\"nofollow noopener\" data-trk=\"{&quot;cta&quot;:{&quot;action&quot;:&quot;https:\\\/\\\/moncompte.actu.fr&quot;,&quot;category&quot;:&quot;mon compte&quot;,&quot;from&quot;:&quot;article footer&quot;,&quot;name&quot;:&quot;Mon actu&quot;,&quot;type&quot;:&quot;cta&quot;}}\" target=\"_blank\">Mon Actu<\/a>.<\/p>\n","protected":false},"excerpt":{"rendered":"Par Julien Sournies Publi\u00e9 le 26 juin 2025 \u00e0 17h53 Les pompiers ont \u00e9t\u00e9 appel\u00e9s d\u2019urgence pour une&hellip;\n","protected":false},"author":2,"featured_media":206201,"comment_status":"","ping_status":"","sticky":false,"template":"","format":"standard","meta":{"footnotes":""},"categories":[9566],"tags":[1111,11,2430,1777,674,118,1011,27,2731,12,1072,1311,25],"class_list":{"0":"post-206200","1":"post","2":"type-post","3":"status-publish","4":"format-standard","5":"has-post-thumbnail","7":"category-grenoble","8":"tag-actu","9":"tag-actualites","10":"tag-auvergne-rhone-alpes","11":"tag-eu","12":"tag-europe","13":"tag-faits-divers","14":"tag-fr","15":"tag-france","16":"tag-grenoble","17":"tag-news","18":"tag-police","19":"tag-pompiers","20":"tag-republique-francaise"},"share_on_mastodon":{"url":"https:\/\/pubeurope.com\/@fr\/114750570097504408","error":""},"_links":{"self":[{"href":"https:\/\/www.europesays.com\/fr\/wp-json\/wp\/v2\/posts\/206200","targetHints":{"allow":["GET"]}}],"collection":[{"href":"https:\/\/www.europesays.com\/fr\/wp-json\/wp\/v2\/posts"}],"about":[{"href":"https:\/\/www.europesays.com\/fr\/wp-json\/wp\/v2\/types\/post"}],"author":[{"embeddable":true,"href":"https:\/\/www.europesays.com\/fr\/wp-json\/wp\/v2\/users\/2"}],"replies":[{"embeddable":true,"href":"https:\/\/www.europesays.com\/fr\/wp-json\/wp\/v2\/comments?post=206200"}],"version-history":[{"count":0,"href":"https:\/\/www.europesays.com\/fr\/wp-json\/wp\/v2\/posts\/206200\/revisions"}],"wp:featuredmedia":[{"embeddable":true,"href":"https:\/\/www.europesays.com\/fr\/wp-json\/wp\/v2\/media\/206201"}],"wp:attachment":[{"href":"https:\/\/www.europesays.com\/fr\/wp-json\/wp\/v2\/media?parent=206200"}],"wp:term":[{"taxonomy":"category","embeddable":true,"href":"https:\/\/www.europesays.com\/fr\/wp-json\/wp\/v2\/categories?post=206200"},{"taxonomy":"post_tag","embeddable":true,"href":"https:\/\/www.europesays.com\/fr\/wp-json\/wp\/v2\/tags?post=206200"}],"curies":[{"name":"wp","href":"https:\/\/api.w.org\/{rel}","templated":true}]}}