{"id":206202,"date":"2025-06-26T16:18:12","date_gmt":"2025-06-26T16:18:12","guid":{"rendered":"https:\/\/www.europesays.com\/fr\/206202\/"},"modified":"2025-06-26T16:18:12","modified_gmt":"2025-06-26T16:18:12","slug":"grenoble-un-pieton-penetre-sur-lautoroute-a41-et-se-fait-percuter-par-une-voiture","status":"publish","type":"post","link":"https:\/\/www.europesays.com\/fr\/206202\/","title":{"rendered":"Grenoble. Un pi\u00e9ton p\u00e9n\u00e8tre sur l&rsquo;autoroute A41 et se fait percuter par une voiture"},"content":{"rendered":"<p>            Par<br \/>\n        <strong><br \/>\n            <a href=\"https:\/\/actu.fr\/auteur\/lisa-rodrigues\" title=\"Consulter tous les articles de Lisa Rodrigues\" rel=\"nofollow noopener\" target=\"_blank\">Lisa Rodrigues<\/a><br \/>\n        <\/strong><\/p>\n<p>        Publi\u00e9 le<\/p>\n<p>            26 juin 2025 \u00e0 17h48        <\/p>\n<p>Les sapeurs-pompiers de l\u2019Is\u00e8re ont re\u00e7u un appel peu apr\u00e8s 15h10, jeudi 26 juin, pour ce qui \u00e9tait au d\u00e9part un <strong>accident entre un pi\u00e9ton et une voiture<\/strong>, sur l\u2019autoroute A41 dans le sens Grenoble-Chamb\u00e9ry, au niveau de <a href=\"https:\/\/actu.fr\/auvergne-rhone-alpes\/meylan_38229\" rel=\"nofollow noopener\" target=\"_blank\">Meylan<\/a> (Is\u00e8re).<\/p>\n<p>    <a href=\"https:\/\/www.google.com\/maps\/embed?pb=!1m18!1m12!1m3!1d44970.198732976176!2d5.745272649778193!3d45.21467209388981!2m3!1f0!2f0!3f0!3m2!1i1024!2i768!4f13.1!3m3!1m2!1s0x478af5bfae72f84d%3A0xadf8bd7bfd1f6687!2sMeylan!5e0!3m2!1sfr!2sfr!4v1750951150499!5m2!1sfr!2sfr\" title=\"Ouvrie le lien\" rel=\"nofollow noopener\" target=\"_blank\">Cliquez ici pour visualiser le contenu<\/a><\/p>\n<p class=\" wall-content\">Arriv\u00e9s sur place, ils trouvent la victime, un homme \u00e2g\u00e9 de 32 ans, dans un \u00e9tat grave.<\/p>\n<p>Une probable tentative de suicide<\/p>\n<p class=\" wall-content\">Class\u00e9 en <strong>urgence absolue<\/strong>, l\u2019homme est rapidement \u00e9vacu\u00e9 vers le <a href=\"https:\/\/actu.fr\/tag\/chu-grenoble-alpes\" rel=\"nofollow noopener\" target=\"_blank\">CHU Grenoble-Alpes<\/a> au service d\u00e9chocage, sans que son pronostic vital soit engag\u00e9. La conductrice de la voiture l\u2019ayant percut\u00e9 n\u2019a pas n\u00e9cessit\u00e9 de prise en charge m\u00e9dicale.<\/p>\n<p class=\" wall-content\">D\u2019apr\u00e8s la Direction interd\u00e9partementale de la police nationale et plusieurs t\u00e9moins de la sc\u00e8ne, la victime aurait escalad\u00e9 le grillage de l\u2019autoroute et se serait <strong>volontairement jet\u00e9e sous les roues de la voiture<\/strong>.<\/p>\n<p class=\" wall-content\">Il s\u2019agirait donc d\u2019une tentative de suicide.<\/p>\n<p>Vid\u00e9os : en ce moment sur ActuCirculation perturb\u00e9e<\/p>\n<p class=\" wall-content\">Le temps de l\u2019intervention des secours et des forces de l\u2019ordre, le trafic a \u00e9t\u00e9 fortement perturb\u00e9 sur l\u2019autoroute <strong>A41<\/strong> en direction de <a href=\"https:\/\/actu.fr\/auvergne-rhone-alpes\/chambery_73065\" rel=\"nofollow noopener\" target=\"_blank\">Chamb\u00e9ry<\/a>.<\/p>\n<p class=\" wall-content\">La circulation a repris progressivement au cours de l\u2019apr\u00e8s-midi.<\/p>\n<p class=\" wall-content\">Suivez toute l\u2019actualit\u00e9 de vos villes et m\u00e9dias favoris en vous inscrivant \u00e0 <a href=\"https:\/\/moncompte.actu.fr\" title=\"D\u00e9couvez Mon Actu\" rel=\"nofollow noopener\" data-trk=\"{&quot;cta&quot;:{&quot;action&quot;:&quot;https:\\\/\\\/moncompte.actu.fr&quot;,&quot;category&quot;:&quot;mon compte&quot;,&quot;from&quot;:&quot;article footer&quot;,&quot;name&quot;:&quot;Mon actu&quot;,&quot;type&quot;:&quot;cta&quot;}}\" target=\"_blank\">Mon Actu<\/a>.<\/p>\n","protected":false},"excerpt":{"rendered":"Par Lisa Rodrigues Publi\u00e9 le 26 juin 2025 \u00e0 17h48 Les sapeurs-pompiers de l\u2019Is\u00e8re ont re\u00e7u un appel&hellip;\n","protected":false},"author":2,"featured_media":206203,"comment_status":"","ping_status":"","sticky":false,"template":"","format":"standard","meta":{"footnotes":""},"categories":[9566],"tags":[119,1111,11,2430,1777,674,118,1011,27,2731,12,1072,1311,25],"class_list":{"0":"post-206202","1":"post","2":"type-post","3":"status-publish","4":"format-standard","5":"has-post-thumbnail","7":"category-grenoble","8":"tag-accident","9":"tag-actu","10":"tag-actualites","11":"tag-auvergne-rhone-alpes","12":"tag-eu","13":"tag-europe","14":"tag-faits-divers","15":"tag-fr","16":"tag-france","17":"tag-grenoble","18":"tag-news","19":"tag-police","20":"tag-pompiers","21":"tag-republique-francaise"},"share_on_mastodon":{"url":"https:\/\/pubeurope.com\/@fr\/114750574029914143","error":""},"_links":{"self":[{"href":"https:\/\/www.europesays.com\/fr\/wp-json\/wp\/v2\/posts\/206202","targetHints":{"allow":["GET"]}}],"collection":[{"href":"https:\/\/www.europesays.com\/fr\/wp-json\/wp\/v2\/posts"}],"about":[{"href":"https:\/\/www.europesays.com\/fr\/wp-json\/wp\/v2\/types\/post"}],"author":[{"embeddable":true,"href":"https:\/\/www.europesays.com\/fr\/wp-json\/wp\/v2\/users\/2"}],"replies":[{"embeddable":true,"href":"https:\/\/www.europesays.com\/fr\/wp-json\/wp\/v2\/comments?post=206202"}],"version-history":[{"count":0,"href":"https:\/\/www.europesays.com\/fr\/wp-json\/wp\/v2\/posts\/206202\/revisions"}],"wp:featuredmedia":[{"embeddable":true,"href":"https:\/\/www.europesays.com\/fr\/wp-json\/wp\/v2\/media\/206203"}],"wp:attachment":[{"href":"https:\/\/www.europesays.com\/fr\/wp-json\/wp\/v2\/media?parent=206202"}],"wp:term":[{"taxonomy":"category","embeddable":true,"href":"https:\/\/www.europesays.com\/fr\/wp-json\/wp\/v2\/categories?post=206202"},{"taxonomy":"post_tag","embeddable":true,"href":"https:\/\/www.europesays.com\/fr\/wp-json\/wp\/v2\/tags?post=206202"}],"curies":[{"name":"wp","href":"https:\/\/api.w.org\/{rel}","templated":true}]}}