{"id":206204,"date":"2025-06-26T16:19:11","date_gmt":"2025-06-26T16:19:11","guid":{"rendered":"https:\/\/www.europesays.com\/fr\/206204\/"},"modified":"2025-06-26T16:19:11","modified_gmt":"2025-06-26T16:19:11","slug":"je-voulais-aller-a-lecole-a-rennes-elle-se-bat-pour-faire-reconnaitre-son-age-et-etre-mise-a-labri-par-le-departement","status":"publish","type":"post","link":"https:\/\/www.europesays.com\/fr\/206204\/","title":{"rendered":"\u00ab Je voulais aller \u00e0 l\u2019\u00e9cole \u00bb : \u00e0 Rennes, elle se bat pour faire reconnaitre son \u00e2ge et \u00eatre mise \u00e0 l\u2019abri par le D\u00e9partement"},"content":{"rendered":"<p>Fin avril, leur lettre envoy\u00e9e au d\u00e9partement, \u00e0 la mairie et \u00e0 la pr\u00e9fecture est rest\u00e9e sans r\u00e9ponse. Alors ils ont d\u00e9cid\u00e9 de prendre la parole pour m\u00e9diatiser leur cause. Ce jeudi 26 juin, une trentaine de jeunes migrants ont expliqu\u00e9 les conditions chaotiques dans lesquelles ils vivent depuis des mois. Tous sont dans la m\u00eame situation. Migrants, ils ont voulu faire reconna\u00eetre leur minorit\u00e9. L\u2019\u00e9valuation du d\u00e9partement a tranch\u00e9 en sens inverse et les a d\u00e9clar\u00e9s majeurs. Ils ont fait appel de cette \u00e9valuation. En attendant qu\u2019un juge pour enfants m\u00e8ne une enqu\u00eate, ils se retrouvent non scolaris\u00e9s et \u00e0 la rue.<\/p>\n<p> \u00ab Ce recours peut durer entre trois mois et un an et demi \u00bb, explique Suzanne Mamet, coordinatrice pour l\u2019association Utopia 56 en Ille-et-Vilaine. C\u2019est tr\u00e8s long. Les mineurs \u00e0 la rue sont de plus en plus nombreux. Ils sont 60 en tout \u00e0 Rennes dont 40 dans le parc de Maurepas. Les autres campent dans les parcs Saint-Cyr et Br\u00e9quigny. Ils dorment sous la tente, sans acc\u00e8s \u00e0 des douches. Il y a aussi le probl\u00e8me des jeunes filles. L\u00e0 aussi, elles sont de plus en plus nombreuses \u00e0 la rue. Depuis d\u00e9cembre, nous avons log\u00e9 11 jeunes filles dans nos familles d\u2019accueil b\u00e9n\u00e9vole. Elles doivent changer de lieu d\u2019h\u00e9bergement souvent, c\u2019est fatigant mais les laisser \u00e0 la rue c\u2019est dramatique. \u00bb<\/p>\n<p><img decoding=\"async\" src=\"https:\/\/www.europesays.com\/fr\/wp-content\/uploads\/2025\/06\/685d63a17044b871880cc961.1.jpeg\" width=\"480\" height=\"300\" class=\"web_golden_m\" loading=\"lazy\" alt=\"Au parc de Maurepas \u00e0 Rennes, des jeunes migrants qui se disent mineurs ont pris la parole pour d\u00e9noncer la longueur du recours pour \u00e9valuer la majorit\u00e9 d\u2019une personne.\"\/>Au parc de Maurepas \u00e0 Rennes, des jeunes migrants qui se disent mineurs ont pris la parole pour d\u00e9noncer la longueur du recours pour \u00e9valuer la majorit\u00e9 d\u2019une personne. (Le T\u00e9l\u00e9gramme\/Claire Staes)<\/p>\n<p>Alice, 16 ans, angolaise, est l\u2019une d\u2019elles. \u00ab Je suis parfois h\u00e9berg\u00e9e par le 115, parfois par des familles. C\u2019est compliqu\u00e9 et j\u2019ai peur de me retrouver \u00e0 la rue et de me mettre dans un mauvais chemin. Je voulais aller \u00e0 l\u2019\u00e9cole pour \u00eatre une fille \u00e9duqu\u00e9e\u2026 Ma vie en France est difficile. \u00bb Pour alerter sur cette situation, Utopia 56 organisera une manifestation le 9 juillet devant Le Palais Saint-Georges.<\/p>\n","protected":false},"excerpt":{"rendered":"Fin avril, leur lettre envoy\u00e9e au d\u00e9partement, \u00e0 la mairie et \u00e0 la pr\u00e9fecture est rest\u00e9e sans r\u00e9ponse.&hellip;\n","protected":false},"author":2,"featured_media":206205,"comment_status":"","ping_status":"","sticky":false,"template":"","format":"standard","meta":{"footnotes":""},"categories":[2821],"tags":[1111,11,829,765,1777,674,3383,1011,27,12,584,25],"class_list":{"0":"post-206204","1":"post","2":"type-post","3":"status-publish","4":"format-standard","5":"has-post-thumbnail","7":"category-rennes","8":"tag-actu","9":"tag-actualites","10":"tag-bretagne","11":"tag-en-continu","12":"tag-eu","13":"tag-europe","14":"tag-faits-divers-a-rennes","15":"tag-fr","16":"tag-france","17":"tag-news","18":"tag-rennes","19":"tag-republique-francaise"},"share_on_mastodon":{"url":"https:\/\/pubeurope.com\/@fr\/114750578034242290","error":""},"_links":{"self":[{"href":"https:\/\/www.europesays.com\/fr\/wp-json\/wp\/v2\/posts\/206204","targetHints":{"allow":["GET"]}}],"collection":[{"href":"https:\/\/www.europesays.com\/fr\/wp-json\/wp\/v2\/posts"}],"about":[{"href":"https:\/\/www.europesays.com\/fr\/wp-json\/wp\/v2\/types\/post"}],"author":[{"embeddable":true,"href":"https:\/\/www.europesays.com\/fr\/wp-json\/wp\/v2\/users\/2"}],"replies":[{"embeddable":true,"href":"https:\/\/www.europesays.com\/fr\/wp-json\/wp\/v2\/comments?post=206204"}],"version-history":[{"count":0,"href":"https:\/\/www.europesays.com\/fr\/wp-json\/wp\/v2\/posts\/206204\/revisions"}],"wp:featuredmedia":[{"embeddable":true,"href":"https:\/\/www.europesays.com\/fr\/wp-json\/wp\/v2\/media\/206205"}],"wp:attachment":[{"href":"https:\/\/www.europesays.com\/fr\/wp-json\/wp\/v2\/media?parent=206204"}],"wp:term":[{"taxonomy":"category","embeddable":true,"href":"https:\/\/www.europesays.com\/fr\/wp-json\/wp\/v2\/categories?post=206204"},{"taxonomy":"post_tag","embeddable":true,"href":"https:\/\/www.europesays.com\/fr\/wp-json\/wp\/v2\/tags?post=206204"}],"curies":[{"name":"wp","href":"https:\/\/api.w.org\/{rel}","templated":true}]}}