{"id":206209,"date":"2025-06-26T16:22:16","date_gmt":"2025-06-26T16:22:16","guid":{"rendered":"https:\/\/www.europesays.com\/fr\/206209\/"},"modified":"2025-06-26T16:22:16","modified_gmt":"2025-06-26T16:22:16","slug":"le-nouveau-nom-sera-devoile-le-3-juillet","status":"publish","type":"post","link":"https:\/\/www.europesays.com\/fr\/206209\/","title":{"rendered":"le nouveau nom sera d\u00e9voil\u00e9 le 3\u00a0juillet"},"content":{"rendered":"<p>\u00c9lue en charge des animaux dans la ville, Marie-Fran\u00e7oise Hamard l\u2019a annonc\u00e9 en conseil municipal ce lundi. Le 3\u00a0juillet, la maire de Strasbourg, <a href=\"https:\/\/www.dna.fr\/p\/jeanne-barseghian\" target=\"_blank\" rel=\"noopener\">Jeanne Barseghian<\/a>, d\u00e9voilera \u00e0 l\u2019Orangerie un panneau arborant le nouveau nom de l\u2019ensemble regroupant l\u2019ancien zoo, appel\u00e9 \u00e0 \u00eatre transform\u00e9 en antenne de soins pour la faune sauvage, et l\u2019ex mini-ferme, devenue Maison d\u2019initiation au comportement animal de l\u2019Orangerie (Micado).<\/p>\n<p>\u00ab\u00a0L\u2019Arche de l\u2019Orangerie\u00a0\u00bb\u00a0?<\/p>\n<p>Pour rappel, en mars dernier, la Ville, <a href=\"https:\/\/www.dna.fr\/politique\/2024\/06\/24\/deux-projets-laureats-pour-transformer-le-zoo-de-l-orangerie\" target=\"_blank\" rel=\"noopener\">le groupement interassociatif port\u00e9 par Strasbourg initiation nature environnement (*) et la Fondation pour les ours<\/a> , d\u00e9sign\u00e9s pour g\u00e9rer la transformation des lieux, lan\u00e7aient une consultation proposant aux Strasbourgeois de trouver une&#8230;<\/p>\n","protected":false},"excerpt":{"rendered":"\u00c9lue en charge des animaux dans la ville, Marie-Fran\u00e7oise Hamard l\u2019a annonc\u00e9 en conseil municipal ce lundi. Le&hellip;\n","protected":false},"author":2,"featured_media":206210,"comment_status":"","ping_status":"","sticky":false,"template":"","format":"standard","meta":{"footnotes":""},"categories":[2820],"tags":[1111,11,2389,1867,2649,1984,2880,436,1777,674,107,1011,27,775,3539,12,316,25,104,640,2879,1631],"class_list":{"0":"post-206209","1":"post","2":"type-post","3":"status-publish","4":"format-standard","5":"has-post-thumbnail","7":"category-strasbourg","8":"tag-actu","9":"tag-actualites","10":"tag-alsace","11":"tag-animaux","12":"tag-bas-rhin","13":"tag-conseil-municipal","14":"tag-edition-strasbourg","15":"tag-environnement","16":"tag-eu","17":"tag-europe","18":"tag-fil-info","19":"tag-fr","20":"tag-france","21":"tag-grand-est","22":"tag-les-ecologistes","23":"tag-news","24":"tag-politique","25":"tag-republique-francaise","26":"tag-societe","27":"tag-strasbourg","28":"tag-strasbourg-ville","29":"tag-vie-associative"},"share_on_mastodon":{"url":"https:\/\/pubeurope.com\/@fr\/114750590051804748","error":""},"_links":{"self":[{"href":"https:\/\/www.europesays.com\/fr\/wp-json\/wp\/v2\/posts\/206209","targetHints":{"allow":["GET"]}}],"collection":[{"href":"https:\/\/www.europesays.com\/fr\/wp-json\/wp\/v2\/posts"}],"about":[{"href":"https:\/\/www.europesays.com\/fr\/wp-json\/wp\/v2\/types\/post"}],"author":[{"embeddable":true,"href":"https:\/\/www.europesays.com\/fr\/wp-json\/wp\/v2\/users\/2"}],"replies":[{"embeddable":true,"href":"https:\/\/www.europesays.com\/fr\/wp-json\/wp\/v2\/comments?post=206209"}],"version-history":[{"count":0,"href":"https:\/\/www.europesays.com\/fr\/wp-json\/wp\/v2\/posts\/206209\/revisions"}],"wp:featuredmedia":[{"embeddable":true,"href":"https:\/\/www.europesays.com\/fr\/wp-json\/wp\/v2\/media\/206210"}],"wp:attachment":[{"href":"https:\/\/www.europesays.com\/fr\/wp-json\/wp\/v2\/media?parent=206209"}],"wp:term":[{"taxonomy":"category","embeddable":true,"href":"https:\/\/www.europesays.com\/fr\/wp-json\/wp\/v2\/categories?post=206209"},{"taxonomy":"post_tag","embeddable":true,"href":"https:\/\/www.europesays.com\/fr\/wp-json\/wp\/v2\/tags?post=206209"}],"curies":[{"name":"wp","href":"https:\/\/api.w.org\/{rel}","templated":true}]}}