{"id":206215,"date":"2025-06-26T16:25:08","date_gmt":"2025-06-26T16:25:08","guid":{"rendered":"https:\/\/www.europesays.com\/fr\/206215\/"},"modified":"2025-06-26T16:25:08","modified_gmt":"2025-06-26T16:25:08","slug":"hors-service-apres-un-incendie-ce-passage-a-niveau-a-ete-repare","status":"publish","type":"post","link":"https:\/\/www.europesays.com\/fr\/206215\/","title":{"rendered":"hors-service apr\u00e8s un incendie, ce passage \u00e0 niveau a \u00e9t\u00e9 r\u00e9par\u00e9"},"content":{"rendered":"<p>            Par<br \/>\n        <strong><br \/>\n            <a href=\"https:\/\/actu.fr\/auteur\/redaction-nantes\" title=\"Consulter tous les articles de R\u00e9daction Nantes\" rel=\"nofollow noopener\" target=\"_blank\">R\u00e9daction Nantes<\/a><br \/>\n        <\/strong><\/p>\n<p>        Publi\u00e9 le<\/p>\n<p>            26 juin 2025 \u00e0 18h20        <\/p>\n<p>Il y a une semaine, un incendie a impact\u00e9 un transformateur du passage \u00e0 niveau de la Chabossi\u00e8re \u00e0 <strong>Cou\u00ebron<\/strong>, \u00e0 l\u2019ouest de Nantes. <a href=\"https:\/\/actu.fr\/pays-de-la-loire\/nantes_44109\/le-trafic-sncf-est-tres-perturbe-entre-nantes-et-savenay-apres-un-incendie_62799943.html\" rel=\"nofollow noopener\" target=\"_blank\">Un incident perturbant la circulation ferroviaire entre Nantes et Savenay<\/a> mais aussi la circulation automobile au sud de la rue du 1er mai \u00e0 Cou\u00ebron.<\/p>\n<p class=\" wall-content\">Hors-service, <a href=\"https:\/\/actu.fr\/pays-de-la-loire\/coueron_44047\/travaux-pres-de-nantes-le-passage-a-niveau-est-hors-service-apres-un-incendie_62801511.html\" rel=\"nofollow noopener\" target=\"_blank\">le passage \u00e0 niveau avait \u00e9t\u00e9 ferm\u00e9 le temps des travaux de r\u00e9paration<\/a>. Le calendrier initial pr\u00e9voyait une fin du chantier pour le 4\u00a0juillet 2025.<\/p>\n<p>Trafic de retour \u00e0 la normale<\/p>\n<p class=\" wall-content\">Ce jeudi 26\u00a0juin 2025, la Ville de Cou\u00ebron, annonce <strong>la r\u00e9paration du passage \u00e0 niveau<\/strong> sur <a href=\"https:\/\/www.facebook.com\/photo\/?fbid=720858720638201&amp;set=a.234905975900147\" rel=\"nofollow noopener\" target=\"_blank\">ses r\u00e9seaux sociaux<\/a>.<\/p>\n<p class=\" wall-content\">\u00ab\u2009Initialement pr\u00e9vus pour durer jusqu\u2019au 4\u00a0juillet, les travaux de r\u00e9paration du passage \u00e0 niveau situ\u00e9 \u00e0 l\u2019extr\u00e9mit\u00e9 sud de la rue du 1er mai (quartier de La Chabossi\u00e8re) sont termin\u00e9s. Le trafic est d\u00e9sormais revenu \u00e0 la normale\u2009\u00bb, explique la collectivit\u00e9.<\/p>\n<p class=\" wall-content\">Suivez toute l\u2019actualit\u00e9 de vos villes et m\u00e9dias favoris en vous inscrivant \u00e0 <a href=\"https:\/\/moncompte.actu.fr\" title=\"D\u00e9couvez Mon Actu\" rel=\"nofollow noopener\" data-trk=\"{&quot;cta&quot;:{&quot;action&quot;:&quot;https:\\\/\\\/moncompte.actu.fr&quot;,&quot;category&quot;:&quot;mon compte&quot;,&quot;from&quot;:&quot;article footer&quot;,&quot;name&quot;:&quot;Mon actu&quot;,&quot;type&quot;:&quot;cta&quot;}}\" target=\"_blank\">Mon Actu<\/a>.<\/p>\n","protected":false},"excerpt":{"rendered":"Par R\u00e9daction Nantes Publi\u00e9 le 26 juin 2025 \u00e0 18h20 Il y a une semaine, un incendie a&hellip;\n","protected":false},"author":2,"featured_media":206216,"comment_status":"","ping_status":"","sticky":false,"template":"","format":"standard","meta":{"footnotes":""},"categories":[2818],"tags":[1111,11,3542,1777,674,1011,27,1310,766,12,2636,25,104],"class_list":{"0":"post-206215","1":"post","2":"type-post","3":"status-publish","4":"format-standard","5":"has-post-thumbnail","7":"category-nantes","8":"tag-actu","9":"tag-actualites","10":"tag-circulation","11":"tag-eu","12":"tag-europe","13":"tag-fr","14":"tag-france","15":"tag-incendie","16":"tag-nantes","17":"tag-news","18":"tag-pays-de-la-loire","19":"tag-republique-francaise","20":"tag-societe"},"share_on_mastodon":{"url":"https:\/\/pubeurope.com\/@fr\/114750601665487112","error":""},"_links":{"self":[{"href":"https:\/\/www.europesays.com\/fr\/wp-json\/wp\/v2\/posts\/206215","targetHints":{"allow":["GET"]}}],"collection":[{"href":"https:\/\/www.europesays.com\/fr\/wp-json\/wp\/v2\/posts"}],"about":[{"href":"https:\/\/www.europesays.com\/fr\/wp-json\/wp\/v2\/types\/post"}],"author":[{"embeddable":true,"href":"https:\/\/www.europesays.com\/fr\/wp-json\/wp\/v2\/users\/2"}],"replies":[{"embeddable":true,"href":"https:\/\/www.europesays.com\/fr\/wp-json\/wp\/v2\/comments?post=206215"}],"version-history":[{"count":0,"href":"https:\/\/www.europesays.com\/fr\/wp-json\/wp\/v2\/posts\/206215\/revisions"}],"wp:featuredmedia":[{"embeddable":true,"href":"https:\/\/www.europesays.com\/fr\/wp-json\/wp\/v2\/media\/206216"}],"wp:attachment":[{"href":"https:\/\/www.europesays.com\/fr\/wp-json\/wp\/v2\/media?parent=206215"}],"wp:term":[{"taxonomy":"category","embeddable":true,"href":"https:\/\/www.europesays.com\/fr\/wp-json\/wp\/v2\/categories?post=206215"},{"taxonomy":"post_tag","embeddable":true,"href":"https:\/\/www.europesays.com\/fr\/wp-json\/wp\/v2\/tags?post=206215"}],"curies":[{"name":"wp","href":"https:\/\/api.w.org\/{rel}","templated":true}]}}