{"id":206223,"date":"2025-06-26T16:29:09","date_gmt":"2025-06-26T16:29:09","guid":{"rendered":"https:\/\/www.europesays.com\/fr\/206223\/"},"modified":"2025-06-26T16:29:09","modified_gmt":"2025-06-26T16:29:09","slug":"pourquoi-la-gagnante-de-la-star-academy-2024-sera-a-toulouse-samedi","status":"publish","type":"post","link":"https:\/\/www.europesays.com\/fr\/206223\/","title":{"rendered":"Pourquoi la gagnante de la Star Academy 2024 sera \u00e0 Toulouse samedi\u00a0?"},"content":{"rendered":"<p>            Par<br \/>\n        <strong><br \/>\n            <a href=\"https:\/\/actu.fr\/auteur\/lea-afonso\" title=\"Consulter tous les articles de L\u00e9a Afonso\" rel=\"nofollow noopener\" target=\"_blank\">L\u00e9a Afonso<\/a><br \/>\n        <\/strong><\/p>\n<p>        Publi\u00e9 le<\/p>\n<p>            26 juin 2025 \u00e0 17h54        <\/p>\n<p>\u00ab\u2009Et un, deux, trois, recommence-moi\u2026\u2009\u00bb, chantait-elle avec \u00e9motion il y a quelques mois sur le plateau du c\u00e9l\u00e8bre Studio 217. <strong>Marine<\/strong>, grande gagnante de la <strong>promotion 2024 de la Star Academy<\/strong>, poursuit aujourd\u2019hui son ascension. Ce samedi 28\u00a0juin 2025, la jeune artiste de 25\u00a0ans sera de passage \u00e0 <a href=\"https:\/\/actu.fr\/toulouse\/\" rel=\"nofollow noopener\" target=\"_blank\">Toulouse<\/a> pour une s\u00e9ance de d\u00e9dicace.<\/p>\n<p>Un rendez-vous \u00e0 ne pas manquer \u00e0 la Fnac de Toulouse<\/p>\n<p class=\" wall-content\">Les fans de la chanteuse pourront la rencontrer en chair et en os \u00e0 la <strong>Fnac Wilson, de 13h \u00e0 15h, ce 28\u00a0juin<\/strong>. Cet \u00e9v\u00e9nement <strong>gratuit<\/strong>, organis\u00e9 dans le cadre de la <strong>sortie<\/strong> de son tout <strong>premier album C\u0153ur Maladroit<\/strong>, <a href=\"https:\/\/leclaireur.fnac.com\/evenement\/cp67441-marine-en-dedicace-a-la-fnac-toulouse-wilson-sur-inscription\/\" rel=\"nofollow noopener\" target=\"_blank\">se fera sur inscription pr\u00e9alable<\/a>, les places \u00e9tant limit\u00e9es. Un moment pour \u00e9changer quelques mots, obtenir un autographe, et peut-\u00eatre repartir avec un selfie souvenir\u2009!<\/p>\n<p>\u00ab\u2009C\u0153ur Maladroit\u2009\u00bb\u2009: un premier album tr\u00e8s attendu<\/p>\n<p class=\" wall-content\">\u00ab\u2009C\u0153ur Maladroit\u2009\u00bb, c\u2019est le tout premier album de la jeune femme originaire du nord de la France. Disponible \u00e0 partir de ce vendredi 27\u00a0juin, il oscille entre pop et ballades, refl\u00e9tant l\u2019image de Marine qui a fait son succ\u00e8s pendant l\u2019\u00e9mission. Plusieurs titres in\u00e9dits y c\u00f4toient son c\u00e9l\u00e8bre single, \u00ab\u2009Ma faute\u2009\u00bb.<\/p>\n<p class=\" wall-content\"><a href=\"https:\/\/www.instagram.com\/p\/DKM6MzRsF8q\/embed\" title=\"Ouvrir le lien sur Instagram\" rel=\"nofollow noopener\" target=\"_blank\">Visualiser le contenu sur Instagram<\/a><\/p>\n<p>Deux \u00e9v\u00e9nements dans la Ville rose<\/p>\n<p class=\" wall-content\">En parall\u00e8le de cette sortie, Marine continue de parcourir les routes avec la tourn\u00e9e officielle de la Star Academy. Et bonne nouvelle pour ses fans toulousains\u2009:<strong> apr\u00e8s la s\u00e9ance de d\u00e9dicace<\/strong>, elle retrouvera la<strong> sc\u00e8ne du Z\u00e9nith<\/strong> de la ville pour une seconde date de la tourn\u00e9e de la Star Ac\u2019 \u00e0 Toulouse. <a href=\"https:\/\/www.ticketmaster.fr\/fr\/manifestation\/star-academy-billet\/idmanif\/611468\" rel=\"nofollow noopener\" target=\"_blank\">Des places sont encore disponibles<\/a>.<\/p>\n<p class=\" wall-content\">Marine reviendra \u00e0 Toulouse le 13\u00a0juillet, <a href=\"https:\/\/actu.fr\/occitanie\/toulouse_31555\/pierre-garnier-amir-avant-le-feu-d-artifice-xxl-l-affiche-du-grand-concert-gratuit-du-14-juillet-a-toulouse_62777520.html\" rel=\"nofollow noopener\" target=\"_blank\">pour le concert XXL du NRJ Music Tour \u00e0 la prairie des Filtres<\/a>, juste avant le c\u00e9l\u00e8bre feu d\u2019artifice sur le th\u00e8me du Tour de France.<\/p>\n<p>Vid\u00e9os : en ce moment sur Actu<\/p>\n<p class=\" wall-content\">Suivez toute l\u2019actualit\u00e9 de vos villes et m\u00e9dias favoris en vous inscrivant \u00e0 <a href=\"https:\/\/moncompte.actu.fr\" title=\"D\u00e9couvez Mon Actu\" rel=\"nofollow noopener\" data-trk=\"{&quot;cta&quot;:{&quot;action&quot;:&quot;https:\\\/\\\/moncompte.actu.fr&quot;,&quot;category&quot;:&quot;mon compte&quot;,&quot;from&quot;:&quot;article footer&quot;,&quot;name&quot;:&quot;Mon actu&quot;,&quot;type&quot;:&quot;cta&quot;}}\" target=\"_blank\">Mon Actu<\/a>.<\/p>\n<p>                    <script async src=\"\/\/www.instagram.com\/embed.js\"><\/script><\/p>\n","protected":false},"excerpt":{"rendered":"Par L\u00e9a Afonso Publi\u00e9 le 26 juin 2025 \u00e0 17h54 \u00ab\u2009Et un, deux, trois, recommence-moi\u2026\u2009\u00bb, chantait-elle avec \u00e9motion&hellip;\n","protected":false},"author":2,"featured_media":206224,"comment_status":"","ping_status":"","sticky":false,"template":"","format":"standard","meta":{"footnotes":""},"categories":[2816],"tags":[1111,11,1777,674,1011,27,1652,873,12,2680,25,1341,5095,2312],"class_list":{"0":"post-206223","1":"post","2":"type-post","3":"status-publish","4":"format-standard","5":"has-post-thumbnail","7":"category-toulouse","8":"tag-actu","9":"tag-actualites","10":"tag-eu","11":"tag-europe","12":"tag-fr","13":"tag-france","14":"tag-loisirs-culture","15":"tag-musique","16":"tag-news","17":"tag-occitanie","18":"tag-republique-francaise","19":"tag-sortir-a-toulouse","20":"tag-star-academy","21":"tag-toulouse"},"share_on_mastodon":{"url":"https:\/\/pubeurope.com\/@fr\/114750617636585146","error":""},"_links":{"self":[{"href":"https:\/\/www.europesays.com\/fr\/wp-json\/wp\/v2\/posts\/206223","targetHints":{"allow":["GET"]}}],"collection":[{"href":"https:\/\/www.europesays.com\/fr\/wp-json\/wp\/v2\/posts"}],"about":[{"href":"https:\/\/www.europesays.com\/fr\/wp-json\/wp\/v2\/types\/post"}],"author":[{"embeddable":true,"href":"https:\/\/www.europesays.com\/fr\/wp-json\/wp\/v2\/users\/2"}],"replies":[{"embeddable":true,"href":"https:\/\/www.europesays.com\/fr\/wp-json\/wp\/v2\/comments?post=206223"}],"version-history":[{"count":0,"href":"https:\/\/www.europesays.com\/fr\/wp-json\/wp\/v2\/posts\/206223\/revisions"}],"wp:featuredmedia":[{"embeddable":true,"href":"https:\/\/www.europesays.com\/fr\/wp-json\/wp\/v2\/media\/206224"}],"wp:attachment":[{"href":"https:\/\/www.europesays.com\/fr\/wp-json\/wp\/v2\/media?parent=206223"}],"wp:term":[{"taxonomy":"category","embeddable":true,"href":"https:\/\/www.europesays.com\/fr\/wp-json\/wp\/v2\/categories?post=206223"},{"taxonomy":"post_tag","embeddable":true,"href":"https:\/\/www.europesays.com\/fr\/wp-json\/wp\/v2\/tags?post=206223"}],"curies":[{"name":"wp","href":"https:\/\/api.w.org\/{rel}","templated":true}]}}