{"id":206227,"date":"2025-06-26T16:31:09","date_gmt":"2025-06-26T16:31:09","guid":{"rendered":"https:\/\/www.europesays.com\/fr\/206227\/"},"modified":"2025-06-26T16:31:09","modified_gmt":"2025-06-26T16:31:09","slug":"lille-caches-dans-des-buissons-les-policiers-etaient-aux-premieres-loges-dun-trafic-de-stupefiants","status":"publish","type":"post","link":"https:\/\/www.europesays.com\/fr\/206227\/","title":{"rendered":"Lille. Cach\u00e9s dans des buissons, les policiers \u00e9taient aux premi\u00e8res loges d&rsquo;un trafic de stup\u00e9fiants"},"content":{"rendered":"<p>            Par<br \/>\n        <strong><br \/>\n            <a href=\"https:\/\/actu.fr\/auteur\/margot-nicodeme\" title=\"Consulter tous les articles de Margot Nicod\u00e8me\" rel=\"nofollow noopener\" target=\"_blank\">Margot Nicod\u00e8me<\/a><br \/>\n        <\/strong><\/p>\n<p>        Publi\u00e9 le<\/p>\n<p>            26 juin 2025 \u00e0 18h22        <\/p>\n<p>Mercredi 25 juin 2025, les policiers \u00e9taient en patrouille \u00e0 <a href=\"https:\/\/actu.fr\/hauts-de-france\/lille_59350\" rel=\"nofollow noopener\" target=\"_blank\">Lille<\/a>-Moulins, dans un secteur bien connu comme \u00e9tant le th\u00e9\u00e2tre du<b> trafic des stup\u00e9fiants<\/b>. Vers 9h45, pour percer \u00e0 jour des transactions en cours dans <b>la rue Max-Gorki<\/b>, deux fonctionnaires se dissimulent dans les buissons. Et \u00e7a paie.\u00a0<\/p>\n<p>Depuis les buissons, les policiers observent les man\u0153uvres d\u2019un trafiquant de drogues \u00e0 Lille<\/p>\n<p class=\" wall-content\">Ils observent, \u00e0 l\u2019abri des regards, un homme faire des allers-retours sur sa trottinette. Il vient au contact d\u2019un groupe de personnes qui semblent \u00eatre des toxicomanes, indique une source judiciaire, puis repart, \u00ab\u00a0pour aller chercher des produits\u00a0\u00bb. Il r\u00e9appara\u00eet peu de temps apr\u00e8s, roulant \u00e0 vive allure dans la rue pi\u00e9tonne, et revient vers ses interlocuteurs. C\u2019est l\u00e0 que les agents de police interviennent.\u00a0<\/p>\n<p class=\" wall-content\">Ils interceptent l\u2019individu, en le faisant descendre de <a href=\"https:\/\/actu.fr\/hauts-de-france\/lille_59350\/de-la-grandplace-a-lille-sud-le-voleur-de-trottinette-piste-et-retrouve-grace-au-traceur_62261926.html\" rel=\"nofollow noopener\" target=\"_blank\">sa trottinette<\/a>. Il se d\u00e9bat, mais est ma\u00eetris\u00e9 et menott\u00e9 dans la foul\u00e9e. Les policiers trouvent sur lui <b>25 bonbonnes d\u2019h\u00e9ro\u00efne<\/b> et <b>24 bonbonnes de coca\u00efne<\/b>. Ils s\u2019aper\u00e7oivent \u00e9galement que<b> la trottinette sur laquelle il roule a \u00e9t\u00e9 d\u00e9clar\u00e9e vol\u00e9e<\/b>.\u00a0<\/p>\n<p class=\" wall-content\">\u00c2g\u00e9 de 41 ans, il a \u00e9t\u00e9 interpell\u00e9 et plac\u00e9 en garde \u00e0 vue.<\/p>\n<p class=\" wall-content\">Suivez toute l\u2019actualit\u00e9 de vos villes et m\u00e9dias favoris en vous inscrivant \u00e0 <a href=\"https:\/\/moncompte.actu.fr\" title=\"D\u00e9couvez Mon Actu\" rel=\"nofollow noopener\" data-trk=\"{&quot;cta&quot;:{&quot;action&quot;:&quot;https:\\\/\\\/moncompte.actu.fr&quot;,&quot;category&quot;:&quot;mon compte&quot;,&quot;from&quot;:&quot;article footer&quot;,&quot;name&quot;:&quot;Mon actu&quot;,&quot;type&quot;:&quot;cta&quot;}}\" target=\"_blank\">Mon Actu<\/a>.<\/p>\n","protected":false},"excerpt":{"rendered":"Par Margot Nicod\u00e8me Publi\u00e9 le 26 juin 2025 \u00e0 18h22 Mercredi 25 juin 2025, les policiers \u00e9taient en&hellip;\n","protected":false},"author":2,"featured_media":206228,"comment_status":"","ping_status":"","sticky":false,"template":"","format":"standard","meta":{"footnotes":""},"categories":[2815],"tags":[1111,11,1052,1777,674,118,1011,27,811,1307,12,1072,25],"class_list":{"0":"post-206227","1":"post","2":"type-post","3":"status-publish","4":"format-standard","5":"has-post-thumbnail","7":"category-lille","8":"tag-actu","9":"tag-actualites","10":"tag-drogue","11":"tag-eu","12":"tag-europe","13":"tag-faits-divers","14":"tag-fr","15":"tag-france","16":"tag-hauts-de-france","17":"tag-lille","18":"tag-news","19":"tag-police","20":"tag-republique-francaise"},"share_on_mastodon":{"url":"https:\/\/pubeurope.com\/@fr\/114750625205462050","error":""},"_links":{"self":[{"href":"https:\/\/www.europesays.com\/fr\/wp-json\/wp\/v2\/posts\/206227","targetHints":{"allow":["GET"]}}],"collection":[{"href":"https:\/\/www.europesays.com\/fr\/wp-json\/wp\/v2\/posts"}],"about":[{"href":"https:\/\/www.europesays.com\/fr\/wp-json\/wp\/v2\/types\/post"}],"author":[{"embeddable":true,"href":"https:\/\/www.europesays.com\/fr\/wp-json\/wp\/v2\/users\/2"}],"replies":[{"embeddable":true,"href":"https:\/\/www.europesays.com\/fr\/wp-json\/wp\/v2\/comments?post=206227"}],"version-history":[{"count":0,"href":"https:\/\/www.europesays.com\/fr\/wp-json\/wp\/v2\/posts\/206227\/revisions"}],"wp:featuredmedia":[{"embeddable":true,"href":"https:\/\/www.europesays.com\/fr\/wp-json\/wp\/v2\/media\/206228"}],"wp:attachment":[{"href":"https:\/\/www.europesays.com\/fr\/wp-json\/wp\/v2\/media?parent=206227"}],"wp:term":[{"taxonomy":"category","embeddable":true,"href":"https:\/\/www.europesays.com\/fr\/wp-json\/wp\/v2\/categories?post=206227"},{"taxonomy":"post_tag","embeddable":true,"href":"https:\/\/www.europesays.com\/fr\/wp-json\/wp\/v2\/tags?post=206227"}],"curies":[{"name":"wp","href":"https:\/\/api.w.org\/{rel}","templated":true}]}}