{"id":206229,"date":"2025-06-26T16:32:13","date_gmt":"2025-06-26T16:32:13","guid":{"rendered":"https:\/\/www.europesays.com\/fr\/206229\/"},"modified":"2025-06-26T16:32:13","modified_gmt":"2025-06-26T16:32:13","slug":"lille-le-restaurant-bloempot-rouvre-rue-des-bouchers-et-promet-une-experience-encore-plus-gastronomique","status":"publish","type":"post","link":"https:\/\/www.europesays.com\/fr\/206229\/","title":{"rendered":"Lille. Le restaurant Bloempot rouvre rue des Bouchers et promet une exp\u00e9rience encore plus gastronomique"},"content":{"rendered":"<p>            Par<br \/>\n        <strong><br \/>\n            <a href=\"https:\/\/actu.fr\/auteur\/hervine-mahaud\" title=\"Consulter tous les articles de Hervine Mahaud\" rel=\"nofollow noopener\" target=\"_blank\">Hervine Mahaud<\/a><br \/>\n        <\/strong><\/p>\n<p>        Publi\u00e9 le<\/p>\n<p>            26 juin 2025 \u00e0 18h10        <\/p>\n<p data-end=\"664\">C\u2019est un retour attendu : <a href=\"https:\/\/actu.fr\/hauts-de-france\/lille_59350\/lille-le-restaurant-bloempot-de-florent-ladeyn-change-dadresse-pour-quelques-mois_62156142.html\" rel=\"nofollow noopener\" target=\"_blank\">apr\u00e8s plusieurs mois pass\u00e9s aux Toqu\u00e9es avec leur pop-up Bloempot sur De\u00fble<\/a>, les chefs <b data-end=\"447\">Florent Ladeyn<\/b>, <b data-end=\"467\">Florence Grave<\/b> et leur \u00e9quipe regagnent leur quartier g\u00e9n\u00e9ral du <b>Vieux-Lille<\/b>. Le <b>restaurant Bloempot<\/b>, install\u00e9 au 22, rue des Bouchers, a rouvert ses portes mardi 24 juin 2025 avec la volont\u00e9 affirm\u00e9e d\u2019aller plus loin dans l\u2019exp\u00e9rience culinaire.<\/p>\n<p>Une cuisine plus fine, toujours ancr\u00e9e dans le terroir<\/p>\n<p data-end=\"1050\" class=\" wall-content\">Dans la lign\u00e9e de l\u2019engagement port\u00e9 par <a href=\"https:\/\/actu.fr\/hauts-de-france\/villeneuve-d-ascq_59009\/villeneuve-dascq-cest-florent-ladeyn-qui-sera-le-chef-du-restaurant-du-lam_62818195.html\" rel=\"nofollow noopener\" target=\"_blank\">Florent Ladeyn,<\/a> cette r\u00e9ouverture signe une mont\u00e9e en gamme, sans rien c\u00e9der aux convictions qui font l\u2019ADN du lieu : une <b data-end=\"956\">cuisine 100 % locale, cr\u00e9ative, enracin\u00e9e dans les Flandres<\/b>, construite \u00e0 partir de produits issus d\u2019une <b data-end=\"1049\">agriculture paysanne, biologique ou sauvage<\/b>.<\/p>\n<p data-end=\"1420\" class=\" wall-content\">\u00ab\u00a0Je suis tr\u00e8s fier de voir comment Florence Grave et l\u2019\u00e9quipe ont su s\u2019adapter hors les murs \u00e0 travers le pop-up Bloempot sur De\u00fble\u00a0\u00bb, confie Florent Ladeyn. \u00ab\u00a0Une parenth\u00e8se qui aura permis d\u2019<b>\u00e9lever la finesse de notre cuisine<\/b> tout en restant ancr\u00e9s dans nos convictions. Il est temps de rentrer \u00e0 la maison et continuer de<b> faire \u00e9voluer l\u2019exp\u00e9rience ensemble<\/b>.\u00a0\u00bb<\/p>\n<p>Menus au rythme de la nature<\/p>\n<p data-end=\"1684\" class=\" wall-content\">Derri\u00e8re les fourneaux, <b data-end=\"1508\">la cheffe Florence Grave<\/b> compose des menus vivants, enti\u00e8rement dict\u00e9s par les saisons et les r\u00e9coltes. Ce que le terroir flamand lui offre devient mati\u00e8re premi\u00e8re d\u2019une cuisine sinc\u00e8re et inventive.<\/p>\n<p data-end=\"1684\" class=\" wall-content\">\n<a href=\"https:\/\/www.instagram.com\/p\/DDWsGTroTRM\/embed\" title=\"Ouvrir le lien sur Instagram\" rel=\"nofollow noopener\" target=\"_blank\">Visualiser le contenu sur Instagram<\/a><\/p>\n<p data-end=\"1908\" class=\" wall-content\"><b data-end=\"1720\">Pour le d\u00e9jeuner, du mardi au vendredi<\/b>, les convives peuvent d\u00e9couvrir une <b>nouvelle formule entr\u00e9e, plat, dessert \u00e0 37 \u20ac<\/b>, avec en option une <b data-end=\"1849\">cr\u00e9ation fromag\u00e8re<\/b> mettant \u00e0 l\u2019honneur les producteurs de la r\u00e9gion.<\/p>\n<p data-end=\"2253\" class=\" wall-content\"><b data-end=\"1928\">Midi et soir<\/b>, l\u2019exp\u00e9rience <b data-end=\"1966\">\u00ab\u00a0Les Yeux Ferm\u00e9s\u00a0\u00bb<\/b>, \u00e0 <b data-end=\"1978\">80 \u20ac<\/b>, propose un menu surprise en 8 services (contre 6 \u00e0 60 \u20ac auparavant), pour celles et ceux qui veulent se laisser porter. \u00c0 chaque \u00e9tape, <b data-end=\"2106\">Ilona Raux<\/b>, sommeli\u00e8re du restaurant, imagine un <b data-end=\"2172\">accord mets et boissons<\/b> (avec ou sans alcool), afin de prolonger l\u2019immersion dans l\u2019univers du Bloempot.<\/p>\n<p data-end=\"2253\" class=\" wall-content\">\n<a href=\"https:\/\/www.instagram.com\/p\/DJ11E_9MRda\/embed\" title=\"Ouvrir le lien sur Instagram\" rel=\"nofollow noopener\" target=\"_blank\">Visualiser le contenu sur Instagram<\/a><\/p>\n<p data-end=\"2619\" class=\" wall-content\">Avec cette r\u00e9ouverture, le Bloempot renforce sa place singuli\u00e8re dans le paysage culinaire lillois : un <a href=\"https:\/\/actu.fr\/hauts-de-france\/lille_59350\/gastronomie-lille-sur-le-podium-des-villes-les-plus-gourmandes-de-france-selon-cette-etude_62168517.html\" rel=\"nofollow noopener\" target=\"_blank\">restaurant gastronomique<\/a> qui fait le pari de l\u2019ultra-local, sans carte fixe, sans fioritures inutiles, mais avec une <b data-end=\"2540\">vision forte<\/b> du <b data-end=\"2559\">bien-manger<\/b>, port\u00e9e par une \u00e9quipe passionn\u00e9e.<\/p>\n<p>Bloempot, 22 rue des Bouchers, 59800 Lille. Ouvert du mardi midi au samedi soir. R\u00e9servations sur <a href=\"https:\/\/www.bloempot.fr\/\" rel=\"nofollow noopener\" target=\"_blank\">bloempot.fr<\/a><\/p>\n<p class=\" wall-content\">Suivez toute l\u2019actualit\u00e9 de vos villes et m\u00e9dias favoris en vous inscrivant \u00e0 <a href=\"https:\/\/moncompte.actu.fr\" title=\"D\u00e9couvez Mon Actu\" rel=\"nofollow noopener\" data-trk=\"{&quot;cta&quot;:{&quot;action&quot;:&quot;https:\\\/\\\/moncompte.actu.fr&quot;,&quot;category&quot;:&quot;mon compte&quot;,&quot;from&quot;:&quot;article footer&quot;,&quot;name&quot;:&quot;Mon actu&quot;,&quot;type&quot;:&quot;cta&quot;}}\" target=\"_blank\">Mon Actu<\/a>.<\/p>\n<p>                    <script async src=\"\/\/www.instagram.com\/embed.js\"><\/script><\/p>\n","protected":false},"excerpt":{"rendered":"Par Hervine Mahaud Publi\u00e9 le 26 juin 2025 \u00e0 18h10 C\u2019est un retour attendu : apr\u00e8s plusieurs mois&hellip;\n","protected":false},"author":2,"featured_media":206230,"comment_status":"","ping_status":"","sticky":false,"template":"","format":"standard","meta":{"footnotes":""},"categories":[2815],"tags":[1111,11,33,1777,674,1011,27,1661,811,1307,12,25,1340,2086],"class_list":{"0":"post-206229","1":"post","2":"type-post","3":"status-publish","4":"format-standard","5":"has-post-thumbnail","7":"category-lille","8":"tag-actu","9":"tag-actualites","10":"tag-economie","11":"tag-eu","12":"tag-europe","13":"tag-fr","14":"tag-france","15":"tag-gastronomie","16":"tag-hauts-de-france","17":"tag-lille","18":"tag-news","19":"tag-republique-francaise","20":"tag-restaurant","21":"tag-travaux"},"share_on_mastodon":{"url":"https:\/\/pubeurope.com\/@fr\/114750629113166182","error":""},"_links":{"self":[{"href":"https:\/\/www.europesays.com\/fr\/wp-json\/wp\/v2\/posts\/206229","targetHints":{"allow":["GET"]}}],"collection":[{"href":"https:\/\/www.europesays.com\/fr\/wp-json\/wp\/v2\/posts"}],"about":[{"href":"https:\/\/www.europesays.com\/fr\/wp-json\/wp\/v2\/types\/post"}],"author":[{"embeddable":true,"href":"https:\/\/www.europesays.com\/fr\/wp-json\/wp\/v2\/users\/2"}],"replies":[{"embeddable":true,"href":"https:\/\/www.europesays.com\/fr\/wp-json\/wp\/v2\/comments?post=206229"}],"version-history":[{"count":0,"href":"https:\/\/www.europesays.com\/fr\/wp-json\/wp\/v2\/posts\/206229\/revisions"}],"wp:featuredmedia":[{"embeddable":true,"href":"https:\/\/www.europesays.com\/fr\/wp-json\/wp\/v2\/media\/206230"}],"wp:attachment":[{"href":"https:\/\/www.europesays.com\/fr\/wp-json\/wp\/v2\/media?parent=206229"}],"wp:term":[{"taxonomy":"category","embeddable":true,"href":"https:\/\/www.europesays.com\/fr\/wp-json\/wp\/v2\/categories?post=206229"},{"taxonomy":"post_tag","embeddable":true,"href":"https:\/\/www.europesays.com\/fr\/wp-json\/wp\/v2\/tags?post=206229"}],"curies":[{"name":"wp","href":"https:\/\/api.w.org\/{rel}","templated":true}]}}