{"id":206236,"date":"2025-06-26T16:36:18","date_gmt":"2025-06-26T16:36:18","guid":{"rendered":"https:\/\/www.europesays.com\/fr\/206236\/"},"modified":"2025-06-26T16:36:18","modified_gmt":"2025-06-26T16:36:18","slug":"metropole-de-lyon-cest-le-lyon-street-food-festival-qui-regale","status":"publish","type":"post","link":"https:\/\/www.europesays.com\/fr\/206236\/","title":{"rendered":"M\u00e9tropole de Lyon. C\u2019est le Lyon street food festival qui r\u00e9gale"},"content":{"rendered":"<p>La 9e \u00e9dition du Lyon street food festival a ouvert ses portes aux Grandes Locos. \u00c9dition caliente comme le Br\u00e9sil, l\u2019un des pays \u00e0 l\u2019honneur. Rendez-vous avec 130 chefs, 470 ateliers et 60 concerts.<\/p>\n<p class=\"note\">Jusqu\u2019au dimanche 29\u00a0juin, aux Grandes Locos \u00e0 La Mulati\u00e8re. Pass 1 jour\u00a0: 10\u00a0\u20ac (5\u00a0\u20ac pour les enfants de 8 \u00e0 14 ans), 8\u00a0\u20ac en pr\u00e9vente. Vendredi de 18 h \u00e0 minuit, samedi de 11 h \u00e0 minuit et dimanche de 11 h \u00e0 22\u00a0h\u00a030. Sur place\u00a0: paiement cashless et street food \u00e0 partir de 5\u00a0\u20ac. lyonstreetfoodfestival.com<\/p>\n","protected":false},"excerpt":{"rendered":"La 9e \u00e9dition du Lyon street food festival a ouvert ses portes aux Grandes Locos. \u00c9dition caliente comme&hellip;\n","protected":false},"author":2,"featured_media":206237,"comment_status":"","ping_status":"","sticky":false,"template":"","format":"standard","meta":{"footnotes":""},"categories":[1889],"tags":[1111,11,2430,1687,1777,674,1011,27,2428,6016,12,25],"class_list":{"0":"post-206236","1":"post","2":"type-post","3":"status-publish","4":"format-standard","5":"has-post-thumbnail","7":"category-lyon","8":"tag-actu","9":"tag-actualites","10":"tag-auvergne-rhone-alpes","11":"tag-culture-loisirs","12":"tag-eu","13":"tag-europe","14":"tag-fr","15":"tag-france","16":"tag-lyon","17":"tag-magazine-cuisine-et-vins","18":"tag-news","19":"tag-republique-francaise"},"share_on_mastodon":{"url":"","error":""},"_links":{"self":[{"href":"https:\/\/www.europesays.com\/fr\/wp-json\/wp\/v2\/posts\/206236","targetHints":{"allow":["GET"]}}],"collection":[{"href":"https:\/\/www.europesays.com\/fr\/wp-json\/wp\/v2\/posts"}],"about":[{"href":"https:\/\/www.europesays.com\/fr\/wp-json\/wp\/v2\/types\/post"}],"author":[{"embeddable":true,"href":"https:\/\/www.europesays.com\/fr\/wp-json\/wp\/v2\/users\/2"}],"replies":[{"embeddable":true,"href":"https:\/\/www.europesays.com\/fr\/wp-json\/wp\/v2\/comments?post=206236"}],"version-history":[{"count":0,"href":"https:\/\/www.europesays.com\/fr\/wp-json\/wp\/v2\/posts\/206236\/revisions"}],"wp:featuredmedia":[{"embeddable":true,"href":"https:\/\/www.europesays.com\/fr\/wp-json\/wp\/v2\/media\/206237"}],"wp:attachment":[{"href":"https:\/\/www.europesays.com\/fr\/wp-json\/wp\/v2\/media?parent=206236"}],"wp:term":[{"taxonomy":"category","embeddable":true,"href":"https:\/\/www.europesays.com\/fr\/wp-json\/wp\/v2\/categories?post=206236"},{"taxonomy":"post_tag","embeddable":true,"href":"https:\/\/www.europesays.com\/fr\/wp-json\/wp\/v2\/tags?post=206236"}],"curies":[{"name":"wp","href":"https:\/\/api.w.org\/{rel}","templated":true}]}}