{"id":206242,"date":"2025-06-26T16:40:11","date_gmt":"2025-06-26T16:40:11","guid":{"rendered":"https:\/\/www.europesays.com\/fr\/206242\/"},"modified":"2025-06-26T16:40:11","modified_gmt":"2025-06-26T16:40:11","slug":"kylian-mbappe-accuse-le-psg-de-harcelement-moral-une-information-judiciaire-ouverte-contre-le-club","status":"publish","type":"post","link":"https:\/\/www.europesays.com\/fr\/206242\/","title":{"rendered":"Kylian Mbapp\u00e9 accuse le PSG de harc\u00e8lement moral, une information judiciaire ouverte contre le club"},"content":{"rendered":"<p>            Par<br \/>\n        <strong><br \/>\n            <a href=\"https:\/\/actu.fr\/auteur\/redaction-paris\" title=\"Consulter tous les articles de R\u00e9daction Paris\" rel=\"nofollow noopener\" target=\"_blank\">R\u00e9daction Paris<\/a><br \/>\n        <\/strong><\/p>\n<p>        Publi\u00e9 le<\/p>\n<p>            26 juin 2025 \u00e0 17h46        <\/p>\n<p>Nouveau volet dans le conflit qui oppose le <a href=\"https:\/\/actu.fr\/tag\/paris-saint-germain-psg\" rel=\"nofollow noopener\" target=\"_blank\">Paris Saint Germain (PSG)<\/a> \u00e0 <a href=\"https:\/\/actu.fr\/tag\/kylian-mbappe\" rel=\"nofollow noopener\" target=\"_blank\">Kylian MBapp\u00e9<\/a>.\u00a0Une information judiciaire a \u00e9t\u00e9 ouverte mardi 24\u00a0juin 2025 pour <strong>harc\u00e8lement moral<\/strong> apr\u00e8s une plainte d\u00e9pos\u00e9e par l\u2019attaquant contre son ancien club. Dans le viseur\u2009: la pratique du \u00ab\u2009loft\u2009\u00bb, d\u00e9j\u00e0 d\u00e9nonc\u00e9e par d\u2019autres joueurs.<\/p>\n<p>Deux accusations de \u00ab\u2009loft\u2009\u00bb pour le PSG<\/p>\n<p class=\" wall-content\">Le <a href=\"https:\/\/actu.fr\/tag\/tribunal-de-paris\" rel=\"nofollow noopener\" target=\"_blank\">parquet de Paris<\/a> a indiqu\u00e9 jeudi \u00e0 l\u2019AFP avoir ouvert une <strong>information judiciaire contre X<\/strong>, pour harc\u00e8lement moral. Deux juges d\u2019instruction ont \u00e9t\u00e9 saisis, a pr\u00e9cis\u00e9 une source proche du dossier pour enqu\u00eater sur les accusations du joueur, qui \u00e9volue d\u00e9sormais comme attaquant au Real Madrid.<\/p>\n<p class=\" wall-content\">Kylian Mbapp\u00e9, capitaine de l\u2019\u00e9quipe de France, a d\u00e9pos\u00e9 plainte \u00e0 Paris le 16\u00a0mai pour <strong>harc\u00e8lement moral et tentative d\u2019extorsion de signature<\/strong>, d\u00e9non\u00e7ant notamment son placement \u00e0 l\u2019\u00e9t\u00e9 2023 dans le \u00ab\u2009loft\u2009\u00bb du PSG.\u00a0Cette pratique, r\u00e9currente dans les clubs de football, consiste en une mise \u00e0 l\u2019\u00e9cart des joueurs et fait d\u00e9j\u00e0 l\u2019objet de plusieurs enqu\u00eates \u00e0 Paris.<\/p>\n<p class=\" wall-content\">Une autre proc\u00e9dure est ainsi confi\u00e9e \u00e0 la Brigade de r\u00e9pression de la d\u00e9linquance aux personnes (BRDP), apr\u00e8s la plainte d\u00e9pos\u00e9e en mai \u00e9galement de la <strong>joueuse de football<\/strong> <a href=\"https:\/\/actu.fr\/ile-de-france\/paris_75056\/paris-une-enquete-ouverte-pour-harcelement-moral-contre-le-psg-apres-la-plainte-de-kheira-hamraoui_62787660.html\" rel=\"nofollow noopener\" target=\"_blank\">Kheira Hamraoui<\/a> visant le PSG.<\/p>\n<p class=\" wall-content\">Dans ce dossier, la joueuse, qui avait \u00e9t\u00e9 agress\u00e9e et \u00e9volue d\u00e9sormais \u00e0 Al-Shabab en Arabie saoudite, affirme que le club l\u2019a <strong>mise \u00e0 l\u2019\u00e9cart apr\u00e8s sa convalescence<\/strong> afin de l\u2019inciter \u00e0 partir, selon une source proche du dossier.\u00a0Le PSG n\u2019est pas le seul club vis\u00e9 par des accusations.<\/p>\n<p>Vid\u00e9os : en ce moment sur ActuPlacard sur gazon<\/p>\n<p class=\" wall-content\">Que reprochent les joueurs \u00e0 leurs clubs\u2009? Concr\u00e8tement, lors de la p\u00e9riode estivale des transferts, encadr\u00e9e par la convention collective des footballeurs professionnels, des clubs peuvent placer les joueurs dont ils veulent se s\u00e9parer dans un \u00ab\u2009loft\u2009\u00bb, sorte de <strong>mise au placard<\/strong> adapt\u00e9e au gazon\u2009: plus d\u2019entra\u00eenement avec le groupe professionnel, plus de d\u00e9placements, ni de matchs\u2026<\/p>\n<p class=\" wall-content\">Selon l\u2019article\u00a0507 de la Charte du football fran\u00e7ais, qui fait office de convention collective, les clubs ont toutefois <strong>des devoirs envers ces joueurs<\/strong>\u2009: leur permettre d\u2019acc\u00e9der aux vestiaires, aux infrastructures d\u2019entra\u00eenement, \u00e0 des soins m\u00e9dicaux \u00ab\u2009\u00e9ventuellement diff\u00e9rents, mais de qualit\u00e9 identique\u2009\u00bb\u2026<\/p>\n<p class=\" wall-content\">Ils doivent aussi leur fournir les \u00e9quipements \u00ab\u2009pr\u00e9vus pour tous les joueurs professionnels\u2009\u00bb et leur proposer <strong>des horaires d\u2019entra\u00eenement<\/strong> \u00ab\u2009compatibles avec les autres conditions de pr\u00e9paration et d\u2019entra\u00eenement du groupe principal des professionnels, ainsi que respectueuses de la sant\u00e9 des joueurs\u2009\u00bb.<\/p>\n<p class=\" wall-content\">Ce \u00ab\u2009loft\u2009\u00bb doit se terminer le 1er\u00a0septembre, date de cl\u00f4ture du march\u00e9 des transferts. Mais ces pratiques connaissent de <strong>nombreuses d\u00e9rives<\/strong>, selon ses pourfendeurs. Cette mise \u00e0 l\u2019\u00e9cart, jug\u00e9e alors abusive, pousse les joueurs \u00e0 prolonger leur contrat au club ou, \u00e0 l\u2019inverse, \u00e0 accepter un transfert \u2013 une fa\u00e7on pour leur employeur de se s\u00e9parer d\u2019eux en s\u2019assurant de toucher des indemnit\u00e9s \u2013 voire \u00e0 r\u00e9silier leur contrat.<\/p>\n<p class=\" wall-content\">Sollicit\u00e9 jeudi, l\u2019avocat p\u00e9naliste de Kylian Mbapp\u00e9, Pierre-Olivier Sur, n\u2019a <strong>pas souhait\u00e9 commenter<\/strong> l\u2019ouverture d\u2019une information judiciaire. L\u2019entourage du joueur n\u2019a pas non plus voulu faire de commentaire et le PSG n\u2019a pas r\u00e9agi dans l\u2019imm\u00e9diat.<\/p>\n<p class=\" wall-content\">Outre le <strong>volet p\u00e9nal<\/strong>, Kylian Mbapp\u00e9 est \u00e9galement en <a href=\"https:\/\/actu.fr\/ile-de-france\/paris_75056\/litige-kylian-mbappe-psg-le-club-de-paris-denonce-des-manoeuvres-deloyales-et-demande-de-l-argent-au-joueur_62630006.html\" rel=\"nofollow noopener\" target=\"_blank\">litige financier avec le PSG<\/a>.<\/p>\n<p class=\" wall-content\">Avec AFP.<\/p>\n<p class=\" wall-content\">Suivez toute l\u2019actualit\u00e9 de vos villes et m\u00e9dias favoris en vous inscrivant \u00e0 <a href=\"https:\/\/moncompte.actu.fr\" title=\"D\u00e9couvez Mon Actu\" rel=\"nofollow noopener\" data-trk=\"{&quot;cta&quot;:{&quot;action&quot;:&quot;https:\\\/\\\/moncompte.actu.fr&quot;,&quot;category&quot;:&quot;mon compte&quot;,&quot;from&quot;:&quot;article footer&quot;,&quot;name&quot;:&quot;Mon actu&quot;,&quot;type&quot;:&quot;cta&quot;}}\" target=\"_blank\">Mon Actu<\/a>.<\/p>\n<ul class=\"ac-article-tag wall-content\">\n<li><a href=\"https:\/\/actu.fr\/tag\/kylian-mbappe\" data-trk=\"{&quot;cta&quot;:{&quot;action&quot;:&quot;Kylian MBapp\\u00e9&quot;,&quot;category&quot;:&quot;tag&quot;,&quot;from&quot;:&quot;article footer&quot;,&quot;name&quot;:&quot;Kylian MBapp\\u00e9&quot;,&quot;type&quot;:&quot;cta&quot;}}\" rel=\"nofollow noopener\" target=\"_blank\">#Kylian MBapp\u00e9<\/a><\/li>\n<li><a href=\"https:\/\/actu.fr\/tag\/paris-saint-germain-psg\" data-trk=\"{&quot;cta&quot;:{&quot;action&quot;:&quot;Paris Saint Germain (PSG)&quot;,&quot;category&quot;:&quot;tag&quot;,&quot;from&quot;:&quot;article footer&quot;,&quot;name&quot;:&quot;Paris Saint Germain (PSG)&quot;,&quot;type&quot;:&quot;cta&quot;}}\" rel=\"nofollow noopener\" target=\"_blank\">#Paris Saint Germain (PSG)<\/a><\/li>\n<\/ul>\n","protected":false},"excerpt":{"rendered":"Par R\u00e9daction Paris Publi\u00e9 le 26 juin 2025 \u00e0 17h46 Nouveau volet dans le conflit qui oppose le&hellip;\n","protected":false},"author":2,"featured_media":206243,"comment_status":"","ping_status":"","sticky":false,"template":"","format":"standard","meta":{"footnotes":""},"categories":[1888],"tags":[1111,1928,11,1927,1777,674,63,1011,27,6477,12,1926,626,1925,2332,25,60],"class_list":{"0":"post-206242","1":"post","2":"type-post","3":"status-publish","4":"format-standard","5":"has-post-thumbnail","7":"category-paris","8":"tag-actu","9":"tag-actu-paris","10":"tag-actualites","11":"tag-actualites-paris","12":"tag-eu","13":"tag-europe","14":"tag-football","15":"tag-fr","16":"tag-france","17":"tag-kylian-mbappe","18":"tag-news","19":"tag-news-paris","20":"tag-paris","21":"tag-paris-news","22":"tag-paris-saint-germain-psg","23":"tag-republique-francaise","24":"tag-sports"},"share_on_mastodon":{"url":"https:\/\/pubeurope.com\/@fr\/114750660473387415","error":""},"_links":{"self":[{"href":"https:\/\/www.europesays.com\/fr\/wp-json\/wp\/v2\/posts\/206242","targetHints":{"allow":["GET"]}}],"collection":[{"href":"https:\/\/www.europesays.com\/fr\/wp-json\/wp\/v2\/posts"}],"about":[{"href":"https:\/\/www.europesays.com\/fr\/wp-json\/wp\/v2\/types\/post"}],"author":[{"embeddable":true,"href":"https:\/\/www.europesays.com\/fr\/wp-json\/wp\/v2\/users\/2"}],"replies":[{"embeddable":true,"href":"https:\/\/www.europesays.com\/fr\/wp-json\/wp\/v2\/comments?post=206242"}],"version-history":[{"count":0,"href":"https:\/\/www.europesays.com\/fr\/wp-json\/wp\/v2\/posts\/206242\/revisions"}],"wp:featuredmedia":[{"embeddable":true,"href":"https:\/\/www.europesays.com\/fr\/wp-json\/wp\/v2\/media\/206243"}],"wp:attachment":[{"href":"https:\/\/www.europesays.com\/fr\/wp-json\/wp\/v2\/media?parent=206242"}],"wp:term":[{"taxonomy":"category","embeddable":true,"href":"https:\/\/www.europesays.com\/fr\/wp-json\/wp\/v2\/categories?post=206242"},{"taxonomy":"post_tag","embeddable":true,"href":"https:\/\/www.europesays.com\/fr\/wp-json\/wp\/v2\/tags?post=206242"}],"curies":[{"name":"wp","href":"https:\/\/api.w.org\/{rel}","templated":true}]}}