{"id":20625,"date":"2025-04-12T21:26:17","date_gmt":"2025-04-12T21:26:17","guid":{"rendered":"https:\/\/www.europesays.com\/fr\/20625\/"},"modified":"2025-04-12T21:26:17","modified_gmt":"2025-04-12T21:26:17","slug":"video-universal-va-venir-defier-disneyland-paris-avec-harry-potter-et-les-minions-en-2031","status":"publish","type":"post","link":"https:\/\/www.europesays.com\/fr\/20625\/","title":{"rendered":"VID\u00c9O. Universal va venir d\u00e9fier Disneyland Paris avec Harry Potter et les Minions en 2031"},"content":{"rendered":"<p class=\"paragraph text_align_left\">Le g\u00e9ant am\u00e9ricain du divertissement a choisi la ville de Bedford, \u00e0 75 km au nord de Londres, pour y implanter <a href=\"https:\/\/www.leparisien.fr\/culture-loisirs\/les-minions-jurassic-world-harry-potter-le-premier-parc-dattractions-duniversal-en-europe-ouvrira-au-royaume-uni-09-04-2025-ULBSKE67KVC3RC77ME4ZELPGTA.php\" rel=\"nofollow noopener\" target=\"_blank\">l\u2019un des plus grands complexes <\/a>de loisirs du continent. Un projet pharaonique salu\u00e9 par le Premier ministre britannique Keir Starmer, qui promet la cr\u00e9ation de 28 000 emplois dans les secteurs de la construction, du tourisme et m\u00eame de l\u2019intelligence artificielle.<\/p>\n<p class=\"paragraph text_align_left\">Ce futur parc proposera des attractions inspir\u00e9es des plus grands succ\u00e8s des studios hollywoodiens : \u00ab Jurassic World \u00bb, \u00ab Les Minions \u00bb, \u00ab Fast &amp; Furious \u00bb ou encore \u00ab Harry Potter \u00bb. Plus de 8,5 millions de visiteurs sont attendus la premi\u00e8re ann\u00e9e, avec un impact \u00e9conomique estim\u00e9 \u00e0 50 milliards de livres (58 milliards d\u2019euros) d\u2019ici 2055.<\/p>\n<p class=\"paragraph text_align_left\">\u00ab Nous sommes plus qu\u2019enthousiastes \u00e0 l\u2019id\u00e9e de franchir cette \u00e9tape tr\u00e8s importante dans notre plan visant \u00e0 cr\u00e9er un incroyable parc \u00e0 th\u00e8me au c\u0153ur du Royaume-Uni, qui compl\u00e8te notre activit\u00e9 croissante de parcs aux \u00c9tats-Unis, en \u00e9tendant notre territoire \u00e0 l\u2019Europe \u00bb, a d\u00e9clar\u00e9 Mike Cavanagh, pr\u00e9sident de Comcast Corporation, propri\u00e9taire d\u2019Universal Studio.<\/p>\n<p class=\"paragraph text_align_left\">Une annonce qui a de quoi inqui\u00e9ter Disneyland Paris, aujourd\u2019hui parc le plus visit\u00e9 d\u2019Europe avec 10,4 millions d\u2019entr\u00e9es en 2023. <a href=\"https:\/\/www.leparisien.fr\/culture-loisirs\/sortir-region-parisienne\/disneyland-paris-reine-des-neiges-roi-lion-raiponce-on-a-visite-les-nouveaux-espaces-geants-du-parc-12-04-2025-G2UBH5WMPNCK3LVVPADFQBVRMU.php\" rel=\"nofollow noopener\" target=\"_blank\">L\u2019ouverture du royaume de \u00ab La Reine des Neiges \u00bb<\/a>, pr\u00e9vue en 2026, suffira-t-elle \u00e0 maintenir l\u2019avantage face \u00e0 ce futur poids lourd du loisir familial ?<\/p>\n<p class=\"paragraph text_align_left\">Les travaux de construction du parc d\u2019Universal Studio devraient d\u00e9buter en 2026.<\/p>\n","protected":false},"excerpt":{"rendered":"Le g\u00e9ant am\u00e9ricain du divertissement a choisi la ville de Bedford, \u00e0 75 km au nord de Londres,&hellip;\n","protected":false},"author":2,"featured_media":20626,"comment_status":"","ping_status":"","sticky":false,"template":"","format":"standard","meta":{"footnotes":""},"categories":[1888],"tags":[11,872,1777,674,1011,27,12,626,25,133,2955],"class_list":{"0":"post-20625","1":"post","2":"type-post","3":"status-publish","4":"format-standard","5":"has-post-thumbnail","7":"category-paris","8":"tag-actualites","9":"tag-culture-et-loisirs","10":"tag-eu","11":"tag-europe","12":"tag-fr","13":"tag-france","14":"tag-news","15":"tag-paris","16":"tag-republique-francaise","17":"tag-video","18":"tag-videos"},"share_on_mastodon":{"url":"https:\/\/pubeurope.com\/@fr\/114327111872888323","error":""},"_links":{"self":[{"href":"https:\/\/www.europesays.com\/fr\/wp-json\/wp\/v2\/posts\/20625","targetHints":{"allow":["GET"]}}],"collection":[{"href":"https:\/\/www.europesays.com\/fr\/wp-json\/wp\/v2\/posts"}],"about":[{"href":"https:\/\/www.europesays.com\/fr\/wp-json\/wp\/v2\/types\/post"}],"author":[{"embeddable":true,"href":"https:\/\/www.europesays.com\/fr\/wp-json\/wp\/v2\/users\/2"}],"replies":[{"embeddable":true,"href":"https:\/\/www.europesays.com\/fr\/wp-json\/wp\/v2\/comments?post=20625"}],"version-history":[{"count":0,"href":"https:\/\/www.europesays.com\/fr\/wp-json\/wp\/v2\/posts\/20625\/revisions"}],"wp:featuredmedia":[{"embeddable":true,"href":"https:\/\/www.europesays.com\/fr\/wp-json\/wp\/v2\/media\/20626"}],"wp:attachment":[{"href":"https:\/\/www.europesays.com\/fr\/wp-json\/wp\/v2\/media?parent=20625"}],"wp:term":[{"taxonomy":"category","embeddable":true,"href":"https:\/\/www.europesays.com\/fr\/wp-json\/wp\/v2\/categories?post=20625"},{"taxonomy":"post_tag","embeddable":true,"href":"https:\/\/www.europesays.com\/fr\/wp-json\/wp\/v2\/tags?post=20625"}],"curies":[{"name":"wp","href":"https:\/\/api.w.org\/{rel}","templated":true}]}}