{"id":206251,"date":"2025-06-26T16:45:17","date_gmt":"2025-06-26T16:45:17","guid":{"rendered":"https:\/\/www.europesays.com\/fr\/206251\/"},"modified":"2025-06-26T16:45:17","modified_gmt":"2025-06-26T16:45:17","slug":"guerre-en-ukraine-la-course-a-larmement-pourrait-provoquer-la-chute-de-poutine-comme-elle-avait-provoque-la-chute-de-lurss-selon-la-pologne-26-06-2025-a-1734","status":"publish","type":"post","link":"https:\/\/www.europesays.com\/fr\/206251\/","title":{"rendered":"Guerre en Ukraine : la course \u00e0 l&rsquo;armement pourrait provoquer la chute de Poutine comme elle avait provoqu\u00e9 la chute de l&rsquo;URSS, selon la Pologne &#8211; 26\/06\/2025 \u00e0 17:34"},"content":{"rendered":"<p> Vladimir Poutine \u00ab\u00a0une guerre tr\u00e8s co\u00fbteuse\u00a0\u00bb et il \u00ab\u00a0a effray\u00e9 et provoqu\u00e9 l&rsquo;Occident\u00a0\u00bb, a estim\u00e9 le ministre des Affaires \u00e9trang\u00e8res polonais.<\/p>\n<p>        <img fetchpriority=\"high\" decoding=\"async\" src=\"https:\/\/www.europesays.com\/fr\/wp-content\/uploads\/2025\/06\/cdc24066b0f4ee8991801fcd7d3011a1-760x507.jpg\" alt=\"Radoslaw Sikorski \u00e0 Varsovie, en Pologne, le 26 juin 2025. ( AFP \/ WOJTEK RADWANSKI )\" loading=\"eager\" width=\"760\" height=\"507\" style=\"max-width: 100%!important; height: auto;\"\/><\/p>\n<p class=\"c-image-news__legend\">Radoslaw Sikorski \u00e0 Varsovie, en Pologne, le 26 juin 2025. ( AFP \/ WOJTEK RADWANSKI )<\/p>\n<p>\n La course \u00e0 l&rsquo;armement avait provoqu\u00e9 la chute de l&rsquo;Union sovi\u00e9tique, et Vladimir Poutine fait exactement la m\u00eame chose, a soulign\u00e9 jeudi 26 juin le chef de la diplomatie polonaise Radoslaw Sikorski.\n<\/p>\n<p>\n Le ministre des Affaires \u00e9trang\u00e8res de ce pays membre de l&rsquo;Otan s&rsquo;est exprim\u00e9 au lendemain du<br \/>\n <a href=\"https:\/\/www.boursorama.com\/actualite-economique\/actualites\/les-pays-de-l-otan-promettent-de-payer-plus-pour-leur-defense-trump-crie-victoire-392c2b976842d7131e0bfb2a2cfa2b47\" title=\"Les pays de l Otan promettent de payer plus pour leur d\u00e9fense, Trump crie victoire\" rel=\"nofollow noopener\" target=\"_blank\"><br \/>\n  sommet de l&rsquo;alliance qui a convenu d&rsquo;augmenter tr\u00e8s nettement ses d\u00e9penses de d\u00e9fense<br \/>\n <\/a><br \/>\n , consid\u00e9r\u00e9es comme essentielles pour contrer la menace venant de la Russie.\n<\/p>\n<p>\n Vladimir Poutine \u00ab\u00a0devrait comprendre qu&rsquo;il suit le chemin (du dirigeant sovi\u00e9tique L\u00e9onid) Brejnev. Lui m\u00eame en a parl\u00e9 un jour, disant que<br \/>\n <strong><br \/>\n  l&rsquo;Union sovi\u00e9tique s&rsquo;\u00e9tait effondr\u00e9e parce qu&rsquo;elle d\u00e9pensait trop pour l&rsquo;armement<br \/>\n <\/strong><br \/>\n , et maintenant il fait exactement la m\u00eame chose\u00a0\u00bb, a d\u00e9clar\u00e9 Radoslaw Sikorski, lors d&rsquo;une interview accord\u00e9e \u00e0 l&rsquo;<\/p>\n<p>  AFP<\/p>\n<p> , \u00e0 l&rsquo;agence polonaise<\/p>\n<p>  PAP<\/p>\n<p> et l&rsquo;agence allemande<\/p>\n<p>  DPA<\/p>\n<p> .\n<\/p>\n<p> \u00ab\u00a0Une \u00e9conomie de la taille du Texas\u00a0\u00bb<\/p>\n<p>\n <strong><br \/>\n  \u00ab\u00a0Il m\u00e8ne une guerre tr\u00e8s co\u00fbteuse, a effray\u00e9 et provoqu\u00e9 l&rsquo;Occident<br \/>\n <\/strong><br \/>\n pour qu&rsquo;il augmente les d\u00e9penses de d\u00e9fense (&#8230;) Nous on le fait parce que Poutine nous menace\u00a0\u00bb, a indiqu\u00e9 Radoslaw Sikorski.\n<\/p>\n<p>\n \u00ab\u00a0Cela signifie que, d&rsquo;<br \/>\n <strong><br \/>\n  une \u00e9conomie de la taille du Texas<br \/>\n <\/strong><br \/>\n , Poutine devra extraire encore davantage de fonds pour la d\u00e9fense. Pourvu que cela se solde par un r\u00e9sultat similaire pour le r\u00e9gime (russe), mais en plus rapide\u00a0\u00bb, a-t-il ajout\u00e9.\n<\/p>\n<p>\n Lors d&rsquo;un sommet de l&rsquo;Otan \u00e0 La Haye, les dirigeants des pays membres de l&rsquo;Alliance ont convenu la veille d&rsquo;investir 5% de leur Produit int\u00e9rieur brut (PIB) annuel dans leur s\u00e9curit\u00e9 \u00e0 l&rsquo;horizon 2035, conform\u00e9ment aux demandes du pr\u00e9sident am\u00e9ricain Donald Trump.\n<\/p>\n<p>\n Le compromis \u00e9labor\u00e9 par l&rsquo;Otan pr\u00e9voit que les les alli\u00e9s veulent allouer<br \/>\n <strong><br \/>\n  \u00ab\u00a0au moins 3,5% du PIB\u00a0\u00bb \u00e0 leurs d\u00e9penses militaires et 1,5% suppl\u00e9mentaire \u00e0 la s\u00e9curit\u00e9 au sens large<br \/>\n <\/strong><br \/>\n comme la \u00ab\u00a0protection des infrastructures critiques\u00a0\u00bb et la d\u00e9fense des \u00ab\u00a0r\u00e9seaux\u00a0\u00bb.\n<\/p>\n<p>\n Les 32 pays membres ont \u00ab\u00a0r\u00e9affirm\u00e9\u00a0\u00bb leur soutien \u00e0 l&rsquo;Ukraine, \u00ab\u00a0dont la s\u00e9curit\u00e9 contribue \u00e0 la n\u00f4tre\u00a0\u00bb, et ont mentionn\u00e9 \u00ab\u00a0la menace \u00e0 long terme\u00a0\u00bb que constitue la Russie.<\/p>\n","protected":false},"excerpt":{"rendered":"Vladimir Poutine \u00ab\u00a0une guerre tr\u00e8s co\u00fbteuse\u00a0\u00bb et il \u00ab\u00a0a effray\u00e9 et provoqu\u00e9 l&rsquo;Occident\u00a0\u00bb, a estim\u00e9 le ministre des&hellip;\n","protected":false},"author":2,"featured_media":206252,"comment_status":"","ping_status":"","sticky":false,"template":"","format":"standard","meta":{"footnotes":""},"categories":[1590],"tags":[400,11,398,408,405,1777,674,403,402,399,404,12,401,406,220,407],"class_list":{"0":"post-206251","1":"post","2":"type-post","3":"status-publish","4":"format-standard","5":"has-post-thumbnail","7":"category-ukraine","8":"tag-action-cac-40","9":"tag-actualites","10":"tag-bourse-de-paris","11":"tag-boursorama","12":"tag-cotations","13":"tag-eu","14":"tag-europe","15":"tag-indices-devises","16":"tag-investir","17":"tag-investissement","18":"tag-marche-boursier","19":"tag-news","20":"tag-sicav","21":"tag-trackers","22":"tag-ukraine","23":"tag-warrants"},"share_on_mastodon":{"url":"https:\/\/pubeurope.com\/@fr\/114750680252069621","error":""},"_links":{"self":[{"href":"https:\/\/www.europesays.com\/fr\/wp-json\/wp\/v2\/posts\/206251","targetHints":{"allow":["GET"]}}],"collection":[{"href":"https:\/\/www.europesays.com\/fr\/wp-json\/wp\/v2\/posts"}],"about":[{"href":"https:\/\/www.europesays.com\/fr\/wp-json\/wp\/v2\/types\/post"}],"author":[{"embeddable":true,"href":"https:\/\/www.europesays.com\/fr\/wp-json\/wp\/v2\/users\/2"}],"replies":[{"embeddable":true,"href":"https:\/\/www.europesays.com\/fr\/wp-json\/wp\/v2\/comments?post=206251"}],"version-history":[{"count":0,"href":"https:\/\/www.europesays.com\/fr\/wp-json\/wp\/v2\/posts\/206251\/revisions"}],"wp:featuredmedia":[{"embeddable":true,"href":"https:\/\/www.europesays.com\/fr\/wp-json\/wp\/v2\/media\/206252"}],"wp:attachment":[{"href":"https:\/\/www.europesays.com\/fr\/wp-json\/wp\/v2\/media?parent=206251"}],"wp:term":[{"taxonomy":"category","embeddable":true,"href":"https:\/\/www.europesays.com\/fr\/wp-json\/wp\/v2\/categories?post=206251"},{"taxonomy":"post_tag","embeddable":true,"href":"https:\/\/www.europesays.com\/fr\/wp-json\/wp\/v2\/tags?post=206251"}],"curies":[{"name":"wp","href":"https:\/\/api.w.org\/{rel}","templated":true}]}}