{"id":206253,"date":"2025-06-26T16:46:10","date_gmt":"2025-06-26T16:46:10","guid":{"rendered":"https:\/\/www.europesays.com\/fr\/206253\/"},"modified":"2025-06-26T16:46:10","modified_gmt":"2025-06-26T16:46:10","slug":"vers-une-liberation-de-capital-significative-pour-les-grandes-banques-avec-un-premier-assouplissement-reglementaire-de-la-fed","status":"publish","type":"post","link":"https:\/\/www.europesays.com\/fr\/206253\/","title":{"rendered":"Vers une lib\u00e9ration de capital significative pour les grandes banques avec un premier assouplissement r\u00e9glementaire de la Fed"},"content":{"rendered":"<p>La Fed a d\u00e9voil\u00e9 mercredi une proposition visant \u00e0 assouplir les exigences de fonds propres des banques dans l&rsquo;espoir, notamment, de faciliter les investissements sur le march\u00e9 des bons du Tr\u00e9sor.<\/p>\n<p>Il s&rsquo;agirait de modifier le calcul du ratio de levier suppl\u00e9mentaire (SLR), un coussin de capitaux destin\u00e9s \u00e0 absorber des pertes \u00e9ventuelles m\u00eame sur des actifs peu risqu\u00e9s comme les bons du Tr\u00e9sor, en pond\u00e9rant les exigences de capital suppl\u00e9mentaire selon le risque que chaque \u00e9tablissement pose pour la stabilit\u00e9 financi\u00e8re, <\/p>\n<p>La proposition, approuv\u00e9e \u00e0 cinq voix contre deux par la Fed, est la premi\u00e8re d&rsquo;une probable longue marche de d\u00e9r\u00e9gulation bancaire organis\u00e9e par la nouvelle vice-pr\u00e9sidente de la banque centrale en charge de la supervision nomm\u00e9e par Donald Trump, Michelle Bowman.<\/p>\n<p>Les analystes de Goldman Sachs s&rsquo;attendent \u00e0 ce que le changement de r\u00e8gles lib\u00e8re jusqu&rsquo;\u00e0 5.500 milliards de dollars de capital pour les banques am\u00e9ricaines tandis que ceux de Morgan Stanley \u00e9voquent 185 milliards de dollars lib\u00e9r\u00e9s pour les banques que le broker couvre. <\/p>\n<p>\u00ab\u00a0Les changements apport\u00e9s au calcul du SLR devraient augmenter la disponibilit\u00e9 (et potentiellement r\u00e9duire le co\u00fbt) des financements garantis \u00e0 court terme pour les acteurs du march\u00e9, am\u00e9liorant ainsi la liquidit\u00e9 des march\u00e9s financiers et du march\u00e9 du Tr\u00e9sor am\u00e9ricain en particulier\u00a0\u00bb, ont estim\u00e9 les analystes de Goldman Sachs dans une note. <\/p>\n<p>\u00ab\u00a0La proposition de la Fed de recalibrer le SLR devrait donner au syst\u00e8me bancaire une capacit\u00e9 significative d&rsquo;\u00e9tendre son bilan dans des actifs \u00e0 faible risque\u00a0\u00bb, ont quant \u00e0 eux jug\u00e9 les analystes de Barclays.<\/p>\n<p> (R\u00e9dig\u00e9 par Manya Saini ; version fran\u00e7aise Bertrand De Meyer ; \u00e9dit\u00e9 par Augustin Turpin)<\/p>\n","protected":false},"excerpt":{"rendered":"La Fed a d\u00e9voil\u00e9 mercredi une proposition visant \u00e0 assouplir les exigences de fonds propres des banques dans&hellip;\n","protected":false},"author":2,"featured_media":206254,"comment_status":"","ping_status":"","sticky":false,"template":"","format":"standard","meta":{"footnotes":""},"categories":[1589],"tags":[11,2125,73,1866,2124,12,1864,1865,1863,308],"class_list":{"0":"post-206253","1":"post","2":"type-post","3":"status-publish","4":"format-standard","5":"has-post-thumbnail","7":"category-etats-unis","8":"tag-actualites","9":"tag-depeches-reuters","10":"tag-etats-unis","11":"tag-etats-unis-damerique","12":"tag-infos-reuters","13":"tag-news","14":"tag-united-states","15":"tag-united-states-of-america","16":"tag-us","17":"tag-usa"},"share_on_mastodon":{"url":"https:\/\/pubeurope.com\/@fr\/114750684095817834","error":""},"_links":{"self":[{"href":"https:\/\/www.europesays.com\/fr\/wp-json\/wp\/v2\/posts\/206253","targetHints":{"allow":["GET"]}}],"collection":[{"href":"https:\/\/www.europesays.com\/fr\/wp-json\/wp\/v2\/posts"}],"about":[{"href":"https:\/\/www.europesays.com\/fr\/wp-json\/wp\/v2\/types\/post"}],"author":[{"embeddable":true,"href":"https:\/\/www.europesays.com\/fr\/wp-json\/wp\/v2\/users\/2"}],"replies":[{"embeddable":true,"href":"https:\/\/www.europesays.com\/fr\/wp-json\/wp\/v2\/comments?post=206253"}],"version-history":[{"count":0,"href":"https:\/\/www.europesays.com\/fr\/wp-json\/wp\/v2\/posts\/206253\/revisions"}],"wp:featuredmedia":[{"embeddable":true,"href":"https:\/\/www.europesays.com\/fr\/wp-json\/wp\/v2\/media\/206254"}],"wp:attachment":[{"href":"https:\/\/www.europesays.com\/fr\/wp-json\/wp\/v2\/media?parent=206253"}],"wp:term":[{"taxonomy":"category","embeddable":true,"href":"https:\/\/www.europesays.com\/fr\/wp-json\/wp\/v2\/categories?post=206253"},{"taxonomy":"post_tag","embeddable":true,"href":"https:\/\/www.europesays.com\/fr\/wp-json\/wp\/v2\/tags?post=206253"}],"curies":[{"name":"wp","href":"https:\/\/api.w.org\/{rel}","templated":true}]}}