{"id":206257,"date":"2025-06-26T16:48:11","date_gmt":"2025-06-26T16:48:11","guid":{"rendered":"https:\/\/www.europesays.com\/fr\/206257\/"},"modified":"2025-06-26T16:48:11","modified_gmt":"2025-06-26T16:48:11","slug":"allemagne-les-defaillances-dentreprises-au-plus-haut-niveau-depuis-dix-ans-selon-une-etude-26-06-2025-a-1437","status":"publish","type":"post","link":"https:\/\/www.europesays.com\/fr\/206257\/","title":{"rendered":"Allemagne: Les d\u00e9faillances d&rsquo;entreprises au plus haut niveau depuis dix ans, selon une \u00e9tude &#8211; 26\/06\/2025 \u00e0 14:37"},"content":{"rendered":"<p>        <img fetchpriority=\"high\" decoding=\"async\" src=\"https:\/\/www.europesays.com\/fr\/wp-content\/uploads\/2025\/06\/cbfa87b14d21e1a0f193835dca8ece42-760x506.jpg\" alt=\"Le quartier bancaire se profile \u00e0 l'horizon au coucher du soleil \u00e0 Francfort\" loading=\"eager\" width=\"760\" height=\"506\" style=\"max-width: 100%!important; height: auto;\"\/><\/p>\n<p class=\"c-image-news__legend\">Le quartier bancaire se profile \u00e0 l&rsquo;horizon au coucher du soleil \u00e0 Francfort<\/p>\n<p>\n Les d\u00e9faillances d&rsquo;entreprises en Allemagne ont atteint leur plus haut niveau en dix ans au premier semestre 2025, en raison d&rsquo;une demande faible, de la hausse des co\u00fbts et d&rsquo;un contexte \u00e9conomique incertain, montre une \u00e9tude publi\u00e9e jeudi par le cabinet d&rsquo;\u00e9tudes Creditreform.\n<\/p>\n<p>\n Quelque 11.900 faillites d&rsquo;entreprises ont \u00e9t\u00e9 enregistr\u00e9es au cours des six premiers mois de cette ann\u00e9e, soit 9,4% de plus qu&rsquo;au cours de la m\u00eame p\u00e9riode de l&rsquo;ann\u00e9e pr\u00e9c\u00e9dente, selon l&rsquo;\u00e9tude.\n<\/p>\n<p>\n \u00ab\u00a0L&rsquo;Allemagne reste plong\u00e9e dans une crise \u00e9conomique et structurelle profonde\u00a0\u00bb, a d\u00e9clar\u00e9 Patrik-Ludwig Hantzsch, \u00e9conomiste chez Creditreform.\n<\/p>\n<p>\n Les entreprises allemandes sont de plus en plus en difficult\u00e9, car leurs r\u00e9serves financi\u00e8res s&rsquo;amenuisent et, dans certains cas, les pr\u00eats ne sont plus prolong\u00e9s, a ajout\u00e9 l&rsquo;analyste.\n<\/p>\n<p>\n Il a \u00e9galement pr\u00e9venu que le risque de d\u00e9faillances resterait \u00e9lev\u00e9 pour le reste de l&rsquo;ann\u00e9e, car il est peu probable que l&rsquo;\u00e9conomie allemande, qui a enregistr\u00e9 en 2024 sa deuxi\u00e8me ann\u00e9e cons\u00e9cutive de r\u00e9cession, se redresse de mani\u00e8re significative prochainement.\n<\/p>\n<p>\n La reprise \u00e9conomique ne devrait pas se faire sentir avant la mise en place en 2026 du fonds d&rsquo;investissement de 500 milliards d&rsquo;euros approuv\u00e9 au d\u00e9but de l&rsquo;ann\u00e9e par le gouvernement de Friedrich Merz.\n<\/p>\n<p>\n Le nombre d&#8217;employ\u00e9s qui travaillaient dans ces entreprises en faillite s&rsquo;\u00e9l\u00e8ve au total \u00e0 environ 141.000, selon Creditreform.\n<\/p>\n<p>\n \u00ab\u00a0La persistance d&rsquo;un niveau \u00e9lev\u00e9 de d\u00e9faillances d\u00e9clenche de plus en plus de r\u00e9actions en cha\u00eene\u00a0\u00bb, note Patrik-Ludwig Hantzsch.\n<\/p>\n<p>\n (Reportage Klaus Lauer, version fran\u00e7aise Diana Mandia)<\/p>\n","protected":false},"excerpt":{"rendered":"Le quartier bancaire se profile \u00e0 l&rsquo;horizon au coucher du soleil \u00e0 Francfort Les d\u00e9faillances d&rsquo;entreprises en Allemagne&hellip;\n","protected":false},"author":2,"featured_media":206258,"comment_status":"","ping_status":"","sticky":false,"template":"","format":"standard","meta":{"footnotes":""},"categories":[1587],"tags":[400,11,672,398,408,1804,405,1805,1803,1777,674,1801,403,402,399,404,12,1802,401,406,407],"class_list":{"0":"post-206257","1":"post","2":"type-post","3":"status-publish","4":"format-standard","5":"has-post-thumbnail","7":"category-allemagne","8":"tag-action-cac-40","9":"tag-actualites","10":"tag-allemagne","11":"tag-bourse-de-paris","12":"tag-boursorama","13":"tag-bundesrepublik-deutschland","14":"tag-cotations","15":"tag-de","16":"tag-deutschland","17":"tag-eu","18":"tag-europe","19":"tag-germany","20":"tag-indices-devises","21":"tag-investir","22":"tag-investissement","23":"tag-marche-boursier","24":"tag-news","25":"tag-republique-federale-dallemagne","26":"tag-sicav","27":"tag-trackers","28":"tag-warrants"},"share_on_mastodon":{"url":"https:\/\/pubeurope.com\/@fr\/114750692051590435","error":""},"_links":{"self":[{"href":"https:\/\/www.europesays.com\/fr\/wp-json\/wp\/v2\/posts\/206257","targetHints":{"allow":["GET"]}}],"collection":[{"href":"https:\/\/www.europesays.com\/fr\/wp-json\/wp\/v2\/posts"}],"about":[{"href":"https:\/\/www.europesays.com\/fr\/wp-json\/wp\/v2\/types\/post"}],"author":[{"embeddable":true,"href":"https:\/\/www.europesays.com\/fr\/wp-json\/wp\/v2\/users\/2"}],"replies":[{"embeddable":true,"href":"https:\/\/www.europesays.com\/fr\/wp-json\/wp\/v2\/comments?post=206257"}],"version-history":[{"count":0,"href":"https:\/\/www.europesays.com\/fr\/wp-json\/wp\/v2\/posts\/206257\/revisions"}],"wp:featuredmedia":[{"embeddable":true,"href":"https:\/\/www.europesays.com\/fr\/wp-json\/wp\/v2\/media\/206258"}],"wp:attachment":[{"href":"https:\/\/www.europesays.com\/fr\/wp-json\/wp\/v2\/media?parent=206257"}],"wp:term":[{"taxonomy":"category","embeddable":true,"href":"https:\/\/www.europesays.com\/fr\/wp-json\/wp\/v2\/categories?post=206257"},{"taxonomy":"post_tag","embeddable":true,"href":"https:\/\/www.europesays.com\/fr\/wp-json\/wp\/v2\/tags?post=206257"}],"curies":[{"name":"wp","href":"https:\/\/api.w.org\/{rel}","templated":true}]}}