{"id":206273,"date":"2025-06-26T16:57:10","date_gmt":"2025-06-26T16:57:10","guid":{"rendered":"https:\/\/www.europesays.com\/fr\/206273\/"},"modified":"2025-06-26T16:57:10","modified_gmt":"2025-06-26T16:57:10","slug":"wimbledon-alcaraz-a-djokovic-pendant-leur-entrainement-jai-ferme-les-yeux-et-jai-eu-de-la-chance","status":"publish","type":"post","link":"https:\/\/www.europesays.com\/fr\/206273\/","title":{"rendered":"Wimbledon > Alcaraz \u00e0 Djokovic pendant leur entra\u00eenement : \u00ab\u00a0J&rsquo;ai ferm\u00e9 les yeux et j&rsquo;ai eu de la chance\u00a0\u00bb"},"content":{"rendered":"<p>Finalistes des deux derni\u00e8res \u00e9ditions de Wimbledon, Carlos Alcaraz et Novak Djokovic se sont retrouv\u00e9s pour un entra\u00ee\u00adne\u00adment sur le Centre Court ce jeudi, \u00e0 trois jours du d\u00e9but du tournoi (29 juin au 13 juillet).\u00a0<\/p>\n<p>Pr\u00e9sent sur place, le jour\u00adna\u00adliste espa\u00adgnol Manuel Sanchez a racont\u00e9 le d\u00e9roul\u00e9 de la s\u00e9ance. Il a notam\u00adment rapport\u00e9 les propos du double tenant du titre, tr\u00e8s humble face au septuple vain\u00adqueur du Grand Chelem londonien.\u00a0<\/p>\n<p><strong>\u00ab\u202fL\u2019entra\u00eenement s\u2019est termin\u00e9 \u00e0 5\u20135. Pour l\u2019anec\u00addote, Alcaraz a r\u00e9ussi un passing shot \u00e0 une main en pleine course et s\u2019est excus\u00e9\u00a0: \u2018J\u2019ai ferm\u00e9 les yeux et j\u2019ai eu de la chance.\u2019\u202f\u00bb<\/strong><\/p>\n<blockquote class=\"twitter-tweet\">\n<p lang=\"es\" dir=\"ltr\">El entreno se acaba con 5\u20135.<\/p>\n<p>Como an\u00e9c\u00addota, Alcaraz le ha metido un \u2018passing shot\u2019 en carrera a una mano y se ha discul\u00adpado.<\/p>\n<p>\u201cHe cerrado los ojos y ha salido de suerte\u201d. <a href=\"https:\/\/t.co\/S8dSNvyXrB\" data-wpel-link=\"external\" target=\"_blank\" rel=\"nofollow external noopener\">pic.twitter.com\/S8dSNvyXrB<\/a><\/p>\n<p>\u2014 Manuel S\u00e1nchez (@ManuSanchezGom) <a href=\"https:\/\/twitter.com\/ManuSanchezGom\/status\/1938225496858255780?ref_src=twsrc%5Etfw\" data-wpel-link=\"external\" target=\"_blank\" rel=\"nofollow external noopener\">June 26,\u00a02025<\/a><\/p><\/blockquote>\n<p>Une atmo\u00adsph\u00e8re d\u00e9tendue semblait r\u00e9gn\u00e9 sur le gazon, o\u00f9 les deux cham\u00adpions ont affich\u00e9 comme toujours une belle complicit\u00e9.<\/p>\n<p class=\"post-published-date\" style=\"color: silver; font-size: 75%; text-align: left;\">Publi\u00e9 le jeudi 26 juin 2025 \u00e0 15:35<\/p>\n<p><script async src=\"https:\/\/platform.twitter.com\/widgets.js\" charset=\"utf-8\"><\/script><\/p>\n","protected":false},"excerpt":{"rendered":"Finalistes des deux derni\u00e8res \u00e9ditions de Wimbledon, Carlos Alcaraz et Novak Djokovic se sont retrouv\u00e9s pour un entra\u00ee\u00adne\u00adment&hellip;\n","protected":false},"author":2,"featured_media":184223,"comment_status":"","ping_status":"","sticky":false,"template":"","format":"standard","meta":{"footnotes":""},"categories":[1415],"tags":[1744,105,1011,27,60,1467],"class_list":{"0":"post-206273","1":"post","2":"type-post","3":"status-publish","4":"format-standard","5":"has-post-thumbnail","7":"category-tennis","8":"tag-alcaraz","9":"tag-djokovic","10":"tag-fr","11":"tag-france","12":"tag-sports","13":"tag-tennis"},"share_on_mastodon":{"url":"https:\/\/pubeurope.com\/@fr\/114750727311141443","error":""},"_links":{"self":[{"href":"https:\/\/www.europesays.com\/fr\/wp-json\/wp\/v2\/posts\/206273","targetHints":{"allow":["GET"]}}],"collection":[{"href":"https:\/\/www.europesays.com\/fr\/wp-json\/wp\/v2\/posts"}],"about":[{"href":"https:\/\/www.europesays.com\/fr\/wp-json\/wp\/v2\/types\/post"}],"author":[{"embeddable":true,"href":"https:\/\/www.europesays.com\/fr\/wp-json\/wp\/v2\/users\/2"}],"replies":[{"embeddable":true,"href":"https:\/\/www.europesays.com\/fr\/wp-json\/wp\/v2\/comments?post=206273"}],"version-history":[{"count":0,"href":"https:\/\/www.europesays.com\/fr\/wp-json\/wp\/v2\/posts\/206273\/revisions"}],"wp:featuredmedia":[{"embeddable":true,"href":"https:\/\/www.europesays.com\/fr\/wp-json\/wp\/v2\/media\/184223"}],"wp:attachment":[{"href":"https:\/\/www.europesays.com\/fr\/wp-json\/wp\/v2\/media?parent=206273"}],"wp:term":[{"taxonomy":"category","embeddable":true,"href":"https:\/\/www.europesays.com\/fr\/wp-json\/wp\/v2\/categories?post=206273"},{"taxonomy":"post_tag","embeddable":true,"href":"https:\/\/www.europesays.com\/fr\/wp-json\/wp\/v2\/tags?post=206273"}],"curies":[{"name":"wp","href":"https:\/\/api.w.org\/{rel}","templated":true}]}}