{"id":206284,"date":"2025-06-26T17:04:11","date_gmt":"2025-06-26T17:04:11","guid":{"rendered":"https:\/\/www.europesays.com\/fr\/206284\/"},"modified":"2025-06-26T17:04:11","modified_gmt":"2025-06-26T17:04:11","slug":"le-maroc-brille-de-mille-feux-aux-rencontres-de-la-photographie-darles","status":"publish","type":"post","link":"https:\/\/www.europesays.com\/fr\/206284\/","title":{"rendered":"Le Maroc brille de mille feux aux Rencontres de la photographie d\u2019Arles"},"content":{"rendered":"<p>La 56e \u00e9dition des Rencontres de la photographie d\u2019Arles se tient dans la ville fran\u00e7aise, du 7 au 14 juillet 2025, avec la participation marqu\u00e9e de photographes marocains du Maroc et de l\u2019\u00e9tranger. Avec le soutien du Conseil de la communaut\u00e9 marocaine \u00e0 l\u2019\u00e9tranger (CCME), deux expositions collectives proposent une mise en lumi\u00e8re de ces travaux artistiques, des initiatives organis\u00e9es par les Rencontres de la photographie de Marrakech et l\u2019Association marocaine d\u2019art photographique (AMAP) bas\u00e9e \u00e0 Rabat.<\/p>\n<p>Selon un communiqu\u00e9 du CCME, la projection photographique \u00abDiscours crois\u00e9s : Le Maroc regard\u00e9, le Maroc regardant\u00bb se tiendra lors de la Nuit de l\u2019ann\u00e9e, \u00abl\u2019un des temps forts de la programmation officielle du festival\u00bb r\u00e9unissant 40 artistes, dont 20 nationaux du Maroc et du monde et 20 internationaux. \u00abElle propose un dialogue visuel in\u00e9dit autour du Maroc, \u00e0 la fois objet de regard et sujet regardant\u00bb, ajoute la m\u00eame source. Y prendront part des photographes de France (Mehdi Ait El Mallali, Ilias El Faris, Nezar El Hjiri, Aassmaa Akhannouch, Morgane Ahmar, Louisa Ben), des Pays-Bas (Sabrina Charehbili, Mounir Raji et Maryam Touzani), du Canada (M\u2019hammed Kilito), du Royaume-Uni (Hamza Lafrouji), de Chine (Anass Ouaziz), d\u2019Italie (Iman Zaoin) et du Maroc (Yassine Sellame, Rida Tabit, Ali El Madani, Yasmine Hatimi, Seif Kousmate, Abderrahmane Ajja et Charaf Lahib), fait savoir l\u2019institution.<\/p>\n<p>Exposition majeure des Rencontres de la photographie de Marrakech, \u00abCrossings : Au-del\u00e0 des fronti\u00e8res\u00bb s\u2019inspire de l\u2019esprit de la Marche verte, en invitant \u00e0 \u00abrepenser les fronti\u00e8res non comme des lignes de s\u00e9paration, mais comme des espaces de passage, d\u2019\u00e9change, d\u2019appartenance et de dialogue\u00bb. Les deux initiatives sont organis\u00e9es par les associations Voix plurielles et Cultures nomades production.<\/p>\n<p>Dans le off du festival, l\u2019AMAP pr\u00e9sente quant \u00e0 elle l\u2019exposition \u00abInterf\u00e9rences : Un certain regard sur la photographie marocaine\u00bb, avec la participation de 18 artistes nationaux de diverses g\u00e9n\u00e9rations. Ces \u0153uvres sont voulues par l\u2019association comme un questionnement autour de \u00abla m\u00e9moire, les identit\u00e9s mouvantes, les r\u00e9cits intimes, les tensions politiques, les fronti\u00e8res physiques et mentales, ainsi que des th\u00e9matiques li\u00e9es au corps, \u00e0 l\u2019espace public et \u00e0 la condition f\u00e9minine\u00bb.\u00a0<\/p>\n<p>L\u2019exposition conna\u00eet la participation des photographes Ja\u00e2far Akil, Abderrazzak Benchaabane, Ahmed Benismael, Youssef Bensaoud, Lhoucine Boubelrhiti, Mohammed Mali, Mehdy Mariouch, Safaa Mazirh, Jamal Mehssani et Miloud Stira (Maroc), Yasmina Alaoui (\u00c9tats-Unis), Karima Hajji (Belgique), Driss Aroussi, Hicham Benohoud, Badr El Hammami, Yasmine Hajji, Mouna Karimi et Fatima Mazmouz (France). Le catalogue de 136 pages est co-\u00e9dit\u00e9 par l\u2019AMAP et le CCME.<\/p>\n","protected":false},"excerpt":{"rendered":"La 56e \u00e9dition des Rencontres de la photographie d\u2019Arles se tient dans la ville fran\u00e7aise, du 7 au&hellip;\n","protected":false},"author":2,"featured_media":206285,"comment_status":"","ping_status":"","sticky":false,"template":"","format":"standard","meta":{"footnotes":""},"categories":[1358],"tags":[1348,1384,1385,1386,58,59,1011,27],"class_list":{"0":"post-206284","1":"post","2":"type-post","3":"status-publish","4":"format-standard","5":"has-post-thumbnail","7":"category-arts-et-design","8":"tag-arts","9":"tag-arts-and-design","10":"tag-arts-et-design","11":"tag-design","12":"tag-divertissement","13":"tag-entertainment","14":"tag-fr","15":"tag-france"},"share_on_mastodon":{"url":"https:\/\/pubeurope.com\/@fr\/114750754946170002","error":""},"_links":{"self":[{"href":"https:\/\/www.europesays.com\/fr\/wp-json\/wp\/v2\/posts\/206284","targetHints":{"allow":["GET"]}}],"collection":[{"href":"https:\/\/www.europesays.com\/fr\/wp-json\/wp\/v2\/posts"}],"about":[{"href":"https:\/\/www.europesays.com\/fr\/wp-json\/wp\/v2\/types\/post"}],"author":[{"embeddable":true,"href":"https:\/\/www.europesays.com\/fr\/wp-json\/wp\/v2\/users\/2"}],"replies":[{"embeddable":true,"href":"https:\/\/www.europesays.com\/fr\/wp-json\/wp\/v2\/comments?post=206284"}],"version-history":[{"count":0,"href":"https:\/\/www.europesays.com\/fr\/wp-json\/wp\/v2\/posts\/206284\/revisions"}],"wp:featuredmedia":[{"embeddable":true,"href":"https:\/\/www.europesays.com\/fr\/wp-json\/wp\/v2\/media\/206285"}],"wp:attachment":[{"href":"https:\/\/www.europesays.com\/fr\/wp-json\/wp\/v2\/media?parent=206284"}],"wp:term":[{"taxonomy":"category","embeddable":true,"href":"https:\/\/www.europesays.com\/fr\/wp-json\/wp\/v2\/categories?post=206284"},{"taxonomy":"post_tag","embeddable":true,"href":"https:\/\/www.europesays.com\/fr\/wp-json\/wp\/v2\/tags?post=206284"}],"curies":[{"name":"wp","href":"https:\/\/api.w.org\/{rel}","templated":true}]}}