{"id":206301,"date":"2025-06-26T17:14:10","date_gmt":"2025-06-26T17:14:10","guid":{"rendered":"https:\/\/www.europesays.com\/fr\/206301\/"},"modified":"2025-06-26T17:14:10","modified_gmt":"2025-06-26T17:14:10","slug":"fini-les-petites-primes-dans-ces-regions-lassurance-auto-et-habitation-devient-hors-de-prix-en-2025","status":"publish","type":"post","link":"https:\/\/www.europesays.com\/fr\/206301\/","title":{"rendered":"Fini les petites primes : dans ces r\u00e9gions, l\u2019assurance auto et habitation devient hors de prix en 2025"},"content":{"rendered":"<p>\t\t\t\t\t Pourquoi les tarifs d\u2019assurance flambent-ils cette ann\u00e9e ?<\/p>\n<p data-start=\"651\" data-end=\"723\">Plusieurs facteurs se cumulent pour expliquer cette hausse g\u00e9n\u00e9ralis\u00e9e :<\/p>\n<ul data-start=\"725\" data-end=\"1520\">\n<li data-start=\"725\" data-end=\"886\"><strong data-start=\"727\" data-end=\"742\">L\u2019inflation<\/strong> : Elle touche l\u2019ensemble de l\u2019\u00e9conomie, y compris le secteur de l\u2019assurance. Les co\u00fbts de gestion, d\u2019indemnisation et de r\u00e9paration augmentent.<\/li>\n<li data-start=\"725\" data-end=\"886\"><strong data-start=\"889\" data-end=\"939\">L\u2019explosion des co\u00fbts de r\u00e9paration automobile<\/strong> : Les pi\u00e8ces d\u00e9tach\u00e9es deviennent plus ch\u00e8res, et la complexit\u00e9 des v\u00e9hicules r\u00e9cents, notamment \u00e9lectriques, allonge les d\u00e9lais et les frais de remise en \u00e9tat.<\/li>\n<li data-start=\"725\" data-end=\"886\"><strong data-start=\"1103\" data-end=\"1145\">La recrudescence des vols de v\u00e9hicules<\/strong> : Les chiffres de 2024 ont montr\u00e9 une hausse marqu\u00e9e des vols, notamment dans les grandes agglom\u00e9rations et certaines r\u00e9gions sensibles.<\/li>\n<li data-start=\"725\" data-end=\"886\"><strong data-start=\"1285\" data-end=\"1325\">L\u2019impact des catastrophes naturelles<\/strong> : S\u00e9cheresses, inondations, temp\u00eates&#8230; Les sinistres climatiques sont de plus en plus fr\u00e9quents et co\u00fbteux. La surprime \u00ab Catastrophes naturelles \u00bb est d\u2019ailleurs pass\u00e9e de 12 % \u00e0 20 % en 2025.<\/li>\n<\/ul>\n<p data-start=\"1522\" data-end=\"1645\"><strong data-start=\"1522\" data-end=\"1536\">R\u00e9sultat :<\/strong> Les compagnies r\u00e9percutent ces hausses sur les contrats, aussi bien pour l\u2019automobile que pour l\u2019habitation.<\/p>\n<p> Des hausses moyennes d\u00e9j\u00e0 tr\u00e8s \u00e9lev\u00e9es\u2026 mais des \u00e9carts impressionnants selon les r\u00e9gions<\/p>\n<p data-start=\"1741\" data-end=\"1920\">Selon l\u2019\u00e9tude annuelle du comparateur Assurland, le tarif moyen d\u2019une assurance auto a grimp\u00e9 de <strong data-start=\"1838\" data-end=\"1847\">6,8 %<\/strong> en 2025. Pour l\u2019assurance habitation, la hausse atteint m\u00eame <strong data-start=\"1909\" data-end=\"1919\">12,8 %<\/strong>.<\/p>\n<p data-start=\"1922\" data-end=\"2052\">Mais ces moyennes nationales masquent de tr\u00e8s grandes disparit\u00e9s r\u00e9gionales. Certaines zones sont bien plus touch\u00e9es que d\u2019autres.<\/p>\n<p data-start=\"2054\" data-end=\"2104\">Voici les r\u00e9gions les plus impact\u00e9es cette ann\u00e9e :<\/p>\n<tr data-start=\"2106\" data-end=\"2227\">\n<strong data-start=\"2108\" data-end=\"2128\">Type d\u2019assurance<\/strong><br \/>\n<strong data-start=\"2131\" data-end=\"2166\">R\u00e9gions les plus ch\u00e8res en 2025<\/strong><br \/>\n<strong data-start=\"2169\" data-end=\"2190\">Co\u00fbt moyen annuel<\/strong><br \/>\n<strong data-start=\"2193\" data-end=\"2225\">\u00c9volution par rapport \u00e0 2024<\/strong><br \/>\n<\/tr>\n<tr data-start=\"2347\" data-end=\"2485\">\n<td data-start=\"2347\" data-end=\"2354\" data-col-size=\"sm\">Auto<\/td>\n<td data-start=\"2354\" data-end=\"2405\" data-col-size=\"md\">Provence-Alpes-C\u00f4te d\u2019Azur, Corse, \u00cele-de-France<\/td>\n<td data-col-size=\"md\" data-start=\"2405\" data-end=\"2421\">Plus de 900 \u20ac<\/td>\n<td data-col-size=\"md\" data-start=\"2421\" data-end=\"2485\">+6,8 % en moyenne (jusqu\u2019\u00e0 +10 % dans certains d\u00e9partements)<\/td>\n<\/tr>\n<tr data-start=\"2486\" data-end=\"2658\">\n<td data-start=\"2486\" data-end=\"2499\" data-col-size=\"sm\">Habitation<\/td>\n<td data-col-size=\"md\" data-start=\"2499\" data-end=\"2524\">Corse, Occitanie, PACA<\/td>\n<td data-col-size=\"md\" data-start=\"2524\" data-end=\"2604\">274 \u20ac en moyenne nationale (plus de 350 \u20ac dans les r\u00e9gions les plus touch\u00e9es)<\/td>\n<td data-col-size=\"md\" data-start=\"2604\" data-end=\"2658\">+12,8 % en moyenne (jusqu\u2019\u00e0 +20 % en zone Cat Nat)<\/td>\n<\/tr>\n<p>En Corse et en PACA, des primes qui deviennent intenables<\/p>\n<p data-start=\"2722\" data-end=\"3011\"><strong data-start=\"2722\" data-end=\"2734\">La Corse<\/strong> est cette ann\u00e9e la r\u00e9gion la plus p\u00e9nalis\u00e9e, aussi bien pour l\u2019assurance habitation que pour l\u2019automobile. Les causes sont multiples : <strong data-start=\"2870\" data-end=\"2910\">fr\u00e9quence des \u00e9v\u00e9nements climatiques<\/strong>, <strong data-start=\"2912\" data-end=\"2956\">insularit\u00e9 qui complique les r\u00e9parations<\/strong> et <strong data-start=\"2960\" data-end=\"3010\">niveau de risque per\u00e7u \u00e9lev\u00e9 par les assureurs<\/strong>.<\/p>\n<p data-start=\"3013\" data-end=\"3255\">En <strong data-start=\"3016\" data-end=\"3046\">Provence-Alpes-C\u00f4te d\u2019Azur<\/strong>, la combinaison entre <strong data-start=\"3069\" data-end=\"3088\">densit\u00e9 urbaine<\/strong>, <strong data-start=\"3090\" data-end=\"3108\">risques de vol<\/strong>, <strong data-start=\"3110\" data-end=\"3128\">co\u00fbt de la vie<\/strong> et <strong data-start=\"3132\" data-end=\"3162\">exposition aux intemp\u00e9ries<\/strong> entra\u00eene des primes souvent <strong data-start=\"3191\" data-end=\"3254\">sup\u00e9rieures de 20 \u00e0 30 % par rapport \u00e0 la moyenne nationale<\/strong>.<\/p>\n<p data-start=\"3257\" data-end=\"3468\">L\u2019<strong data-start=\"3259\" data-end=\"3276\">\u00cele-de-France<\/strong>, d\u00e9j\u00e0 habitu\u00e9e aux tarifs \u00e9lev\u00e9s en assurance auto, voit encore ses primes progresser, notamment \u00e0 cause de l\u2019explosion des vols de v\u00e9hicules dans certains d\u00e9partements de la petite couronne.<\/p>\n<p> Des catastrophes naturelles qui p\u00e8sent lourd sur l\u2019assurance habitation<\/p>\n<p data-start=\"3546\" data-end=\"3708\">Du c\u00f4t\u00e9 de l\u2019assurance habitation, <strong data-start=\"3581\" data-end=\"3655\">les s\u00e9cheresses et les inondations r\u00e9currentes en Occitanie et en PACA<\/strong> ont conduit \u00e0 une revalorisation massive des primes.<\/p>\n<p data-start=\"3710\" data-end=\"3929\">La revalorisation de la surprime \u00ab catastrophes naturelles \u00bb est un \u00e9l\u00e9ment cl\u00e9. Elle est pass\u00e9e de <strong data-start=\"3810\" data-end=\"3825\">12 % \u00e0 20 %<\/strong> sur les contrats habitation, \u00e0 la suite des nombreuses indemnisations pay\u00e9es par les assureurs en 2024.<\/p>\n<p data-start=\"3931\" data-end=\"4114\"><strong data-start=\"3931\" data-end=\"3952\">Exemple concret :<\/strong> Un assur\u00e9 habitant en zone inondable \u00e0 N\u00eemes ou en p\u00e9riph\u00e9rie de Montpellier pourra voir sa prime annuelle d\u00e9passer <strong data-start=\"4069\" data-end=\"4113\">400 \u20ac, contre environ 300 \u20ac l\u2019an dernier<\/strong>.<\/p>\n<p> Est-ce que cette hausse va continuer en 2026 ?<\/p>\n<p data-start=\"4167\" data-end=\"4334\">Tout laisse \u00e0 penser que <strong data-start=\"4192\" data-end=\"4236\">la tendance n\u2019est pas pr\u00e8s de s\u2019inverser<\/strong>. Les professionnels du secteur \u00e9voquent d\u00e9j\u00e0 de nouvelles augmentations \u00e0 venir, justifi\u00e9es par :<\/p>\n<ul data-start=\"4336\" data-end=\"4563\">\n<li data-start=\"4336\" data-end=\"4366\">La poursuite de l\u2019inflation,<\/li>\n<li data-start=\"4336\" data-end=\"4366\">L\u2019aggravation des ph\u00e9nom\u00e8nes climatiques,<\/li>\n<li data-start=\"4336\" data-end=\"4366\">La hausse attendue des co\u00fbts m\u00e9dicaux li\u00e9s aux accidents de la route,<\/li>\n<li data-start=\"4336\" data-end=\"4366\">Les \u00e9volutions r\u00e9glementaires li\u00e9es \u00e0 la transition \u00e9nerg\u00e9tique des v\u00e9hicules.<\/li>\n<\/ul>\n<p data-start=\"4565\" data-end=\"4726\"><strong data-start=\"4565\" data-end=\"4585\">Pour les assur\u00e9s<\/strong>, cela signifie qu\u2019il devient crucial de comparer les offres, de ren\u00e9gocier ses contrats et, si possible, d\u2019adapter ses niveaux de garanties.<\/p>\n<p> Comment limiter l\u2019impact sur son budget ?<\/p>\n<p data-start=\"4774\" data-end=\"4841\">Face \u00e0 ces hausses, voici quelques conseils pour limiter la casse :<\/p>\n<ul data-start=\"4843\" data-end=\"5432\">\n<li data-start=\"4843\" data-end=\"4945\"><strong data-start=\"4845\" data-end=\"4890\">Mettre en concurrence plusieurs assureurs<\/strong> chaque ann\u00e9e, notamment via les comparateurs en ligne.<\/li>\n<li data-start=\"4843\" data-end=\"4945\"><strong data-start=\"4948\" data-end=\"4975\">R\u00e9\u00e9valuer ses garanties<\/strong>, pour \u00e9viter de payer pour des options inutiles.<\/li>\n<li data-start=\"4843\" data-end=\"4945\"><strong data-start=\"5027\" data-end=\"5055\">Augmenter ses franchises<\/strong> (si l\u2019on est pr\u00eat \u00e0 assumer un reste \u00e0 charge plus \u00e9lev\u00e9 en cas de sinistre).<\/li>\n<li data-start=\"4843\" data-end=\"4945\"><strong data-start=\"5136\" data-end=\"5175\">Profiter des offres de regroupement<\/strong> (multi-assurance auto + habitation) qui permettent parfois de b\u00e9n\u00e9ficier de r\u00e9ductions.<\/li>\n<li data-start=\"4843\" data-end=\"4945\"><strong data-start=\"5266\" data-end=\"5295\">Investir dans la s\u00e9curit\u00e9<\/strong> de son v\u00e9hicule et de son logement : alarme, stationnement s\u00e9curis\u00e9, dispositifs antivol\u2026 Certaines compagnies accordent des ristournes.<\/li>\n<\/ul>\n<p data-start=\"5439\" data-end=\"5648\" data-is-last-node=\"\" data-is-only-node=\"\">La hausse des primes d\u2019assurance devient un enjeu de plus en plus pr\u00e9occupant pour les m\u00e9nages. Pour beaucoup de Fran\u00e7ais, <strong data-start=\"5562\" data-end=\"5598\">l\u2019heure n\u2019est plus aux \u00e9conomies<\/strong>, mais \u00e0 la recherche de la moins mauvaise option.<\/p>\n","protected":false},"excerpt":{"rendered":"Pourquoi les tarifs d\u2019assurance flambent-ils cette ann\u00e9e ? Plusieurs facteurs se cumulent pour expliquer cette hausse g\u00e9n\u00e9ralis\u00e9e :&hellip;\n","protected":false},"author":2,"featured_media":206302,"comment_status":"","ping_status":"","sticky":false,"template":"","format":"standard","meta":{"footnotes":""},"categories":[6],"tags":[1117,25978,17389,35,33,34,1011,27,56],"class_list":{"0":"post-206301","1":"post","2":"type-post","3":"status-publish","4":"format-standard","5":"has-post-thumbnail","7":"category-economie","8":"tag-assurance","9":"tag-assurance-auto","10":"tag-assurance-habitation","11":"tag-business","12":"tag-economie","13":"tag-economy","14":"tag-fr","15":"tag-france","16":"tag-push"},"share_on_mastodon":{"url":"","error":""},"_links":{"self":[{"href":"https:\/\/www.europesays.com\/fr\/wp-json\/wp\/v2\/posts\/206301","targetHints":{"allow":["GET"]}}],"collection":[{"href":"https:\/\/www.europesays.com\/fr\/wp-json\/wp\/v2\/posts"}],"about":[{"href":"https:\/\/www.europesays.com\/fr\/wp-json\/wp\/v2\/types\/post"}],"author":[{"embeddable":true,"href":"https:\/\/www.europesays.com\/fr\/wp-json\/wp\/v2\/users\/2"}],"replies":[{"embeddable":true,"href":"https:\/\/www.europesays.com\/fr\/wp-json\/wp\/v2\/comments?post=206301"}],"version-history":[{"count":0,"href":"https:\/\/www.europesays.com\/fr\/wp-json\/wp\/v2\/posts\/206301\/revisions"}],"wp:featuredmedia":[{"embeddable":true,"href":"https:\/\/www.europesays.com\/fr\/wp-json\/wp\/v2\/media\/206302"}],"wp:attachment":[{"href":"https:\/\/www.europesays.com\/fr\/wp-json\/wp\/v2\/media?parent=206301"}],"wp:term":[{"taxonomy":"category","embeddable":true,"href":"https:\/\/www.europesays.com\/fr\/wp-json\/wp\/v2\/categories?post=206301"},{"taxonomy":"post_tag","embeddable":true,"href":"https:\/\/www.europesays.com\/fr\/wp-json\/wp\/v2\/tags?post=206301"}],"curies":[{"name":"wp","href":"https:\/\/api.w.org\/{rel}","templated":true}]}}