{"id":206309,"date":"2025-06-26T17:18:10","date_gmt":"2025-06-26T17:18:10","guid":{"rendered":"https:\/\/www.europesays.com\/fr\/206309\/"},"modified":"2025-06-26T17:18:10","modified_gmt":"2025-06-26T17:18:10","slug":"musique-et-guinguette-tout-lete-jusquau-5-septembre","status":"publish","type":"post","link":"https:\/\/www.europesays.com\/fr\/206309\/","title":{"rendered":"musique et guinguette tout l\u2019\u00e9t\u00e9 jusqu\u2019au 5\u00a0septembre"},"content":{"rendered":"<p>Tout l\u2019\u00e9t\u00e9, du 18\u00a0juin au 5\u00a0septembre, les concerts et animations se succ\u00e8dent, du mercredi au dimanche. Au programme, ce vendredi, Vinin Carmin (live new wave). Sur place, une guignette, d\u00e8s 16\u00a0h, propose boissons, produits locaux et glaces artisanales. Samedi, fiesta des rues avec le groupe Los Maravilhas (live musique latine). Une f\u00eate, autour du cin\u00e9ma, avec des stands (fabrication de montgolfi\u00e8res), des spectacles (magie) et de la musique (grand bal).<\/p>\n<p class=\"note\">Vendredi 27\u00a0juin \u00e0 20\u00a0h et samedi 28\u00a0juin d\u00e8s 15\u00a0h. Parc Joseph-Sanguedolce. Boulevard Pierre-Mend\u00e8s-France. Gratuit<\/p>\n","protected":false},"excerpt":{"rendered":"Tout l\u2019\u00e9t\u00e9, du 18\u00a0juin au 5\u00a0septembre, les concerts et animations se succ\u00e8dent, du mercredi au dimanche. Au programme,&hellip;\n","protected":false},"author":2,"featured_media":206310,"comment_status":"","ping_status":"","sticky":false,"template":"","format":"standard","meta":{"footnotes":""},"categories":[9653],"tags":[1111,11,2430,1687,7539,1777,674,1011,27,12,25,4001,7538,3140],"class_list":{"0":"post-206309","1":"post","2":"type-post","3":"status-publish","4":"format-standard","5":"has-post-thumbnail","7":"category-saint-etienne","8":"tag-actu","9":"tag-actualites","10":"tag-auvergne-rhone-alpes","11":"tag-culture-loisirs","12":"tag-edition-loire-sud","13":"tag-eu","14":"tag-europe","15":"tag-fr","16":"tag-france","17":"tag-news","18":"tag-republique-francaise","19":"tag-saint-etienne","20":"tag-saint-etienne-ville","21":"tag-spectacle"},"share_on_mastodon":{"url":"https:\/\/pubeurope.com\/@fr\/114750809907040214","error":""},"_links":{"self":[{"href":"https:\/\/www.europesays.com\/fr\/wp-json\/wp\/v2\/posts\/206309","targetHints":{"allow":["GET"]}}],"collection":[{"href":"https:\/\/www.europesays.com\/fr\/wp-json\/wp\/v2\/posts"}],"about":[{"href":"https:\/\/www.europesays.com\/fr\/wp-json\/wp\/v2\/types\/post"}],"author":[{"embeddable":true,"href":"https:\/\/www.europesays.com\/fr\/wp-json\/wp\/v2\/users\/2"}],"replies":[{"embeddable":true,"href":"https:\/\/www.europesays.com\/fr\/wp-json\/wp\/v2\/comments?post=206309"}],"version-history":[{"count":0,"href":"https:\/\/www.europesays.com\/fr\/wp-json\/wp\/v2\/posts\/206309\/revisions"}],"wp:featuredmedia":[{"embeddable":true,"href":"https:\/\/www.europesays.com\/fr\/wp-json\/wp\/v2\/media\/206310"}],"wp:attachment":[{"href":"https:\/\/www.europesays.com\/fr\/wp-json\/wp\/v2\/media?parent=206309"}],"wp:term":[{"taxonomy":"category","embeddable":true,"href":"https:\/\/www.europesays.com\/fr\/wp-json\/wp\/v2\/categories?post=206309"},{"taxonomy":"post_tag","embeddable":true,"href":"https:\/\/www.europesays.com\/fr\/wp-json\/wp\/v2\/tags?post=206309"}],"curies":[{"name":"wp","href":"https:\/\/api.w.org\/{rel}","templated":true}]}}