{"id":206311,"date":"2025-06-26T17:19:15","date_gmt":"2025-06-26T17:19:15","guid":{"rendered":"https:\/\/www.europesays.com\/fr\/206311\/"},"modified":"2025-06-26T17:19:15","modified_gmt":"2025-06-26T17:19:15","slug":"saint-etienne-50-emplois-a-pourvoir-chez-assadia","status":"publish","type":"post","link":"https:\/\/www.europesays.com\/fr\/206311\/","title":{"rendered":"Saint-\u00c9tienne. 50 emplois \u00e0 pourvoir chez Assadia"},"content":{"rendered":"<p>Assadia poursuit son d\u00e9veloppement. Cette ann\u00e9e, une cinquantaine d\u2019emplois seront \u00e0 pourvoir. L\u2019acquisition de la soci\u00e9t\u00e9 So Nounou, qui passe sous enseigne Assadia, ainsi que le d\u00e9veloppement sur de nouveaux territoires (agence \u00e0 Andr\u00e9zieux-Bouth\u00e9on et Montbrison) t\u00e9moignent du dynamisme de l\u2019enseigne sp\u00e9cialiste de la garde d\u2019enfant \u00ab\u00a0intelligente\u00a0\u00bb \u00e0 domicile.<\/p>\n<p>Autre nouveaut\u00e9 avec le changement d\u2019adresse de l\u2019agence st\u00e9phanoise, qui s\u2019\u00e9tablit d\u00e9sormais au 23, rue Charles-de-Gaulle. Les locaux, flambant neufs, sont plus vastes et&#8230;<\/p>\n","protected":false},"excerpt":{"rendered":"Assadia poursuit son d\u00e9veloppement. Cette ann\u00e9e, une cinquantaine d\u2019emplois seront \u00e0 pourvoir. L\u2019acquisition de la soci\u00e9t\u00e9 So Nounou,&hellip;\n","protected":false},"author":2,"featured_media":206312,"comment_status":"","ping_status":"","sticky":false,"template":"","format":"standard","meta":{"footnotes":""},"categories":[9653],"tags":[1111,11,2430,4406,33,7539,1777,674,1011,27,12,25,4001,7538],"class_list":{"0":"post-206311","1":"post","2":"type-post","3":"status-publish","4":"format-standard","5":"has-post-thumbnail","7":"category-saint-etienne","8":"tag-actu","9":"tag-actualites","10":"tag-auvergne-rhone-alpes","11":"tag-commerce-et-services","12":"tag-economie","13":"tag-edition-loire-sud","14":"tag-eu","15":"tag-europe","16":"tag-fr","17":"tag-france","18":"tag-news","19":"tag-republique-francaise","20":"tag-saint-etienne","21":"tag-saint-etienne-ville"},"share_on_mastodon":{"url":"https:\/\/pubeurope.com\/@fr\/114750813871786537","error":""},"_links":{"self":[{"href":"https:\/\/www.europesays.com\/fr\/wp-json\/wp\/v2\/posts\/206311","targetHints":{"allow":["GET"]}}],"collection":[{"href":"https:\/\/www.europesays.com\/fr\/wp-json\/wp\/v2\/posts"}],"about":[{"href":"https:\/\/www.europesays.com\/fr\/wp-json\/wp\/v2\/types\/post"}],"author":[{"embeddable":true,"href":"https:\/\/www.europesays.com\/fr\/wp-json\/wp\/v2\/users\/2"}],"replies":[{"embeddable":true,"href":"https:\/\/www.europesays.com\/fr\/wp-json\/wp\/v2\/comments?post=206311"}],"version-history":[{"count":0,"href":"https:\/\/www.europesays.com\/fr\/wp-json\/wp\/v2\/posts\/206311\/revisions"}],"wp:featuredmedia":[{"embeddable":true,"href":"https:\/\/www.europesays.com\/fr\/wp-json\/wp\/v2\/media\/206312"}],"wp:attachment":[{"href":"https:\/\/www.europesays.com\/fr\/wp-json\/wp\/v2\/media?parent=206311"}],"wp:term":[{"taxonomy":"category","embeddable":true,"href":"https:\/\/www.europesays.com\/fr\/wp-json\/wp\/v2\/categories?post=206311"},{"taxonomy":"post_tag","embeddable":true,"href":"https:\/\/www.europesays.com\/fr\/wp-json\/wp\/v2\/tags?post=206311"}],"curies":[{"name":"wp","href":"https:\/\/api.w.org\/{rel}","templated":true}]}}