{"id":206329,"date":"2025-06-26T17:30:11","date_gmt":"2025-06-26T17:30:11","guid":{"rendered":"https:\/\/www.europesays.com\/fr\/206329\/"},"modified":"2025-06-26T17:30:11","modified_gmt":"2025-06-26T17:30:11","slug":"exclusif-des-policiers-ont-ils-renseigne-des-dealers-a-grenoble-une-enquete-est-ouverte","status":"publish","type":"post","link":"https:\/\/www.europesays.com\/fr\/206329\/","title":{"rendered":"Exclusif. Des policiers ont-ils renseign\u00e9 des dealers \u00e0 Grenoble? Une enqu\u00eate est ouverte"},"content":{"rendered":"<p>Le jour n\u2019est pas encore lev\u00e9 ce 8\u00a0octobre\u00a02024 lorsque, partis du commissariat central de Grenoble, de nombreux \u00e9quipages de police convergent sur le quartier Saint-Bruno, l\u2019un des bastions historiques du trafic de drogue et de cigarettes de la r\u00e9gion grenobloise. Au m\u00eame instant, plusieurs autres unit\u00e9s s\u2019appr\u00eatent \u00e9galement \u00e0 frapper d\u2019autres objectifs \u00e0 l\u2019ext\u00e9rieur du quartier. Quelques minutes plus t\u00f4t, les dizaines de fonctionnaires participant \u00e0 l\u2019op\u00e9ration ont assist\u00e9 au traditionnel briefing op\u00e9rationnel et le coup de filet est maintenant imminent.<\/p>\n<p>L\u2019affaire est importante\u00a0: cela fait longtemps que le Service local de police judiciaire (SLPJ) enqu\u00eate sur <a href=\"https:\/\/www.ledauphine.com\/faits-divers-justice\/2024\/10\/18\/isere-grenoble-le-point-de-deal-de-saint-bruno-destabilise-par-un-coup-de-filet\" target=\"_blank\" rel=\"noopener\">le point de deal de Saint-Bruno<\/a>, r\u00e9put\u00e9 pour \u00eatre l\u2019un des plus actifs de la r\u00e9gion. Ici, outre le trafic de stup\u00e9fiants qui, chaque jour, g\u00e9n\u00e8re un chiffre d\u2019affaires d\u2019une vingtaine de milliers d\u2019euros, le commerce ill\u00e9gal de cigarettes en rapporte environ&#8230;<\/p>\n","protected":false},"excerpt":{"rendered":"Le jour n\u2019est pas encore lev\u00e9 ce 8\u00a0octobre\u00a02024 lorsque, partis du commissariat central de Grenoble, de nombreux \u00e9quipages&hellip;\n","protected":false},"author":2,"featured_media":206330,"comment_status":"","ping_status":"","sticky":false,"template":"","format":"standard","meta":{"footnotes":""},"categories":[9566],"tags":[1111,11,2430,271,272,112,1067,1777,674,274,107,1011,27,329,2731,2732,108,34495,20881,12,25,273,106],"class_list":{"0":"post-206329","1":"post","2":"type-post","3":"status-publish","4":"format-standard","5":"has-post-thumbnail","7":"category-grenoble","8":"tag-actu","9":"tag-actualites","10":"tag-auvergne-rhone-alpes","11":"tag-crime","12":"tag-delit-et-contravention","13":"tag-edition-grenoble-agglomeration","14":"tag-enquete","15":"tag-eu","16":"tag-europe","17":"tag-faits-divers-justice","18":"tag-fil-info","19":"tag-fr","20":"tag-france","21":"tag-france-monde","22":"tag-grenoble","23":"tag-grenoble-bassin","24":"tag-isere","25":"tag-les-enquetes-du-dauphine-libere","26":"tag-long-format","27":"tag-news","28":"tag-republique-francaise","29":"tag-selection-de-la-redaction","30":"tag-selection-de-la-redaction-38"},"share_on_mastodon":{"url":"https:\/\/pubeurope.com\/@fr\/114750857115482665","error":""},"_links":{"self":[{"href":"https:\/\/www.europesays.com\/fr\/wp-json\/wp\/v2\/posts\/206329","targetHints":{"allow":["GET"]}}],"collection":[{"href":"https:\/\/www.europesays.com\/fr\/wp-json\/wp\/v2\/posts"}],"about":[{"href":"https:\/\/www.europesays.com\/fr\/wp-json\/wp\/v2\/types\/post"}],"author":[{"embeddable":true,"href":"https:\/\/www.europesays.com\/fr\/wp-json\/wp\/v2\/users\/2"}],"replies":[{"embeddable":true,"href":"https:\/\/www.europesays.com\/fr\/wp-json\/wp\/v2\/comments?post=206329"}],"version-history":[{"count":0,"href":"https:\/\/www.europesays.com\/fr\/wp-json\/wp\/v2\/posts\/206329\/revisions"}],"wp:featuredmedia":[{"embeddable":true,"href":"https:\/\/www.europesays.com\/fr\/wp-json\/wp\/v2\/media\/206330"}],"wp:attachment":[{"href":"https:\/\/www.europesays.com\/fr\/wp-json\/wp\/v2\/media?parent=206329"}],"wp:term":[{"taxonomy":"category","embeddable":true,"href":"https:\/\/www.europesays.com\/fr\/wp-json\/wp\/v2\/categories?post=206329"},{"taxonomy":"post_tag","embeddable":true,"href":"https:\/\/www.europesays.com\/fr\/wp-json\/wp\/v2\/tags?post=206329"}],"curies":[{"name":"wp","href":"https:\/\/api.w.org\/{rel}","templated":true}]}}