{"id":206343,"date":"2025-06-26T17:37:10","date_gmt":"2025-06-26T17:37:10","guid":{"rendered":"https:\/\/www.europesays.com\/fr\/206343\/"},"modified":"2025-06-26T17:37:10","modified_gmt":"2025-06-26T17:37:10","slug":"personal-shopper-a-nantes-charlotte-aide-les-gens-a-choisir-leurs-vetements","status":"publish","type":"post","link":"https:\/\/www.europesays.com\/fr\/206343\/","title":{"rendered":"personal shopper \u00e0 Nantes, Charlotte aide les gens \u00e0 choisir leurs v\u00eatements"},"content":{"rendered":"<p>            Par<br \/>\n        <strong><br \/>\n            <a href=\"https:\/\/actu.fr\/auteur\/tristan-mahe-actu-fr\" title=\"Consulter tous les articles de Tristan Mah\u00e9\" target=\"_blank\" rel=\"noopener\">Tristan Mah\u00e9<\/a><br \/>\n        <\/strong><\/p>\n<p>        Publi\u00e9 le<\/p>\n<p>            26 juin 2025 \u00e0 19h21        <\/p>\n<p>\u00c0 l\u2019arriv\u00e9e des beaux jours et des <a href=\"https:\/\/actu.fr\/tag\/soldes\" target=\"_blank\" rel=\"noopener\">soldes<\/a>, les gens affluent dans les magasins de v\u00eatements. C\u2019est le moment de compl\u00e9ter sa garde-robe et de faire du shopping avec les copains\u2009! Mais <strong>tout le monde n\u2019est pas \u00e0 l\u2019aise pour aller faire les magasins<\/strong>, ou changer de style vestimentaire.<\/p>\n<p class=\" wall-content\">Dipl\u00f4m\u00e9e d\u2019une \u00e9cole de commerce et de management, <strong>Charlotte Lasserre est une sp\u00e9cialiste du pr\u00eat-\u00e0-porter<\/strong> depuis des ann\u00e9es. Bas\u00e9e \u00e0 Nantes, elle est personal shoper. Une activit\u00e9 o\u00f9 elle accompagne les clients pendant leurs emplettes. D\u00e9couverte d\u2019une profession m\u00e9connue.<\/p>\n<p>Une passion depuis toujours<\/p>\n<p class=\" wall-content\">Aujourd\u2019hui, son m\u00e9tier consiste \u00e0 <strong>accompagner ses clients dans les magasins pour les conseiller sur leurs achats<\/strong>. \u00ab\u2009J\u2019ai envie de leur offrir une exp\u00e9rience\u2009\u00bb, relate Charlotte.<\/p>\n<blockquote class=\"ac-article-quote wall-content\">\n<p>Je fais en sorte que \u00e7a soit un moment plaisant. Parfois, je m\u2019amuse plus que je ne travaille.<\/p>\n<p>    <strong>Charlotte Lasserre<\/strong><br \/>\n        Personal shopper    <\/p><\/blockquote>\n<p class=\" wall-content\">Depuis ses jeunes ann\u00e9es, <strong>Charlotte est passionn\u00e9e par les v\u00eatements<\/strong>. Pour elle, la mani\u00e8re de s\u2019habiller, \u00ab\u2009<strong>c\u2019est le premier vecteur d\u2019identit\u00e9<\/strong> quand on rencontre une personne\u2009\u00bb. Car s\u2019habiller, c\u2019est s\u2019exprimer. \u00ab\u2009Pourquoi devoir se mettre dans une cat\u00e9gorie\u2009? Certains jours, j\u2019ai envie de porter des fleurs, et d\u2019autres, des t\u00eates de mort\u2009\u00bb, s\u2019exclame-t-elle.<\/p>\n<p class=\" wall-content\">Pour la personal shopper, ce go\u00fbt pour le pr\u00eat-\u00e0-porter, elle le tient de sa famille. \u00ab\u2009J\u2019ai grandi dans une famille tr\u00e8s artistique. Ma m\u00e8re \u00e9tait une passionn\u00e9e\u2009\u00bb, confie-t-elle.<\/p>\n<p class=\" wall-content\">Apr\u00e8s plusieurs ann\u00e9es dans l\u2019immobilier, elle se tourne finalement vers un m\u00e9tier plus en lien avec sa passion, et devient <strong>responsable de magasin de v\u00eatements<\/strong> \u00e0 <a href=\"https:\/\/actu.fr\/lille\/\" target=\"_blank\" rel=\"noopener\">Lille<\/a> pendant pr\u00e8s de dix ans.<\/p>\n<p>    <img   decoding=\"async\" loading=\"lazy\" src=\"https:\/\/www.europesays.com\/fr\/wp-content\/uploads\/2025\/06\/pantalon-shopping-vetement-960x640.jpg\" alt=\"Charlotte conseille Camille et lui propose certains v\u00eatements qui pourraient lui convenir.\" width=\"960\" height=\"640\"\/><br \/>\n    Charlotte conseille Camille et lui propose certains v\u00eatements qui pourraient lui convenir. (\u00a9Tristan Mah\u00e9 \/ actu Nantes)<\/p>\n<p class=\" wall-content\">\u00ab\u2009J\u2019ai travaill\u00e9 chez Hugo Boss, chez Guess\u2026 Mais je n\u2019aimais pas la mentalit\u00e9 de profit de la grande distribution, o\u00f9 il faut vendre \u00e0 tout prix\u2009\u00bb, explique-t-elle. \u00ab\u2009<strong>Voir quelqu\u2019un repartir avec le sourire, c\u2019est la meilleure r\u00e9compense\u2009!<\/strong>\u2009\u00bb<\/p>\n<p class=\" wall-content\">Apr\u00e8s deux formations, l\u2019amoureuse des v\u00eatements se lance en solo en cr\u00e9ant son autoentreprise en 2020, bien que depuis 2012 environ, elle avait pris l\u2019habitude de l\u2019exercice pour des amis qui le lui demandaient.<\/p>\n<p>\u00ab\u2009Il faut aimer se perdre\u2009\u00bb<\/p>\n<p class=\" wall-content\">Ce vendredi 20\u00a0juin 2025, Charlotte a donn\u00e9 rendez-vous \u00e0 Camille devant les <a href=\"https:\/\/www.galerieslafayette.com\/m\/magasin-nantes\" target=\"_blank\" rel=\"noopener\">galeries Lafayette<\/a>, \u00e0 Nantes. L\u2019objectif\u2009: \u00ab\u2009changer un peu et renouveler sa garde-robe avant de partir en vacances au soleil\u2009\u00bb.<\/p>\n<p class=\" wall-content\">Curieuse, c\u2019est la premi\u00e8re fois que Camille fait appel aux services de l\u2019auto entrepreneuse, parent d\u2019\u00e9l\u00e8ve au m\u00eame \u00e9tablissement qu\u2019elle. \u00ab\u2009Je me fais conna\u00eetre surtout gr\u00e2ce au bouche \u00e0 oreille\u2009\u00bb, confie Charlotte.<\/p>\n<p class=\" wall-content\">\u00ab\u2009Un peu trop froid, un peu trop large\u2026\u2009\u00bb D\u2019essayages en essayages, les recherches se pr\u00e9cisent. En amont, Charlotte fait des tests avec ses clients pour d\u00e9terminer les couleurs qui leur vont le mieux.<\/p>\n<p>    <img   decoding=\"async\" loading=\"lazy\" src=\"https:\/\/www.europesays.com\/fr\/wp-content\/uploads\/2025\/06\/chemise-shopping-vetement-960x640.jpg\" alt=\"Charlotte explique les diff\u00e9rentes nuances de couleurs, qui correspondent \u00e0 l'une des quatre saisons.\" width=\"960\" height=\"640\"\/><br \/>\n    Charlotte explique les diff\u00e9rentes nuances de couleurs, qui correspondent \u00e0 l\u2019une des quatre saisons. (\u00a9Tristan Mah\u00e9 \/ actu Nantes)<\/p>\n<p class=\" wall-content\">Elle se charge de <strong>faire du rep\u00e9rage dans les magasins<\/strong> selon leurs habitudes et leurs tenues favorites, et prend des photos de tout ce qui serait susceptible de leur plaire. \u00ab\u2009Il faut toujours s\u2019adapter\u2009\u00bb, explique-t-elle. Parfois m\u00eame, pour ses clients qui ne sont pas \u00e0 l\u2019aise en magasin, Charlotte commande en ligne pour essayer \u00e0 domicile.<\/p>\n<p class=\" wall-content\">\u00c0 l\u2019heure actuelle, Charlotte conna\u00eet les magasins de Nantes comme personne. \u00ab\u2009<strong>Nantes est une bonne ville pour le shopping<\/strong>. Petites comme grandes boutiques\u2009: il y a de tout.\u2009\u00bb Mais pour faire ce m\u00e9tier, \u00ab\u2009il faut aimer se perdre\u2009\u00bb, conclut-elle apr\u00e8s une s\u00e9ance de pr\u00e8s d\u2019une heure.<\/p>\n<p class=\" wall-content\">Suivez toute l\u2019actualit\u00e9 de vos villes et m\u00e9dias favoris en vous inscrivant \u00e0 <a href=\"https:\/\/moncompte.actu.fr\" title=\"D\u00e9couvez Mon Actu\" rel=\"nofollow noopener\" data-trk=\"{&quot;cta&quot;:{&quot;action&quot;:&quot;https:\\\/\\\/moncompte.actu.fr&quot;,&quot;category&quot;:&quot;mon compte&quot;,&quot;from&quot;:&quot;article footer&quot;,&quot;name&quot;:&quot;Mon actu&quot;,&quot;type&quot;:&quot;cta&quot;}}\" target=\"_blank\">Mon Actu<\/a>.<\/p>\n<ul class=\"ac-article-tag wall-content\">\n<li><a href=\"https:\/\/actu.fr\/tag\/galeries-lafayette\" data-trk=\"{&quot;cta&quot;:{&quot;action&quot;:&quot;Galeries Lafayette&quot;,&quot;category&quot;:&quot;tag&quot;,&quot;from&quot;:&quot;article footer&quot;,&quot;name&quot;:&quot;Galeries Lafayette&quot;,&quot;type&quot;:&quot;cta&quot;}}\" target=\"_blank\" rel=\"noopener\">#Galeries Lafayette<\/a><\/li>\n<li><a href=\"https:\/\/actu.fr\/tag\/soldes\" data-trk=\"{&quot;cta&quot;:{&quot;action&quot;:&quot;Soldes&quot;,&quot;category&quot;:&quot;tag&quot;,&quot;from&quot;:&quot;article footer&quot;,&quot;name&quot;:&quot;Soldes&quot;,&quot;type&quot;:&quot;cta&quot;}}\" target=\"_blank\" rel=\"noopener\">#Soldes<\/a><\/li>\n<\/ul>\n","protected":false},"excerpt":{"rendered":"Par Tristan Mah\u00e9 Publi\u00e9 le 26 juin 2025 \u00e0 19h21 \u00c0 l\u2019arriv\u00e9e des beaux jours et des soldes,&hellip;\n","protected":false},"author":2,"featured_media":206344,"comment_status":"","ping_status":"","sticky":false,"template":"","format":"standard","meta":{"footnotes":""},"categories":[2818],"tags":[1111,11,1777,674,1011,27,4238,766,12,2636,25,104,11772],"class_list":{"0":"post-206343","1":"post","2":"type-post","3":"status-publish","4":"format-standard","5":"has-post-thumbnail","7":"category-nantes","8":"tag-actu","9":"tag-actualites","10":"tag-eu","11":"tag-europe","12":"tag-fr","13":"tag-france","14":"tag-galeries-lafayette","15":"tag-nantes","16":"tag-news","17":"tag-pays-de-la-loire","18":"tag-republique-francaise","19":"tag-societe","20":"tag-soldes"},"share_on_mastodon":{"url":"https:\/\/pubeurope.com\/@fr\/114750884750385208","error":""},"_links":{"self":[{"href":"https:\/\/www.europesays.com\/fr\/wp-json\/wp\/v2\/posts\/206343","targetHints":{"allow":["GET"]}}],"collection":[{"href":"https:\/\/www.europesays.com\/fr\/wp-json\/wp\/v2\/posts"}],"about":[{"href":"https:\/\/www.europesays.com\/fr\/wp-json\/wp\/v2\/types\/post"}],"author":[{"embeddable":true,"href":"https:\/\/www.europesays.com\/fr\/wp-json\/wp\/v2\/users\/2"}],"replies":[{"embeddable":true,"href":"https:\/\/www.europesays.com\/fr\/wp-json\/wp\/v2\/comments?post=206343"}],"version-history":[{"count":0,"href":"https:\/\/www.europesays.com\/fr\/wp-json\/wp\/v2\/posts\/206343\/revisions"}],"wp:featuredmedia":[{"embeddable":true,"href":"https:\/\/www.europesays.com\/fr\/wp-json\/wp\/v2\/media\/206344"}],"wp:attachment":[{"href":"https:\/\/www.europesays.com\/fr\/wp-json\/wp\/v2\/media?parent=206343"}],"wp:term":[{"taxonomy":"category","embeddable":true,"href":"https:\/\/www.europesays.com\/fr\/wp-json\/wp\/v2\/categories?post=206343"},{"taxonomy":"post_tag","embeddable":true,"href":"https:\/\/www.europesays.com\/fr\/wp-json\/wp\/v2\/tags?post=206343"}],"curies":[{"name":"wp","href":"https:\/\/api.w.org\/{rel}","templated":true}]}}