{"id":206351,"date":"2025-06-26T17:41:16","date_gmt":"2025-06-26T17:41:16","guid":{"rendered":"https:\/\/www.europesays.com\/fr\/206351\/"},"modified":"2025-06-26T17:41:16","modified_gmt":"2025-06-26T17:41:16","slug":"sortir-a-toulouse-voici-11-bonnes-idees-pour-profiter-a-fond-du-dernier-week-end-de-juin","status":"publish","type":"post","link":"https:\/\/www.europesays.com\/fr\/206351\/","title":{"rendered":"Sortir \u00e0 Toulouse. Voici 11 (bonnes) id\u00e9es pour profiter \u00e0 fond du dernier week-end de juin"},"content":{"rendered":"<p>            Par<br \/>\n        <strong><br \/>\n            <a href=\"https:\/\/actu.fr\/auteur\/gabriel-kenedi\" title=\"Consulter tous les articles de Gabriel Kenedi\" target=\"_blank\" rel=\"noopener\">Gabriel Kenedi<\/a><br \/>\n        <\/strong><\/p>\n<p>        Publi\u00e9 le<\/p>\n<p>            26 juin 2025 \u00e0 19h16        <\/p>\n<p>Fin juin, on ne sait plus <a href=\"https:\/\/actu.fr\/occitanie\/toulouse_31555\/toulouse-verdoyantes-sur-le-toit-ou-avec-vue-les-terrasses-a-tester-absolument-durant-l-ete_62764384.html\" target=\"_blank\" rel=\"noopener\">o\u00f9 donner de la t\u00eate \u00e0 <strong>Toulouse<\/strong><\/a>, tant les propositions sont nombreuses dans tous les domaines. Et tant mieux\u2009! Festivals incontournables ou \u00e9mergents, soir\u00e9es sp\u00e9ciales, pool party ou m\u00eame op\u00e9ra\u2026 il y en a pour tous les go\u00fbts. Pour vous aider \u00e0 choisir, la r\u00e9daction a s\u00e9lectionn\u00e9<strong> 11 temps forts \u00e0 ne pas manquer<\/strong>. Suivez le guide\u2009!<\/p>\n<p>#1. Les Siestes \u00e9lectroniques<br \/>\n    <img   decoding=\"async\" loading=\"lazy\" src=\"https:\/\/www.europesays.com\/fr\/wp-content\/uploads\/2025\/06\/Les-Siestes-Electroniques-Toulouse-960x564.jpg\" alt=\"Le festival Les Siestes Electroniques aura lieu du 22 au 26 juin 2016 \u00e0 Toulouse. (photo : Les Siestes Electroniques)\" width=\"960\" height=\"564\"\/><br \/>\n    Le festival Les Siestes Electroniques aura lieu du 22 au 26\u00a0juin 2016 \u00e0 Toulouse. (photo\u2009: Les Siestes Electroniques)<\/p>\n<p class=\" wall-content\"><strong>Les Siestes \u00e0 Toulouse<\/strong> est un festival gratuit et en plein air d\u00e9di\u00e9 aux musiques \u00e9lectroniques\u2009! Cette ann\u00e9e, le festival investit trois lieux diff\u00e9rents pour varier les aventures musicales\u2009! Du 26 au 29\u00a0juin, les Siestes regagnent le<strong> jardin Compans-Caffarelli<\/strong> (entr\u00e9e libre et gratuite). Et le 27\u00a0juin, un after (payant) aura lieu dans le Hall 8 sur l\u2019ile du Ramier.<\/p>\n<p>Jusqu\u2019au 29\u00a0juin, au Jardin Compans Caffarelli (gratuit). Plus d\u2019infos\u2009: https:\/\/les-siestes.com\/<\/p>\n<p>#2. Family Week-End \u00e0 Lay-Up\u2009!<br \/>\n    <img   decoding=\"async\" loading=\"lazy\" src=\"https:\/\/www.europesays.com\/fr\/wp-content\/uploads\/2025\/06\/thumbnail-family-week-end-1-960x640.jpg\" alt=\"Lay Up organise un \u00e9v\u00e9nement pour les familles, en partenariat avec Mother In Town, ce week-end ! \" width=\"960\" height=\"640\"\/><br \/>\n    Lay Up organise un \u00e9v\u00e9nement pour les familles, en partenariat avec Mother In Town, ce week-end\u2009! (\u00a9DR)<\/p>\n<p class=\" wall-content\">Bienvenue au \u00ab\u2009Family Week-End Vol.2\u2009\u00bb, un week-end unique m\u00ealant art urbain, cr\u00e9ativit\u00e9 et activit\u00e9s ludiques dans un cadre XXL de 3500 m2 au c\u0153ur de Toulouse\u2009! <strong>LAYUP<\/strong> s\u2019associe \u00e0 Mother in Town pour cr\u00e9er un rendez-vous pens\u00e9 pour les petits et les grands, avec une ouverture d\u00e8s 10h et plein d\u2019animations pour tous les \u00e2ges\u2009! Une programmation vari\u00e9e rythmera le week-end du 28 et 29\u00a0juin\u2009: ateliers cr\u00e9atifs, DJ Kids Party, conf\u00e9rences sur la parentalit\u00e9, baby gym, animations sportives, et bien d\u2019autres surprises. Un moment \u00e0 partager en famille au c\u0153ur de l\u2019exposition.<\/p>\n<p>Les 28 et 29\u00a0juin, de 10h \u00e0 19h, \u00e0 Layup. Entr\u00e9e libre. Plus d\u2019infos sur le site de Lay Up<\/p>\n<p>#3. La D\u00e9tente au Petit Bikini<br \/>\n    <img   decoding=\"async\" loading=\"lazy\" src=\"https:\/\/www.europesays.com\/fr\/wp-content\/uploads\/2025\/06\/petit-bikini-ramonville-960x640.jpg\" alt=\"Le Petit Bikini organise trois jours de f\u00eate pour son dernier week-end d'ouverture. \" width=\"960\" height=\"640\"\/><br \/>\n    Le Petit Bikini organise une pool party, dimanche\u2009! (\u00a9Louis Derigon)<\/p>\n<p class=\" wall-content\">Une pool party au <strong>Petit Bikini,<\/strong> \u00e7a vous dit\u2009? \u00ab\u2009Une fois par mois pendant l\u2019\u00e9t\u00e9, nous vous proposons une pool party ambiance Gayguette, musique d\u00e9tente pour vous pr\u00e9lasser au bord de la piscine ou danser sur un son finement s\u00e9lectionn\u00e9 par des DJs aux influences \u00e9lectroniques, techno, deep house\u2026 pour passer une apr\u00e8s-midi D\u00e9tente\u2009\u00bb, annoncent les organisateurs. Et la prochaine, c\u2019est dimanche\u2009!<\/p>\n<p>Le 29\u00a0juin, au Petit Bikini. Tarif\u2009: 5\u20ac, uniquement sur place. Ouverture des portes \u00e0 15\u00a0heures.<\/p>\n<p>#4. Le Marathon des Mots<\/p>\n<p class=\" wall-content\">Le festival le plus litt\u00e9raire de Toulouse revient pour une nouvelle saison.\u00a0Cette 21e \u00e9dition est sous-titr\u00e9e \u00ab\u2009Est-Ouest\u2009\u00bb, et entend \u00ab\u2009faire le pont entre deux mondes qui semblent tout pr\u00e8s de se d\u00e9chirer comme aux pires heures du XXe\u00a0si\u00e8cle\u2009\u00bb pour nous \u00e9clairer sur les enjeux culturels d\u2019aujourd\u2019hui. A ne pas manquer, jusqu\u2019au 29\u00a0juin\u2009!<\/p>\n<p>Programme complet sur www.lemarathondesmots.com<\/p>\n<p>#5. Le Festival de Toulouse<br \/>\n    <img   decoding=\"async\" loading=\"lazy\" src=\"https:\/\/www.europesays.com\/fr\/wp-content\/uploads\/2025\/06\/veronique-sanson-960x640.png\" alt=\"V\u00e9ronique Sanson.\" width=\"960\" height=\"640\"\/><br \/>\n    V\u00e9ronique Sanson sera en concert \u00e0 Toulouse, dimanche, dans le cadre du Festival De Toulouse. (\u00a9Carpentier Agency)<\/p>\n<p class=\" wall-content\"><strong>Le Festival de Toulouse<\/strong> d\u00e9bute samedi 28\u00a0juin. Et \u00e7a commencer tr\u00e8s fort avec une cr\u00e9ation sp\u00e9ciale pour le festival r\u00e9unissant<strong> Rolando Luna<\/strong> (claviers et piano) et les musiciens de El Comit\u00e9, v\u00e9ritable all-stars de la sc\u00e8ne cubaine contemporaine. A ne pas manquer\u2009!<\/p>\n<p class=\" wall-content\">Le lendemain, une autre l\u00e9gende mais de la chanson fran\u00e7aise, cette fois-ci, sera au Casino Barri\u00e8re\u2009: la grande <strong>V\u00e9ronique Sanson<\/strong>\u2009! Elle y interpr\u00e9tera ses plus grands classiques entour\u00e9e de ses fid\u00e8les musiciens.<\/p>\n<p>Plus d\u2019infos <a href=\"https:\/\/metropole.toulouse.fr\/actualites\/festival-de-toulouse\" target=\"_blank\" rel=\"noopener\">sur le site du Festival.<\/a>#6. Le Star Academy Tour au Z\u00e9nith<br \/>\n    <img   decoding=\"async\" loading=\"lazy\" src=\"https:\/\/www.europesays.com\/fr\/wp-content\/uploads\/2025\/06\/marine-star-ac-960x640.jpg\" alt=\"Marine Delplace est la gagnante de la saison 12 de la Star Academy.\" width=\"960\" height=\"640\"\/><br \/>\n    Marine Delplace, gagnante de la Star Academy 2024, sera \u00e0 Toulouse, samedi. (\u00a9Capture d\u2019\u00e9cran TF1)<\/p>\n<p class=\" wall-content\">Nouvelle saison, nouveaux artistes, nouvelle setlist, le <strong>Star Academy Tour<\/strong> fait peau neuve pour vous proposer un tout nouveau show spectaculaire. Au programme\u2009: chor\u00e9graphies explosives, meilleures reprises de vos chansons favorites et ambiance de folie. Revivez le temps d\u2019un soir, aux c\u00f4t\u00e9s de vos acad\u00e9miciens pr\u00e9f\u00e9r\u00e9s, les meilleurs moments de l\u2019aventure au ch\u00e2teau.<\/p>\n<p>Le 28\u00a0juin, \u00e0 20h. Tarifs\u2009: 52 \u00e0 62\u00a0\u20ac.<\/p>\n<p>#7. Les Ateliers du Grand Huit ouvre ses portes<\/p>\n<p class=\" wall-content\">Les Ateliers du Grand Huit organisent une nouvelle \u00e9dition de ses \u00ab\u2009Weekends plastiques\u2009\u00bb. Au programme\u2009? Vernissage d\u2019une fresque de 20\u00a0m\u00e8tres r\u00e9alis\u00e9e sur la fa\u00e7ade des ateliers la street-artiste Kellymity, mais aussi une expo-vente d\u2019art qui permettra de d\u00e9couvrir le travail des r\u00e9sidents de l\u2019atelier (peinture, custom, mode, illustration, c\u00e9ramique, d\u00e9co\u2026). A ne pas manquer\/<\/p>\n<p>Samedi\u00a028 \u00e0 partir de 11h jusqu\u2019\u00e0 22h \u00e0 l\u2019Atelier du Grand Huit (67, chemin Pujibet, 31200 Toulouse). Adh\u00e9sion obligatoire \u00e0 l\u2019association. Prix libre. Plus d\u2019infos sur <a href=\"https:\/\/www.instagram.com\/ateliers.grandhuit\/\" target=\"_blank\" rel=\"noopener\">Insta<\/a>.#8. Le Totem Festival<\/p>\n<p class=\" wall-content\">Le <strong>Totem Festival<\/strong> d\u00e9barque \u00e0 Pechbonnieu, les 27 et 28\u00a0juin\u2009! De nombreux artistes de la sc\u00e8ne locale comme Blue Jay, Chlo\u00ebmoi, Deen CK ou bien Liksa seront pr\u00e9sents mais \u00e9galement des t\u00eates d\u2019affiche comme Acid Arab et Fakeer. Une jolie prog\u2019 \u00e0 prix tout doux (8\u00a0euros en pr\u00e9vente pour 1 jour, 10\u20ac sur place et 15\u20ac le pass 2\u00a0jours en pr\u00e9vente uniquement).<\/p>\n<p><a href=\"https:\/\/www.totemfestival.fr\/\" target=\"_blank\" rel=\"noopener\">Totem Festival<\/a>, dans l\u2019espace de verdure du Gymnase Colette Besson (1 rue des coteaux Bellevue 31140 Pechbonnieu), les 27 et 28\u00a0juin.#9. Tango Postale<\/p>\n<p class=\" wall-content\">Le Festival <strong>Tango Postale<\/strong> d\u00e9bute le 27\u00a0juin et propose 10\u00a0jours de tango dans divers lieux de la Ville rose. Au programme\u2009? Des bals, des rencontres, des ateliers, des balades, des stages, des afters\u2026 Le programme est foisonnant\u2009!<\/p>\n<p>Tango Postale. Du 27\u00a0juin au 6\u00a0juillet. Plus d\u2019infos <a href=\"https:\/\/tangopostale.com\/\" target=\"_blank\" rel=\"noopener\">sur le site du festival<\/a>.#10. La F\u00eate du Lido<\/p>\n<p class=\" wall-content\">Le Lido, iconique \u00e9cole toulousaine de cirque, f\u00eate ses 40 printemps jusqu\u2019au 29\u00a0juin\u2009! \u00c9l\u00e8ves amateurs et \u00e9tudiants professionnels vous invitent \u00e0 d\u00e9couvrir leurs cr\u00e9ations lors d\u2019une \u00e9dition sp\u00e9ciale. Pour cette occasion, les \u00e9quipes vous concoctent un p\u00e9tillant panel de propositions (cabaret, exposition, sc\u00e8ne ouverte, entra\u00eenements en espace public\u2026) et de surprises dans toute la ville.<\/p>\n<p>Dans divers lieux. Programme complet sur le site du Lido\u2009: https:\/\/circolido.fr\/<\/p>\n<p>#11. Adrienne Lecouvreur<br \/>\n    <img   decoding=\"async\" loading=\"lazy\" src=\"https:\/\/www.europesays.com\/fr\/wp-content\/uploads\/2025\/06\/adrienne-lecouvreur-c-alessia-santambrogio-2-960x640.jpg\" alt=\"Adrienne Lecouvreur arrive au Th\u00e9\u00e2tre du Capitole. \" width=\"960\" height=\"640\"\/><br \/>\n    Adrienne Lecouvreur arrive au Th\u00e9\u00e2tre du Capitole. (\u00a9 Alessia Santambrogio)<\/p>\n<p class=\" wall-content\">Le chef-d\u2019\u0153uvre de Francesco Cilea (1866-1950) revient sur la sc\u00e8ne du Capitole dans une nouvelle production venant directement d\u2019Italie o\u00f9 elle fut cr\u00e9\u00e9e en 2002 et fait depuis les grands soirs de cet op\u00e9ra. Le Th\u00e9\u00e2tre du Capitole a programm\u00e9 cet ouvrage pour la premi\u00e8re fois lors de la saison 87\/88 et ne l\u2019a jamais repris jusqu\u2019\u00e0 ce jour.<\/p>\n<p>Au Th\u00e9\u00e2tre du Capitole. Repr\u00e9sentations les 26\u00a0juin \u00e0 20 het 29\u00a0juin \u00e0 15h. Infos\u2009: www.opera.toulouse.fr<\/p>\n<p class=\" wall-content\">Suivez toute l\u2019actualit\u00e9 de vos villes et m\u00e9dias favoris en vous inscrivant \u00e0 <a href=\"https:\/\/moncompte.actu.fr\" title=\"D\u00e9couvez Mon Actu\" rel=\"nofollow noopener\" data-trk=\"{&quot;cta&quot;:{&quot;action&quot;:&quot;https:\\\/\\\/moncompte.actu.fr&quot;,&quot;category&quot;:&quot;mon compte&quot;,&quot;from&quot;:&quot;article footer&quot;,&quot;name&quot;:&quot;Mon actu&quot;,&quot;type&quot;:&quot;cta&quot;}}\" target=\"_blank\">Mon Actu<\/a>.<\/p>\n<ul class=\"ac-article-tag wall-content\">\n<li><a href=\"https:\/\/actu.fr\/tag\/le-bikini\" data-trk=\"{&quot;cta&quot;:{&quot;action&quot;:&quot;Le Bikini&quot;,&quot;category&quot;:&quot;tag&quot;,&quot;from&quot;:&quot;article footer&quot;,&quot;name&quot;:&quot;Le Bikini&quot;,&quot;type&quot;:&quot;cta&quot;}}\" target=\"_blank\" rel=\"noopener\">#Le Bikini<\/a><\/li>\n<li><a href=\"https:\/\/actu.fr\/tag\/sortir-a-toulouse\" data-trk=\"{&quot;cta&quot;:{&quot;action&quot;:&quot;Sortir \\u00e0 Toulouse&quot;,&quot;category&quot;:&quot;tag&quot;,&quot;from&quot;:&quot;article footer&quot;,&quot;name&quot;:&quot;Sortir \\u00e0 Toulouse&quot;,&quot;type&quot;:&quot;cta&quot;}}\" target=\"_blank\" rel=\"noopener\">#Sortir \u00e0 Toulouse<\/a><\/li>\n<\/ul>\n<p>                    <script async src=\"\/\/www.instagram.com\/embed.js\"><\/script><\/p>\n","protected":false},"excerpt":{"rendered":"Par Gabriel Kenedi Publi\u00e9 le 26 juin 2025 \u00e0 19h16 Fin juin, on ne sait plus o\u00f9 donner&hellip;\n","protected":false},"author":2,"featured_media":206352,"comment_status":"","ping_status":"","sticky":false,"template":"","format":"standard","meta":{"footnotes":""},"categories":[2816],"tags":[1111,11,1777,674,1011,27,3478,1652,12,2680,25,1341,2312],"class_list":{"0":"post-206351","1":"post","2":"type-post","3":"status-publish","4":"format-standard","5":"has-post-thumbnail","7":"category-toulouse","8":"tag-actu","9":"tag-actualites","10":"tag-eu","11":"tag-europe","12":"tag-fr","13":"tag-france","14":"tag-le-bikini","15":"tag-loisirs-culture","16":"tag-news","17":"tag-occitanie","18":"tag-republique-francaise","19":"tag-sortir-a-toulouse","20":"tag-toulouse"},"share_on_mastodon":{"url":"https:\/\/pubeurope.com\/@fr\/114750900767100281","error":""},"_links":{"self":[{"href":"https:\/\/www.europesays.com\/fr\/wp-json\/wp\/v2\/posts\/206351","targetHints":{"allow":["GET"]}}],"collection":[{"href":"https:\/\/www.europesays.com\/fr\/wp-json\/wp\/v2\/posts"}],"about":[{"href":"https:\/\/www.europesays.com\/fr\/wp-json\/wp\/v2\/types\/post"}],"author":[{"embeddable":true,"href":"https:\/\/www.europesays.com\/fr\/wp-json\/wp\/v2\/users\/2"}],"replies":[{"embeddable":true,"href":"https:\/\/www.europesays.com\/fr\/wp-json\/wp\/v2\/comments?post=206351"}],"version-history":[{"count":0,"href":"https:\/\/www.europesays.com\/fr\/wp-json\/wp\/v2\/posts\/206351\/revisions"}],"wp:featuredmedia":[{"embeddable":true,"href":"https:\/\/www.europesays.com\/fr\/wp-json\/wp\/v2\/media\/206352"}],"wp:attachment":[{"href":"https:\/\/www.europesays.com\/fr\/wp-json\/wp\/v2\/media?parent=206351"}],"wp:term":[{"taxonomy":"category","embeddable":true,"href":"https:\/\/www.europesays.com\/fr\/wp-json\/wp\/v2\/categories?post=206351"},{"taxonomy":"post_tag","embeddable":true,"href":"https:\/\/www.europesays.com\/fr\/wp-json\/wp\/v2\/tags?post=206351"}],"curies":[{"name":"wp","href":"https:\/\/api.w.org\/{rel}","templated":true}]}}