{"id":206359,"date":"2025-06-26T17:45:11","date_gmt":"2025-06-26T17:45:11","guid":{"rendered":"https:\/\/www.europesays.com\/fr\/206359\/"},"modified":"2025-06-26T17:45:11","modified_gmt":"2025-06-26T17:45:11","slug":"ils-ont-banni-lusage-du-mot-femme-luniversite-daix-marseille-accueille-ses-premiers-scientifiques-fuyant-trump","status":"publish","type":"post","link":"https:\/\/www.europesays.com\/fr\/206359\/","title":{"rendered":"\u00ab\u00a0Ils ont banni l\u2019usage du mot femme\u00a0\u00bb\u2026 L\u2019universit\u00e9 d\u2019Aix-Marseille accueille ses premiers scientifiques fuyant Trump"},"content":{"rendered":"<p> \u00abLorsque j\u2019ai \u00e9t\u00e9 pr\u00e9s\u00e9lectionn\u00e9e, je suis rest\u00e9e sans voix, sous le choc\u00a0\u00bb, raconte \u00e0 la presse Lisa*, anthropobiologiste am\u00e9ricaine qui vient de signer un contrat de trois ans \u00e0 l\u2019universit\u00e9 d\u2019Aix-Marseille (AMU). \u00ab\u00a0<a href=\"https:\/\/www.20minutes.fr\/dossier\/donald_trump\" class=\"color-ultramarine c-link\" target=\"_blank\" rel=\"noopener\">Donald Trump<\/a> a coup\u00e9 les programmes d\u2019\u00e9tudes de mon laboratoire et<a href=\"https:\/\/www.20minutes.fr\/monde\/etats-unis\/4139156-20250217-etats-unis-femme-race-trauma-mots-bannis-projets-scientifiques\" class=\"color-ultramarine c-link\" target=\"_blank\" rel=\"noopener\"> banni l\u2019usage de mots comme \u00ab\u00a0femme\u00a0\u00bb<\/a>. Et je ne voyais pas vraiment comment poursuivre mes recherches dans ce cadre\u00a0\u00bb, explique la jeune scientifique, m\u00e8re de deux enfants, dont les travaux trouvaient une application aux <a href=\"https:\/\/www.20minutes.fr\/monde\/etats-unis\/\" class=\"color-ultramarine c-link\" target=\"_blank\" rel=\"noopener\">Etats-Unis<\/a> notamment dans l\u2019aide \u00e0 l\u2019identification polici\u00e8re de victimes.<\/p>\n<p>Comme Lisa, ils sont pour l\u2019heure 39 chercheurs am\u00e9ricains <a href=\"https:\/\/www.20minutes.fr\/monde\/4142044-20250305-marseille-universite-ouvre-grand-portes-chercheurs-americains-fuient-donald-trump\" class=\"color-ultramarine c-link\" target=\"_blank\" rel=\"noopener\">\u00e0 avoir \u00e9t\u00e9 s\u00e9lectionn\u00e9s par l\u2019AMU dans le cadre du programme Safe place for science<\/a>, dot\u00e9 de 15\u00a0millions d\u2019euros sur trois ans. Pr\u00e8s de 300 candidatures ont \u00e9t\u00e9 enregistr\u00e9es\u00a0: \u00ab\u00a0Climatologue, immunologiste, astrophysicien, sociologue, politologue ou encore historien, [\u2026] j\u2019ai \u00e9t\u00e9 frapp\u00e9 par la richesse et la diversit\u00e9 des candidatures dont certaines sont venues de coll\u00e8gues de prestigieuses universit\u00e9s comme Berkeley ou Harvard\u00a0\u00bb, a d\u00e9taill\u00e9 Eric Berton, le pr\u00e9sident de l\u2019AMU qui a parl\u00e9 d\u2019un \u00ab\u00a0moment historique\u00a0\u00bb.<\/p>\n<\/p>\n<p>Lisa, elle, vient d\u2019arriver \u00e0 Marseille du Minnesota, un Etat am\u00e9ricain frontalier du Canada. \u00ab\u00a0Evidemment, il fait beaucoup plus chaud ici. C\u2019est un autre style de vie, mais j\u2019adore ce que la ville d\u00e9gage.\u00a0\u00bb Une ville qu\u2019elle avait d\u00e9j\u00e0 pu visiter \u00e0 deux reprises, indique celle qui porte une croix camarguaise autour du cou. \u00ab\u00a0Bien s\u00fbr, le salaire n\u2019est pas le m\u00eame ici mais la vie est aussi moins ch\u00e8re\u00a0\u00bb, poursuit la scientifique qui cherche \u00e0 pr\u00e9sent une \u00e9cole o\u00f9 inscrire ses deux enfants et un travail pour son mari, professeur de lyc\u00e9e aux Etats-Unis. Des d\u00e9marches pour lesquelles l\u2019universit\u00e9, en partenariat avec les collectivit\u00e9s locales, a indiqu\u00e9 les aider.<\/p>\n<p>\u00ab\u00a0Je n\u2019aurais jamais pens\u00e9 \u00e0 venir en France\u00a0\u00bb<\/p>\n<p>Un peu plus \u00e2g\u00e9, James n\u2019a pour sa part plus d\u2019enfants \u00e0 charge. Le climatologue a r\u00e9pondu \u00e0 l\u2019appel \u00e0 candidatures de l\u2019AMU avec sa compagne, chercheuse \u00e9galement, mais en sciences politiques. Et si son contrat n\u2019est pas encore formellement sign\u00e9, le chercheur venu du Massachusetts n\u2019a pas cach\u00e9 son \u00e9motion. \u00ab\u00a0Je suis tr\u00e8s heureux de l\u2019accueil qui m\u2019est fait, mais c\u2019est aussi tr\u00e8s triste\u00a0\u00bb, exprime celui qui n\u2019aurait \u00ab\u00a0jamais pens\u00e9 \u00e0 venir en France avant l\u2019\u00e9lection de Trump\u00a0\u00bb. \u00ab\u00a0Mon champ de recherche est clairement vis\u00e9. Le climat et les sciences de l\u2019environnement sont aujourd\u2019hui devenus des th\u00e8mes difficiles \u00e0 aborder, [\u2026] c\u2019est d\u00e9courageant\u00a0\u00bb.<\/p>\n<p>Et s\u2019il se trouve aujourd\u2019hui \u00e0 Marseille, il indique \u00e0 20 Minutes ne pas en avoir inform\u00e9 son universit\u00e9. \u00ab\u00a0Je pr\u00e9f\u00e8re qu\u2019elle ne le sache pas, pour pas \u00e9viter certaines cons\u00e9quences si des fois \u00e7a ne devait pas marcher\u00a0\u00bb, poursuit James qui consid\u00e8re que son Etat f\u00e9d\u00e9ral pourrait \u00e9galement sanctionner son universit\u00e9 d\u2019attache aux Etats-Unis s\u2019il l\u2019apprenait. Un d\u00e9placement semi-clandestin qui ne le fait toutefois pas se sentir comme un \u00ab\u00a0r\u00e9fugi\u00e9\u00a0\u00bb. \u00ab\u00a0C\u2019est un peu trop fort comme mot\u00a0\u00bb, commente le climatologue qui sait ce que sont les d\u00e9placements contraints de population.<\/p>\n<p>La Chine \u00e9galement \u00e0 l\u2019aff\u00fbt<\/p>\n<p>Autre Etat, autre champ de recherche mais m\u00eame constat, pour Mary*, qui \u00e9tudie la biologie \u00e9volutive. \u00ab\u00a0Ce programme est une tr\u00e8s bonne chose, m\u00eame si j\u2019aurais pr\u00e9f\u00e9r\u00e9 un contrat permanent\u00a0\u00bb, explique la chercheuse du Wisconsin, s\u00e9duite \u00e9galement par la perspective de vivre dans le sud de la France. \u00ab\u00a0Dans mon institut de recherche, la plupart sont d\u00e9j\u00e0 partis. La plupart au Canada mais aussi en Chine qui met le paquet pour attirer les \u00ab\u00a0top chercheurs\u00a0\u00bb\u00a0\u00bb.<\/p>\n<p>Un exode de circonstance qui devrait avoir \u00ab\u00a0de longues cons\u00e9quences, m\u00eame en cas de changement politique\u00a0\u00bb, anticipe Bryan, professeur d\u2019histoire moderne, sp\u00e9cialiste des XVe et XVIe\u00a0si\u00e8cles. \u00ab\u00a0C\u2019est la fin de la domination mondiale de la recherche am\u00e9ricaine\u00a0\u00bb, pr\u00e9dit l\u2019historien qui travaillait d\u00e9j\u00e0 depuis quelques ann\u00e9es avec des homologues fran\u00e7ais et dont il \u00e9tait d\u00e9j\u00e0 pr\u00e9vu qu\u2019il fasse un an de recherche en France en 2025-2026. D\u00e9sormais, il esp\u00e8re pouvoir en faire trois de plus.<\/p>\n<p>*Les pr\u00e9noms ont \u00e9t\u00e9 modifi\u00e9s \u00e0 la demande des chercheurs et chercheuses interview\u00e9es.<\/p>\n","protected":false},"excerpt":{"rendered":"\u00abLorsque j\u2019ai \u00e9t\u00e9 pr\u00e9s\u00e9lectionn\u00e9e, je suis rest\u00e9e sans voix, sous le choc\u00a0\u00bb, raconte \u00e0 la presse Lisa*, anthropobiologiste&hellip;\n","protected":false},"author":2,"featured_media":206360,"comment_status":"","ping_status":"","sticky":false,"template":"","format":"standard","meta":{"footnotes":""},"categories":[2814],"tags":[1111,47,11,7404,885,7079,75,73,1777,674,1011,27,884,74,12,883,882,959,1306,25,4513,5768],"class_list":{"0":"post-206359","1":"post","2":"type-post","3":"status-publish","4":"format-standard","5":"has-post-thumbnail","7":"category-marseille","8":"tag-actu","9":"tag-actualite","10":"tag-actualites","11":"tag-aix-en-provence","12":"tag-bouches-du-rhone","13":"tag-chercheurs","14":"tag-donald-trump","15":"tag-etats-unis","16":"tag-eu","17":"tag-europe","18":"tag-fr","19":"tag-france","20":"tag-marseille","21":"tag-monde","22":"tag-news","23":"tag-paca","24":"tag-provence-alpes-cote-dazur","25":"tag-recherche","26":"tag-regions","27":"tag-republique-francaise","28":"tag-scientifiques","29":"tag-universite"},"share_on_mastodon":{"url":"https:\/\/pubeurope.com\/@fr\/114750916116515484","error":""},"_links":{"self":[{"href":"https:\/\/www.europesays.com\/fr\/wp-json\/wp\/v2\/posts\/206359","targetHints":{"allow":["GET"]}}],"collection":[{"href":"https:\/\/www.europesays.com\/fr\/wp-json\/wp\/v2\/posts"}],"about":[{"href":"https:\/\/www.europesays.com\/fr\/wp-json\/wp\/v2\/types\/post"}],"author":[{"embeddable":true,"href":"https:\/\/www.europesays.com\/fr\/wp-json\/wp\/v2\/users\/2"}],"replies":[{"embeddable":true,"href":"https:\/\/www.europesays.com\/fr\/wp-json\/wp\/v2\/comments?post=206359"}],"version-history":[{"count":0,"href":"https:\/\/www.europesays.com\/fr\/wp-json\/wp\/v2\/posts\/206359\/revisions"}],"wp:featuredmedia":[{"embeddable":true,"href":"https:\/\/www.europesays.com\/fr\/wp-json\/wp\/v2\/media\/206360"}],"wp:attachment":[{"href":"https:\/\/www.europesays.com\/fr\/wp-json\/wp\/v2\/media?parent=206359"}],"wp:term":[{"taxonomy":"category","embeddable":true,"href":"https:\/\/www.europesays.com\/fr\/wp-json\/wp\/v2\/categories?post=206359"},{"taxonomy":"post_tag","embeddable":true,"href":"https:\/\/www.europesays.com\/fr\/wp-json\/wp\/v2\/tags?post=206359"}],"curies":[{"name":"wp","href":"https:\/\/api.w.org\/{rel}","templated":true}]}}