{"id":206371,"date":"2025-06-26T17:51:12","date_gmt":"2025-06-26T17:51:12","guid":{"rendered":"https:\/\/www.europesays.com\/fr\/206371\/"},"modified":"2025-06-26T17:51:12","modified_gmt":"2025-06-26T17:51:12","slug":"les-pompiers-de-paris-sequipent-dune-nouvelle-lance-a-incendie-revolutionnaire","status":"publish","type":"post","link":"https:\/\/www.europesays.com\/fr\/206371\/","title":{"rendered":"Les pompiers de Paris s\u2019\u00e9quipent d\u2019une nouvelle lance \u00e0 incendie \u00abr\u00e9volutionnaire\u00bb"},"content":{"rendered":"<p>En plus d\u2019\u00eatre cinq fois plus \u00e9conome en eau, cette nouvelle technologie permet de r\u00e9duire le poids de la lance de 70%.<\/p>\n<p class=\"fig-paragraph\">La Brigade des\u00a0<a href=\"https:\/\/www.lefigaro.fr\/actualite-france\/les-heros-de-notre-dame-l-incroyable-recit-des-pompiers-20191031\" data-fig-type=\"Article\" data-gtm-custom-categorie=\"navigation\" data-gtm-custom-action=\"crossclick\" data-gtm-custom-label=\"Contextuel\" data-gtm-event=\"customEventSPE\" data-fig-domain=\"LEFIGARO\" target=\"_blank\" rel=\"noopener\">sapeurs-pompiers de Paris<\/a>\u00a0(BSPP) a pr\u00e9sent\u00e9 jeudi \u00e0 la presse sa nouvelle lance \u00e0 incendie \u00abr\u00e9volutionnaire\u00bb qui fonctionne \u00e0 partir d&rsquo;une id\u00e9e \u00abcontradictoire\u00bb devenue une \u00ab\u00e9vidence\u00bb : propulser plus d&rsquo;air que d&rsquo;eau pour \u00e9teindre les feux. Cinq fois plus \u00e9conome en eau qu&rsquo;une lance traditionnelle, provoquant donc moins de d\u00e9g\u00e2ts et plus simple d&rsquo;usage avec un poids r\u00e9duit de 70%\u00a0: le pr\u00e9fet de police de Paris Laurent Nu\u00f1ez a vant\u00e9 dans la cour de la caserne Champerret (17e arrondissement) un \u00aboutil extr\u00eamement performant\u00bb.<\/p>\n<p class=\"fig-paragraph\">Cette lance dite \u00abdiphasique\u00bb, qui brumise plus qu&rsquo;elle n&rsquo;arrose, fonctionne gr\u00e2ce \u00e0 un tuyau dot\u00e9 d&rsquo;une double membrane propulsant eau et air en m\u00eame temps. Le sergent Hugo, qui teste la lance depuis un an, explique: \u00abLe fait qu&rsquo;il y ait moins d&rsquo;eau rend le tuyau moins lourd donc \u00e7a permet d&rsquo;\u00e9conomiser les \u00e9quipes\u00bb et de \u00abtransporter le tuyau m\u00eame avec de l&rsquo;eau dedans (&#8230;) plus rapidement vers le sinistre\u00bb.<\/p>\n<p>Plusieurs pays \u00e9trangers int\u00e9ress\u00e9s<\/p>\n<p class=\"fig-paragraph\">Lors d&rsquo;une intervention pour un feu d&rsquo;appartement, en utilisant cette lance, il a pu \u00abrester \u00e0 l&rsquo;ext\u00e9rieur\u00bb et \u00aben 20-30 secondes le feu est d\u00e9j\u00e0 quasiment \u00e9teint\u00bb, louant un gain de \u00abs\u00e9curit\u00e9\u00bb. Si l&rsquo;id\u00e9e remonte \u00e0 plus d&rsquo;un si\u00e8cle, elle n&rsquo;avait jamais \u00e9t\u00e9 mise en \u0153uvre jusqu&rsquo;\u00e0 pr\u00e9sent du fait de \u00abverrous technologiques\u00bb.<\/p>\n<p class=\"fig-paragraph\">D\u00e9j\u00e0 arm\u00e9e sur quatre camions FPTL (fourgon pompe tonne l\u00e9ger), elle \u00e9quipera les 52 camions \u00abpremiers secours et \u00e9vacuation\u00bb de sixi\u00e8me g\u00e9n\u00e9ration que la BSPP doit recevoir d&rsquo;ici \u00e0 2030, dont 10 seront op\u00e9rationnels d\u00e8s 2025, a d\u00e9taill\u00e9 \u00e0 l&rsquo;AFP le g\u00e9n\u00e9ral de division Arnaud de Cacqueray.<\/p>\n<p class=\"fig-paragraph\">Les pompiers de la\u00a0<a href=\"https:\/\/www.lefigaro.fr\/tag\/seine-maritime\" target=\"_blank\" rel=\"noopener\" data-gtm-custom-categorie=\"navigation\" data-gtm-custom-action=\"crossclick\" data-gtm-custom-label=\"Contextuel\" data-gtm-event=\"customEventSPE\">Seine-Maritime<\/a>\u00a0sont en train de s&rsquo;\u00e9quiper de cette lance, selon lui et les pompiers d&rsquo;Ille-et-Vilaine, du Rh\u00f4ne et les marins-pompiers de Marseille ont \u00abtravaill\u00e9 sur le projet\u00bb. \u00abPlusieurs pays \u00e9trangers\u00bb seraient \u00e9galement int\u00e9ress\u00e9s par cette technologie et notamment par les \u00e9conomies d&rsquo;eau qu&rsquo;elle permet, a-t-il ajout\u00e9, sans pr\u00e9ciser lesquels.<\/p>\n","protected":false},"excerpt":{"rendered":"En plus d\u2019\u00eatre cinq fois plus \u00e9conome en eau, cette nouvelle technologie permet de r\u00e9duire le poids de&hellip;\n","protected":false},"author":2,"featured_media":206372,"comment_status":"","ping_status":"","sticky":false,"template":"","format":"standard","meta":{"footnotes":""},"categories":[1888],"tags":[1111,1928,47,11,1927,1109,1112,1777,674,118,1108,107,1106,1107,1011,27,1310,1110,1114,14,12,1926,1113,626,1925,316,1311,25],"class_list":{"0":"post-206371","1":"post","2":"type-post","3":"status-publish","4":"format-standard","5":"has-post-thumbnail","7":"category-paris","8":"tag-actu","9":"tag-actu-paris","10":"tag-actualite","11":"tag-actualites","12":"tag-actualites-paris","13":"tag-breves","14":"tag-depeches","15":"tag-eu","16":"tag-europe","17":"tag-faits-divers","18":"tag-fil","19":"tag-fil-info","20":"tag-flash","21":"tag-flash-actu","22":"tag-fr","23":"tag-france","24":"tag-incendie","25":"tag-informations","26":"tag-infos","27":"tag-international","28":"tag-news","29":"tag-news-paris","30":"tag-nouvelles","31":"tag-paris","32":"tag-paris-news","33":"tag-politique","34":"tag-pompiers","35":"tag-republique-francaise"},"share_on_mastodon":{"url":"https:\/\/pubeurope.com\/@fr\/114750939689864755","error":""},"_links":{"self":[{"href":"https:\/\/www.europesays.com\/fr\/wp-json\/wp\/v2\/posts\/206371","targetHints":{"allow":["GET"]}}],"collection":[{"href":"https:\/\/www.europesays.com\/fr\/wp-json\/wp\/v2\/posts"}],"about":[{"href":"https:\/\/www.europesays.com\/fr\/wp-json\/wp\/v2\/types\/post"}],"author":[{"embeddable":true,"href":"https:\/\/www.europesays.com\/fr\/wp-json\/wp\/v2\/users\/2"}],"replies":[{"embeddable":true,"href":"https:\/\/www.europesays.com\/fr\/wp-json\/wp\/v2\/comments?post=206371"}],"version-history":[{"count":0,"href":"https:\/\/www.europesays.com\/fr\/wp-json\/wp\/v2\/posts\/206371\/revisions"}],"wp:featuredmedia":[{"embeddable":true,"href":"https:\/\/www.europesays.com\/fr\/wp-json\/wp\/v2\/media\/206372"}],"wp:attachment":[{"href":"https:\/\/www.europesays.com\/fr\/wp-json\/wp\/v2\/media?parent=206371"}],"wp:term":[{"taxonomy":"category","embeddable":true,"href":"https:\/\/www.europesays.com\/fr\/wp-json\/wp\/v2\/categories?post=206371"},{"taxonomy":"post_tag","embeddable":true,"href":"https:\/\/www.europesays.com\/fr\/wp-json\/wp\/v2\/tags?post=206371"}],"curies":[{"name":"wp","href":"https:\/\/api.w.org\/{rel}","templated":true}]}}