{"id":206375,"date":"2025-06-26T17:53:08","date_gmt":"2025-06-26T17:53:08","guid":{"rendered":"https:\/\/www.europesays.com\/fr\/206375\/"},"modified":"2025-06-26T17:53:08","modified_gmt":"2025-06-26T17:53:08","slug":"paris-la-mairie-du-ve-bientot-classee-aux-monuments-historiques","status":"publish","type":"post","link":"https:\/\/www.europesays.com\/fr\/206375\/","title":{"rendered":"Paris\u00a0: la mairie du Ve bient\u00f4t class\u00e9e aux Monuments historiques"},"content":{"rendered":"<p class=\"paragraph text_align_left lp-f-body-02\">C\u2019est un \u00e9crin architectural qui surplombe la place du Panth\u00e9on depuis plus de 150 ans. La mairie du <a href=\"https:\/\/www.leparisien.fr\/paris-75\/paris-75005\/\" target=\"_blank\" rel=\"noreferrer nofollow noopener\">Ve arrondissement de Paris<\/a> s\u2019appr\u00eate \u00e0 franchir une \u00e9tape d\u00e9cisive dans son histoire : son classement aux <a href=\"https:\/\/www.leparisien.fr\/paris-75\/on-protege-tres-bien-la-tour-eiffel-pourquoi-paris-ne-demande-pas-le-classement-aux-monuments-historiques-08-10-2024-DLJYQGV6DFHK3COKYAYLYH4CNM.php\" target=\"_blank\" rel=\"noreferrer nofollow noopener\">Monuments historiques<\/a> sera soumis au vote du <a href=\"https:\/\/www.leparisien.fr\/elections\/municipales\/vous-allez-chasser-les-codes-promos-sur-les-stylos-a-bille-au-conseil-de-paris-coup-de-chaud-sur-le-budget-04-06-2025-2MZELLEZTRBJVEJCN5FQWR3WUI.php\" target=\"_blank\" rel=\"noreferrer nofollow noopener\">Conseil de Paris<\/a> qui se tiendra du 1er au 4 juillet.<\/p>\n<p class=\"paragraph text_align_left lp-f-body-02\">Une cons\u00e9cration pour ce b\u00e2timent dont l\u2019histoire est intimement li\u00e9e \u00e0 celle du Panth\u00e9on. Construite entre 1844 et 1865, la mairie fait partie int\u00e9grante de l\u2019ensemble urbain imagin\u00e9 par Louis XV et l\u2019architecte Jacques Germain Soufflot sur cette vaste place.<\/p>\n<p class=\"paragraph text_align_left lp-f-body-02\">Sa fa\u00e7ade n\u00e9oclassique, \u0153uvre des architectes Jean-Baptiste Gu\u00e9nepin et Jacques-Ignace Hittorff &#8211; ce dernier \u00e9tant aussi le p\u00e8re de la <a href=\"https:\/\/www.leparisien.fr\/oise-60\/jai-trouve-ca-inhumain-une-patiente-en-chimio-verbalisee-par-la-sncf-pour-un-billet-achete-trop-tard-23-06-2025-IV3WF5DUQRBNHCMXB25UPXD4ZA.php\" target=\"_blank\" rel=\"noreferrer nofollow noopener\">Gare du Nord<\/a> &#8211; t\u00e9moigne de cette premi\u00e8re p\u00e9riode. L\u2019\u00e9difice conna\u00eetra une seconde vie entre 1923 et 1930, avec une extension Art d\u00e9co sign\u00e9e Ferdinand Glaize.<\/p>\n<p>Protection et aides de l\u2019\u00c9tat<\/p>\n<p class=\"paragraph text_align_left lp-f-body-02\">\u00ab Je suis heureuse que l\u2019histoire de cette mairie et son patrimoine exceptionnel soient enfin reconnus \u00bb, se r\u00e9jouit Florence Berthout (Horizons), maire du Ve arrondissement, qui <a href=\"https:\/\/www.leparisien.fr\/paris-75\/ce-sont-des-chefs-doeuvre-paris-veut-classer-ses-mairies-au-titre-des-monuments-historiques-13-03-2025-HGBCPWOEJNF5XDHOEMTOMVABDI.php\" target=\"_blank\" rel=\"noreferrer nofollow noopener\">porte ce projet depuis plusieurs ann\u00e9es<\/a>. La Commission r\u00e9gionale du patrimoine d\u2019\u00cele-de-France a d\u00e9j\u00e0 donn\u00e9 son feu vert \u00e0 l\u2019unanimit\u00e9 en d\u00e9cembre dernier.<\/p>\n<p class=\"paragraph text_align_left lp-f-body-02\">Ce classement ne sera pas qu\u2019honorifique. Il permettra \u00e0 la mairie de b\u00e9n\u00e9ficier d\u2019une subvention de l\u2019\u00c9tat pouvant atteindre 40 % des futurs travaux de restauration. Une aubaine pour ce monument qui abrite, outre ses salles d\u2019apparat, des tr\u00e9sors m\u00e9connus comme treize statues de l\u2019Exposition des arts d\u00e9coratifs de 1925.<\/p>\n<p class=\"paragraph text_align_left lp-f-body-02\">Pas question d\u2019en faire \u00ab un patrimoine fig\u00e9 dans le pass\u00e9 \u00bb pour sa maire, qui a voulu faire de sa mairie \u00ab un lieu vivant et dynamique \u00bb. Depuis le d\u00e9but de son mandat, la maire y a instaur\u00e9 de nouveaux services tels que l\u2019agora Jacqueline de Romilly, une \u00e9picerie solidaire pour \u00e9tudiants, un foyer pour femmes en difficult\u00e9 et m\u00eame une r\u00e9sidence d\u2019artistes unique \u00e0 Paris. \u00ab Le patrimoine que nous recevons doit rester vivant et ouvert sur la ville \u00bb, insiste Florence Berthout.<\/p>\n<p class=\"paragraph text_align_left lp-f-body-02\">Si le Conseil de Paris donne son accord comme attendu, la Commission nationale du patrimoine et de l\u2019architecture devrait officialiser le classement \u00e0 l\u2019automne. Il concernera dans le d\u00e9tail les deux ailes donnant sur la place du Panth\u00e9on et la rue Clotaire, incluant les espaces d\u2019apparat (Salles des F\u00eates, des Mariages et Pierrotet), mais aussi les fa\u00e7ades et toitures des autres ailes, ainsi que le sol de la cour et son monument aux morts.<\/p>\n","protected":false},"excerpt":{"rendered":"C\u2019est un \u00e9crin architectural qui surplombe la place du Panth\u00e9on depuis plus de 150 ans. La mairie du&hellip;\n","protected":false},"author":2,"featured_media":206376,"comment_status":"","ping_status":"","sticky":false,"template":"","format":"standard","meta":{"footnotes":""},"categories":[1888],"tags":[11,1777,674,1011,27,1944,12,626,25],"class_list":{"0":"post-206375","1":"post","2":"type-post","3":"status-publish","4":"format-standard","5":"has-post-thumbnail","7":"category-paris","8":"tag-actualites","9":"tag-eu","10":"tag-europe","11":"tag-fr","12":"tag-france","13":"tag-ma-ville","14":"tag-news","15":"tag-paris","16":"tag-republique-francaise"},"share_on_mastodon":{"url":"https:\/\/pubeurope.com\/@fr\/114750947560011558","error":""},"_links":{"self":[{"href":"https:\/\/www.europesays.com\/fr\/wp-json\/wp\/v2\/posts\/206375","targetHints":{"allow":["GET"]}}],"collection":[{"href":"https:\/\/www.europesays.com\/fr\/wp-json\/wp\/v2\/posts"}],"about":[{"href":"https:\/\/www.europesays.com\/fr\/wp-json\/wp\/v2\/types\/post"}],"author":[{"embeddable":true,"href":"https:\/\/www.europesays.com\/fr\/wp-json\/wp\/v2\/users\/2"}],"replies":[{"embeddable":true,"href":"https:\/\/www.europesays.com\/fr\/wp-json\/wp\/v2\/comments?post=206375"}],"version-history":[{"count":0,"href":"https:\/\/www.europesays.com\/fr\/wp-json\/wp\/v2\/posts\/206375\/revisions"}],"wp:featuredmedia":[{"embeddable":true,"href":"https:\/\/www.europesays.com\/fr\/wp-json\/wp\/v2\/media\/206376"}],"wp:attachment":[{"href":"https:\/\/www.europesays.com\/fr\/wp-json\/wp\/v2\/media?parent=206375"}],"wp:term":[{"taxonomy":"category","embeddable":true,"href":"https:\/\/www.europesays.com\/fr\/wp-json\/wp\/v2\/categories?post=206375"},{"taxonomy":"post_tag","embeddable":true,"href":"https:\/\/www.europesays.com\/fr\/wp-json\/wp\/v2\/tags?post=206375"}],"curies":[{"name":"wp","href":"https:\/\/api.w.org\/{rel}","templated":true}]}}