{"id":206377,"date":"2025-06-26T17:54:10","date_gmt":"2025-06-26T17:54:10","guid":{"rendered":"https:\/\/www.europesays.com\/fr\/206377\/"},"modified":"2025-06-26T17:54:10","modified_gmt":"2025-06-26T17:54:10","slug":"la-mairie-de-paris-deplore-la-pire-tempete-depuis-1999","status":"publish","type":"post","link":"https:\/\/www.europesays.com\/fr\/206377\/","title":{"rendered":"la mairie de Paris d\u00e9plore \u00abla pire temp\u00eate depuis 1999\u00bb"},"content":{"rendered":"<p>Les violents orages qui se sont d\u00e9clench\u00e9s en France apr\u00e8s une intense vague de chaleur ont provoqu\u00e9 la chute d\u2019arbres, sans toutefois entra\u00eener de victime dans la capitale.<\/p>\n<p class=\"fig-paragraph\">L\u2019heure des comptes a sonn\u00e9 pour la maire de Paris. Le\u00a0<a href=\"http:\/\/www.lefigaro.fr\/meteo\/violents-orages-en-france-eclairs-arbres-couches-inondations-les-images-spectaculaires-des-degats-20250626\" target=\"_blank\" data-fig-type=\"Article\" rel=\"noopener\" data-gtm-custom-categorie=\"navigation\" data-gtm-custom-action=\"crossclick\" data-gtm-custom-label=\"Contextuel\" data-gtm-event=\"customEventSPE\" data-fig-domain=\"LEFIGARO\">passage des violents orages<\/a>\u00a0qui se sont d\u00e9clench\u00e9s en France apr\u00e8s une intense vague de chaleur, et qui ont fait deux morts et 17 bless\u00e9s dans la nuit de mercredi \u00e0 jeudi, a provoqu\u00e9\u00a0<a href=\"http:\/\/www.lefigaro.fr\/meteo\/arbres-couches-quais-inondes-rafales-de-vent-a-90-km-h-les-images-du-violent-orage-qui-a-frappe-paris-20250625\" target=\"_blank\" data-fig-type=\"NewsFlash\" rel=\"noopener\" data-gtm-custom-categorie=\"navigation\" data-gtm-custom-action=\"crossclick\" data-gtm-custom-label=\"Contextuel\" data-gtm-event=\"customEventSPE\" data-fig-domain=\"LEFIGARO\">des d\u00e9g\u00e2ts mat\u00e9riels sur la capitale<\/a>. Des rafales de vents ont d\u00e9pass\u00e9 les 100 km\/h, tandis que les images des rues partiellement inond\u00e9es ont fleuri sur les r\u00e9seaux sociaux.<\/p>\n<p class=\"fig-paragraph\">L\u2019\u00e9pisode a \u00e9t\u00e9 particuli\u00e8rement violent dans les arrondissements de l\u2019Ouest, notamment dans le 16e arrondissement \u00abo\u00f9 certains agents disent que les d\u00e9g\u00e2ts sont plus importants qu\u2019en 1999\u00bb, a indiqu\u00e9 l\u2019adjoint aux espaces verts \u00e0 la maire de Paris, Christophe Nadjovski, au cours d\u2019un point presse. Les 15e et 17e arrondissements figurent \u00e9galement parmi les plus marqu\u00e9s par le passage de l\u2019orage.<\/p>\n<p>Un risque de chute d\u2019arbres dans les prochains jours<\/p>\n<p class=\"fig-paragraph\">En raison de la puissance des intemp\u00e9ries, entre 500 et 1000 arbres r\u00e9partis dans une cinquantaine de rues ont \u00e9t\u00e9 s\u00e9v\u00e8rement touch\u00e9s dans les rues parisiennes, \u00abpour l\u2019essentiel des arbres matures, de 80 ans voire 100 ans, ce qui t\u00e9moigne de la violence et de la soudainet\u00e9 de l\u2019\u00e9pisode\u00bb a poursuivi l\u2019adjoint, appelant les Parisiens \u00e0 la vigilance dans les prochains jours. \u00abUn risque de chute n\u00e9cessite un abattage imm\u00e9diat ou dans les prochains jours (de ces arbres)\u00bb, a-t-il ajout\u00e9.<\/p>\n<p class=\"fig-paragraph\">La vigilance orange a \u00e9t\u00e9 lev\u00e9e \u00e0 3 heures dans l\u2019ensemble des d\u00e9partements concern\u00e9s. Les pompiers ont r\u00e9alis\u00e9 2500 interventions en France durant la nuit de mercredi \u00e0 jeudi, selon la m\u00eame source. La France est travers\u00e9e depuis le 19 juin par sa 50e vague de chaleur nationale depuis 1947, dont la moiti\u00e9 ont \u00e9t\u00e9 subies au 21e si\u00e8cle.<\/p>\n","protected":false},"excerpt":{"rendered":"Les violents orages qui se sont d\u00e9clench\u00e9s en France apr\u00e8s une intense vague de chaleur ont provoqu\u00e9 la&hellip;\n","protected":false},"author":2,"featured_media":206378,"comment_status":"","ping_status":"","sticky":false,"template":"","format":"standard","meta":{"footnotes":""},"categories":[1888],"tags":[47,1058,1054,1059,1060,1055,11,3570,1057,1777,674,118,1011,27,1061,303,2487,12,4594,626,1062,25,656,104,1056,809],"class_list":{"0":"post-206377","1":"post","2":"type-post","3":"status-publish","4":"format-standard","5":"has-post-thumbnail","7":"category-paris","8":"tag-actualite","9":"tag-actualite-education","10":"tag-actualite-france","11":"tag-actualite-justice","12":"tag-actualite-securite","13":"tag-actualite-societe","14":"tag-actualites","15":"tag-arbres","16":"tag-education","17":"tag-eu","18":"tag-europe","19":"tag-faits-divers","20":"tag-fr","21":"tag-france","22":"tag-immigration","23":"tag-justice","24":"tag-meteo","25":"tag-news","26":"tag-orages","27":"tag-paris","28":"tag-polemique","29":"tag-republique-francaise","30":"tag-securite","31":"tag-societe","32":"tag-societe-francaise","33":"tag-violence"},"share_on_mastodon":{"url":"https:\/\/pubeurope.com\/@fr\/114750951480869373","error":""},"_links":{"self":[{"href":"https:\/\/www.europesays.com\/fr\/wp-json\/wp\/v2\/posts\/206377","targetHints":{"allow":["GET"]}}],"collection":[{"href":"https:\/\/www.europesays.com\/fr\/wp-json\/wp\/v2\/posts"}],"about":[{"href":"https:\/\/www.europesays.com\/fr\/wp-json\/wp\/v2\/types\/post"}],"author":[{"embeddable":true,"href":"https:\/\/www.europesays.com\/fr\/wp-json\/wp\/v2\/users\/2"}],"replies":[{"embeddable":true,"href":"https:\/\/www.europesays.com\/fr\/wp-json\/wp\/v2\/comments?post=206377"}],"version-history":[{"count":0,"href":"https:\/\/www.europesays.com\/fr\/wp-json\/wp\/v2\/posts\/206377\/revisions"}],"wp:featuredmedia":[{"embeddable":true,"href":"https:\/\/www.europesays.com\/fr\/wp-json\/wp\/v2\/media\/206378"}],"wp:attachment":[{"href":"https:\/\/www.europesays.com\/fr\/wp-json\/wp\/v2\/media?parent=206377"}],"wp:term":[{"taxonomy":"category","embeddable":true,"href":"https:\/\/www.europesays.com\/fr\/wp-json\/wp\/v2\/categories?post=206377"},{"taxonomy":"post_tag","embeddable":true,"href":"https:\/\/www.europesays.com\/fr\/wp-json\/wp\/v2\/tags?post=206377"}],"curies":[{"name":"wp","href":"https:\/\/api.w.org\/{rel}","templated":true}]}}