{"id":206381,"date":"2025-06-26T17:56:09","date_gmt":"2025-06-26T17:56:09","guid":{"rendered":"https:\/\/www.europesays.com\/fr\/206381\/"},"modified":"2025-06-26T17:56:09","modified_gmt":"2025-06-26T17:56:09","slug":"de-nouvelles-recrues-nord-coreennes-pour-poutine-et-des-manoeuvres-qui-inquietent-la-finlande","status":"publish","type":"post","link":"https:\/\/www.europesays.com\/fr\/206381\/","title":{"rendered":"De nouvelles recrues nord-cor\u00e9ennes pour Poutine et des man\u0153uvres qui inqui\u00e8tent la Finlande"},"content":{"rendered":"<p>Vous avez rat\u00e9 les derniers \u00e9v\u00e9nements sur la <a href=\"https:\/\/www.20minutes.fr\/monde\/ukraine\/\" class=\"color-ultramarine c-link\" target=\"_blank\" rel=\"noopener\">guerre en Ukraine<\/a>\u00a0? 20 Minutes fait le point pour vous tous les soirs. Voici l\u2019essentiel de ce jeudi 26\u00a0juin 2025, 1.219e jour du conflit.<\/p>\n<p>Le fait du jour<\/p>\n<p>Les soldats de <a href=\"https:\/\/www.20minutes.fr\/monde\/kim_jong_un\/\" class=\"color-ultramarine c-link\" target=\"_blank\" rel=\"noopener\">Kim Jong-un<\/a> pr\u00e9parent leur come-back sur le front. La Cor\u00e9e du Nord devrait en effet envoyer \u00ab\u00a0d\u00e8s juillet ou ao\u00fbt\u00a0\u00bb de nouvelles troupes \u00e0 la <a href=\"https:\/\/www.20minutes.fr\/monde\/russie\/\" class=\"color-ultramarine c-link\" target=\"_blank\" rel=\"noopener\">Russie<\/a>, croit savoir un d\u00e9put\u00e9 sud-cor\u00e9en, sur la foi des informations du renseignement sud-cor\u00e9en. \u00ab\u00a0La <a href=\"https:\/\/www.20minutes.fr\/monde\/coree_du_nord\/\" class=\"color-ultramarine c-link\" target=\"_blank\" rel=\"noopener\">Cor\u00e9e du Nord<\/a> continue d\u2019envoyer des troupes et de fournir des armes \u00e0 la Russie, et nous constatons que son soutien a jou\u00e9 un r\u00f4le important dans les efforts de Moscou pour reprendre Koursk\u00a0\u00bb, a d\u00e9clar\u00e9 le d\u00e9put\u00e9 Lee Seong-kweun apr\u00e8s un briefing avec le Service de Renseignement National sud-cor\u00e9en (NIS). Apr\u00e8s avoir longtemps ni\u00e9 leur pr\u00e9sence, <a href=\"https:\/\/www.20minutes.fr\/monde\/vladimir_poutine\/\" class=\"color-ultramarine c-link\" target=\"_blank\" rel=\"noopener\">Vladimir Poutine<\/a> a r\u00e9cemment remerci\u00e9 les soldats nord-cor\u00e9ens qui ont particip\u00e9 aux combats du c\u00f4t\u00e9 de la r\u00e9gion russe de Russe de Koursk, en partie occup\u00e9e par les troupes de Kiev depuis l\u2019\u00e9t\u00e9\u00a02024 et dont la Russie a annonc\u00e9 avoir enti\u00e8rement r\u00e9tabli le contr\u00f4le fin avril.<\/p>\n<p>Environ 600 soldats nord-cor\u00e9ens ont \u00e9t\u00e9 tu\u00e9s et des milliers d\u2019autres bless\u00e9s en combattant pour la Russie, selon le d\u00e9put\u00e9 sud-cor\u00e9en.<\/p>\n<\/p>\n<p>La d\u00e9claration du jour<\/p>\n<blockquote class=\"mx-m@xs mx-xxl@md color-ultramarine c-citation\">\n<p class=\"font-weight-regular@xs text-italic font-source-serif-pro text-l@xs c-citation__content\">\u00ab\u00a0Nous consid\u00e9rerons le travail et les d\u00e9cisions de cet organe [le tribunal sp\u00e9cial pour l\u2019Ukraine] comme nulles et non avenues\u00a0\u00bb<\/p>\n<\/blockquote>\n<p>Maria Zakharova, la porte-parole du minist\u00e8re russe des Affaires \u00e9trang\u00e8res, a fustig\u00e9 jeudi l\u2019accord sign\u00e9 la veille entre <a href=\"https:\/\/www.20minutes.fr\/monde\/volodymyr-zelensky\/\" class=\"color-ultramarine c-link\" target=\"_blank\" rel=\"noopener\">Volodymyr Zelensky<\/a> et le Conseil de l\u2019Europe pour la cr\u00e9ation d\u2019un tribunal sp\u00e9cial pour l\u2019Ukraine. \u00ab\u00a0Qui est en r\u00e9alit\u00e9 une parodie de justice\u00a0\u00bb, a ajout\u00e9 la diplomate russe.<\/p>\n<p>\u00ab\u00a0Il va falloir du courage politique et judiciaire, pour s\u2019assurer que tous les criminels de guerre russes soient jug\u00e9s, y compris Poutine\u00a0\u00bb, consid\u00e8re pour sa part le pr\u00e9sident ukrainien.<\/p>\n<p>Le chiffre du jour<\/p>\n<p>16. Le nombre d\u2019ann\u00e9es que Grigori Skvortsov, un photographe local de 35 ans, devra passer dans \u00ab\u00a0un camp p\u00e9nitentiaire \u00e0 r\u00e9gime s\u00e9v\u00e8re\u00a0\u00bb. Il a \u00e9t\u00e9 condamn\u00e9 ce jeudi pour \u00ab\u00a0haute trahison\u00a0\u00bb par un tribunal de Perm, dans l\u2019Oural. Ce que la justice russe lui reproche\u00a0? Avoir transmis un livre sur des bunkers sovi\u00e9tiques \u00e0 un journaliste am\u00e9ricain au d\u00e9but du conflit. Mais il a surtout, d\u2019apr\u00e8s les m\u00e9dias russes, critiqu\u00e9 l\u2019offensive militaire de la Russie en Ukraine.<\/p>\n<p><a href=\"http:\/\/20minutes.fr\/monde\/ukraine\" class=\"c-link c-btn c-btn--primary\" target=\"_blank\" rel=\"noopener\">Nos articles sur la guerre en Ukraine<\/a>La tendance<\/p>\n<p>\u00ab\u00a0Nous avons not\u00e9 de nouveaux changements organisationnels, comme de nouvelles divisions qui commencent \u00e0 appara\u00eetre pr\u00e8s de la fronti\u00e8re finlandaise\u00a0\u00bb, affirme l\u2019expert militaire Emil Kastehelmi, du groupe finlandais Black Bird, qui analyse l\u2019invasion de l\u2019Ukraine par la Russie. \u00ab\u00a0La Russie continue de construire, de se pr\u00e9parer et de s\u2019entra\u00eener \u00e0 proximit\u00e9 de la fronti\u00e8re orientale de la Finlande et de l\u2019Otan\u00a0\u00bb, ajoute-t-il. Autant dire qu\u2019\u00e0 un jet de pierre de la Russie, les habitants de la petite ville frontali\u00e8re finlandaise de Kuhmo sont inquiets. \u00ab\u00a0Apr\u00e8s une longue p\u00e9riode de paix, tout le monde parle maintenant de guerre et de menace de guerre\u00a0\u00bb, explique Samuli Pulkkinen, un vendeur de l\u00e9gumes de cette localit\u00e9 \u00e0 l\u2019AFP. \u00ab\u00a0On fait comme si cette p\u00e9riode de paix semblait d\u00e9j\u00e0 finie et que quelque chose de mauvais mena\u00e7ait en permanence de se produire, c\u2019est vraiment triste\u00a0\u00bb, ajoute-t-il, sinistre.<\/p>\n<p>La <a href=\"https:\/\/www.20minutes.fr\/dossier\/finlande\" class=\"color-ultramarine c-link\" target=\"_blank\" rel=\"noopener\">Finlande<\/a>, qui a rejoint l\u2019<a href=\"https:\/\/www.20minutes.fr\/monde\/otan\/\" class=\"color-ultramarine c-link\" target=\"_blank\" rel=\"noopener\">Otan<\/a> en\u00a02023 apr\u00e8s des d\u00e9cennies de non-alignement militaire, partage une fronti\u00e8re de 1.340 kilom\u00e8tres avec la Russie. Des images satellites r\u00e9centes obtenues par le New York Times et les groupes de m\u00e9dias publics finlandais Yle et su\u00e9dois SVT ont r\u00e9v\u00e9l\u00e9 une expansion de l\u2019infrastructure militaire russe en divers endroits pr\u00e8s de la fronti\u00e8re finlandaise.<\/p>\n<p>Elles relancent les craintes d\u2019une pr\u00e9paration de la Russie \u00e0 une action militaire contre la Finlande, une fois la guerre en Ukraine termin\u00e9e.<\/p>\n","protected":false},"excerpt":{"rendered":"Vous avez rat\u00e9 les derniers \u00e9v\u00e9nements sur la guerre en Ukraine\u00a0? 20 Minutes fait le point pour vous&hellip;\n","protected":false},"author":2,"featured_media":206382,"comment_status":"","ping_status":"","sticky":false,"template":"","format":"standard","meta":{"footnotes":""},"categories":[1590],"tags":[47,11,13987,1777,674,219,131,15404,74,12,136,132,220,135,134],"class_list":{"0":"post-206381","1":"post","2":"type-post","3":"status-publish","4":"format-standard","5":"has-post-thumbnail","7":"category-ukraine","8":"tag-actualite","9":"tag-actualites","10":"tag-coree-du-nord","11":"tag-eu","12":"tag-europe","13":"tag-finlande","14":"tag-guerre-en-ukraine","15":"tag-kim-jong-un","16":"tag-monde","17":"tag-news","18":"tag-otan","19":"tag-russie","20":"tag-ukraine","21":"tag-vladimir-poutine","22":"tag-volodymyr-zelensky"},"share_on_mastodon":{"url":"https:\/\/pubeurope.com\/@fr\/114750959318854289","error":""},"_links":{"self":[{"href":"https:\/\/www.europesays.com\/fr\/wp-json\/wp\/v2\/posts\/206381","targetHints":{"allow":["GET"]}}],"collection":[{"href":"https:\/\/www.europesays.com\/fr\/wp-json\/wp\/v2\/posts"}],"about":[{"href":"https:\/\/www.europesays.com\/fr\/wp-json\/wp\/v2\/types\/post"}],"author":[{"embeddable":true,"href":"https:\/\/www.europesays.com\/fr\/wp-json\/wp\/v2\/users\/2"}],"replies":[{"embeddable":true,"href":"https:\/\/www.europesays.com\/fr\/wp-json\/wp\/v2\/comments?post=206381"}],"version-history":[{"count":0,"href":"https:\/\/www.europesays.com\/fr\/wp-json\/wp\/v2\/posts\/206381\/revisions"}],"wp:featuredmedia":[{"embeddable":true,"href":"https:\/\/www.europesays.com\/fr\/wp-json\/wp\/v2\/media\/206382"}],"wp:attachment":[{"href":"https:\/\/www.europesays.com\/fr\/wp-json\/wp\/v2\/media?parent=206381"}],"wp:term":[{"taxonomy":"category","embeddable":true,"href":"https:\/\/www.europesays.com\/fr\/wp-json\/wp\/v2\/categories?post=206381"},{"taxonomy":"post_tag","embeddable":true,"href":"https:\/\/www.europesays.com\/fr\/wp-json\/wp\/v2\/tags?post=206381"}],"curies":[{"name":"wp","href":"https:\/\/api.w.org\/{rel}","templated":true}]}}