{"id":206387,"date":"2025-06-26T17:59:13","date_gmt":"2025-06-26T17:59:13","guid":{"rendered":"https:\/\/www.europesays.com\/fr\/206387\/"},"modified":"2025-06-26T17:59:13","modified_gmt":"2025-06-26T17:59:13","slug":"france-espoirs-le-resume-video-de-la-defaite-des-bleuets","status":"publish","type":"post","link":"https:\/\/www.europesays.com\/fr\/206387\/","title":{"rendered":"France Espoirs : le r\u00e9sum\u00e9 vid\u00e9o de la d\u00e9faite des Bleuets"},"content":{"rendered":"<p class=\"chapeau\">L&rsquo;aventure europ\u00e9enne des Bleuets s&rsquo;est arr\u00eat\u00e9e aux portes de la finale. L&rsquo;\u00e9quipe de France Espoirs s&rsquo;est inclin\u00e9e lourdement (3-0) face \u00e0 une Allemagne redoutable en demi-finale du Championnat d&rsquo;Europe 2025 en Slovaquie. Une d\u00e9ception pour les jeunes Fran\u00e7ais, qui voient ainsi s&rsquo;envoler l&rsquo;opportunit\u00e9 de d\u00e9crocher le titre, d\u00e9sormais en jeu entre la s\u00e9lection allemande et l&rsquo;Angleterre.<\/p>\n","protected":false},"excerpt":{"rendered":"L&rsquo;aventure europ\u00e9enne des Bleuets s&rsquo;est arr\u00eat\u00e9e aux portes de la finale. L&rsquo;\u00e9quipe de France Espoirs s&rsquo;est inclin\u00e9e lourdement&hellip;\n","protected":false},"author":2,"featured_media":206388,"comment_status":"","ping_status":"","sticky":false,"template":"","format":"standard","meta":{"footnotes":""},"categories":[1587],"tags":[11,672,1804,1805,1803,1777,674,1801,12,1802],"class_list":{"0":"post-206387","1":"post","2":"type-post","3":"status-publish","4":"format-standard","5":"has-post-thumbnail","7":"category-allemagne","8":"tag-actualites","9":"tag-allemagne","10":"tag-bundesrepublik-deutschland","11":"tag-de","12":"tag-deutschland","13":"tag-eu","14":"tag-europe","15":"tag-germany","16":"tag-news","17":"tag-republique-federale-dallemagne"},"share_on_mastodon":{"url":"https:\/\/pubeurope.com\/@fr\/114750971201798442","error":""},"_links":{"self":[{"href":"https:\/\/www.europesays.com\/fr\/wp-json\/wp\/v2\/posts\/206387","targetHints":{"allow":["GET"]}}],"collection":[{"href":"https:\/\/www.europesays.com\/fr\/wp-json\/wp\/v2\/posts"}],"about":[{"href":"https:\/\/www.europesays.com\/fr\/wp-json\/wp\/v2\/types\/post"}],"author":[{"embeddable":true,"href":"https:\/\/www.europesays.com\/fr\/wp-json\/wp\/v2\/users\/2"}],"replies":[{"embeddable":true,"href":"https:\/\/www.europesays.com\/fr\/wp-json\/wp\/v2\/comments?post=206387"}],"version-history":[{"count":0,"href":"https:\/\/www.europesays.com\/fr\/wp-json\/wp\/v2\/posts\/206387\/revisions"}],"wp:featuredmedia":[{"embeddable":true,"href":"https:\/\/www.europesays.com\/fr\/wp-json\/wp\/v2\/media\/206388"}],"wp:attachment":[{"href":"https:\/\/www.europesays.com\/fr\/wp-json\/wp\/v2\/media?parent=206387"}],"wp:term":[{"taxonomy":"category","embeddable":true,"href":"https:\/\/www.europesays.com\/fr\/wp-json\/wp\/v2\/categories?post=206387"},{"taxonomy":"post_tag","embeddable":true,"href":"https:\/\/www.europesays.com\/fr\/wp-json\/wp\/v2\/tags?post=206387"}],"curies":[{"name":"wp","href":"https:\/\/api.w.org\/{rel}","templated":true}]}}