{"id":206389,"date":"2025-06-26T18:00:11","date_gmt":"2025-06-26T18:00:11","guid":{"rendered":"https:\/\/www.europesays.com\/fr\/206389\/"},"modified":"2025-06-26T18:00:11","modified_gmt":"2025-06-26T18:00:11","slug":"la-charge-du-principal-theoricien-du-trumpisme-contre-lue","status":"publish","type":"post","link":"https:\/\/www.europesays.com\/fr\/206389\/","title":{"rendered":"la charge du principal th\u00e9oricien du trumpisme contre l\u2019UE"},"content":{"rendered":"<p><strong>TRIBUNE <\/strong>&#8211; Kevin Roberts, pr\u00e9sident de la Heritage Foundation, le think-tank am\u00e9ricain qui a \u00e9labor\u00e9 une partie du programme de Donald Trump, explique sa conception de la d\u00e9mocratie et attaque l\u2019\u00ab\u00a0illib\u00e9ralisme\u00a0\u00bb des dirigeants europ\u00e9ens.<\/p>\n<p class=\"fig-paragraph\">Alors que je rencontrais des dizaines de parlementaires conservateurs, dirigeants et \u00e9tudiants \u00e0 Paris*, je me suis senti en France comme \u00e0 la maison.<\/p>\n<p class=\"fig-paragraph\">Cela a \u00e9t\u00e9 un honneur de les rencontrer, pas uniquement en tant que\u00a0<a href=\"http:\/\/www.lefigaro.fr\/vox\/politique\/kevin-roberts-pour-changer-vraiment-les-choses-il-faut-que-les-conservateurs-restent-au-pouvoir-pendant-une-ou-deux-generations-20250527\" target=\"_blank\" data-fig-type=\"Article\" rel=\"noopener\" data-gtm-custom-categorie=\"navigation\" data-gtm-custom-action=\"crossclick\" data-gtm-custom-label=\"Contextuel\" data-gtm-event=\"customEventSPE\" data-fig-domain=\"LEFIGARO\">pr\u00e9sident de la Heritage Foundation<\/a>, mais en tant que fils d\u2019un Louisianais du Sud, o\u00f9 le gombo est \u00e9pais, les drapeaux sont am\u00e9ricains, et la moiti\u00e9 des noms de famille sonnent toujours comme s\u2019ils venaient de quitter les rives de la Vend\u00e9e, en route vers la Nouvelle-\u00c9cosse,\u00a0<a href=\"http:\/\/www.lefigaro.fr\/langue-francaise\/quand-le-francais-etait-langue-des-parias-en-louisiane-20250209\" target=\"_blank\" data-fig-type=\"Article\" rel=\"noopener\" data-gtm-custom-categorie=\"navigation\" data-gtm-custom-action=\"crossclick\" data-gtm-custom-label=\"Contextuel\" data-gtm-event=\"customEventSPE\" data-fig-domain=\"LEFIGARO\">avant de s\u2019installer dans la r\u00e9gion d\u2019Acadiane en Louisiane<\/a>.<\/p>\n<p class=\"fig-body-link\">\n            \u00c0 lire aussi<br \/>\n        <a class=\"fig-body-link__link fig-premium-mark\" href=\"http:\/\/www.lefigaro.fr\/international\/les-raisons-du-divorce-entre-la-tech-americaine-et-la-planete-maga-20250606\" target=\"_blank\" data-fig-type=\"Article\" rel=\"noopener\" data-gtm-custom-categorie=\"navigation\" data-gtm-custom-action=\"crossclick\" data-gtm-custom-label=\"Contextuel\" data-gtm-event=\"customEventSPE\" data-fig-domain=\"LEFIGARO\">Les raisons du divorce entre la tech am\u00e9ricaine et la plan\u00e8te Maga<br \/>\n    <\/a>\n<\/p>\n<p class=\"fig-paragraph\">J\u2019y suis all\u00e9 en tant qu\u2019alli\u00e9 &#8211; et patriote &#8211; pour dire cela\u00a0: \u00ab\u00a0Nous sommes ensemble dans ce combat.\u00a0\u00bb<\/p>\n<p class=\"fig-paragraph\">Soyons clairs quant \u00e0 ce qui s\u2019oppose \u00e0 nous. Le vieil ordre lib\u00e9ral, fond\u00e9 sur le mat\u00e9rialisme la\u00efque et un d\u00e9clin ma\u00eetris\u00e9, est devenu non seulement incomp\u00e9tent, mais aussi tyrannique.<\/p>\n<p class=\"fig-paragraph\">Le r\u00e9gime ne se contente pas de mal gouverner. Il punit la dissidence. Il criminalise la v\u00e9rit\u00e9. Lorsque Marine Le\u00a0Pen se voit interdite de concourir\u2026<\/p>\n<p class=\"fig-premium-paywall__infos\">\n        Cet article est r\u00e9serv\u00e9 aux abonn\u00e9s.        Il vous reste 86% \u00e0 d\u00e9couvrir.\n    <\/p>\n<p>                <img  data- alt=\"Le Figaro\" class=\"fig-img--complete fig-img\"\/><\/p>\n<p class=\"fig-premium-paywall__title\">Vente Flash : derniers jours<\/p>\n<p class=\"fig-premium-paywall__subtitle\">3,99\u20ac par mois pendant 12 mois. Sans engagement.<\/p>\n<p class=\"fig-premium-paywall__connect\">\n                D\u00e9j\u00e0 abonn\u00e9\u00a0?                <a class=\"fig-premium-paywall__connect-link\" href=\"https:\/\/connect.lefigaro.fr\/login?client=horizon_web&amp;type=main&amp;redirect_uri=https%3A%2F%2Fwww.lefigaro.fr%2Fvox%2Fmonde%2Fles-menaces-les-plus-dangereuses-pour-l-europe-viennent-de-l-interieur-la-charge-du-principal-theoricien-du-trumpisme-contre-l-ue-20250626\" data-js-gtm=\"{&quot;customCategorie&quot;: &quot;conversion&quot;, &quot;customAction&quot;: &quot;before_Landing_Connexion_paywall_auto&quot;, &quot;customLabel&quot;: &quot;bGVmaWdhcm8uZnJfXzFmMDRjNTNlLWViMmYtNjVlYS1hYTdlLTVmYzAyNTg1NGVkZV9fQXJ0aWNsZQ==_\u00ab\u00a0Les menaces les plus dangereuses pour l\u2019Europe viennent de l\u2019int\u00e9rieur\u00a0\u00bb\u00a0: la charge du principal th\u00e9oricien du trumpisme contre l\u2019UE_145&quot;, &quot;customIDSPE&quot;: &quot;bGVmaWdhcm8uZnJfXzFmMDRjNTNlLWViMmYtNjVlYS1hYTdlLTVmYzAyNTg1NGVkZV9fQXJ0aWNsZQ==&quot;, &quot;event&quot;: &quot;customEventSPE&quot;}\" target=\"_blank\" rel=\"noopener\"><br \/>\n                    Connectez-vous<br \/>\n                <\/a>\n            <\/p>\n","protected":false},"excerpt":{"rendered":"TRIBUNE &#8211; Kevin Roberts, pr\u00e9sident de la Heritage Foundation, le think-tank am\u00e9ricain qui a \u00e9labor\u00e9 une partie du&hellip;\n","protected":false},"author":2,"featured_media":206390,"comment_status":"","ping_status":"","sticky":false,"template":"","format":"standard","meta":{"footnotes":""},"categories":[1586],"tags":[11,1428,1292,2198,2197,75,73,1777,674,1429,1011,27,14,12,1427,1426,25],"class_list":{"0":"post-206389","1":"post","2":"type-post","3":"status-publish","4":"format-standard","5":"has-post-thumbnail","7":"category-europe","8":"tag-actualites","9":"tag-chroniqueurs","10":"tag-debat","11":"tag-debat-monde","12":"tag-debats-international","13":"tag-donald-trump","14":"tag-etats-unis","15":"tag-eu","16":"tag-europe","17":"tag-figarovox","18":"tag-fr","19":"tag-france","20":"tag-international","21":"tag-news","22":"tag-opinions","23":"tag-questions","24":"tag-republique-francaise"},"share_on_mastodon":{"url":"https:\/\/pubeurope.com\/@fr\/114750975161442749","error":""},"_links":{"self":[{"href":"https:\/\/www.europesays.com\/fr\/wp-json\/wp\/v2\/posts\/206389","targetHints":{"allow":["GET"]}}],"collection":[{"href":"https:\/\/www.europesays.com\/fr\/wp-json\/wp\/v2\/posts"}],"about":[{"href":"https:\/\/www.europesays.com\/fr\/wp-json\/wp\/v2\/types\/post"}],"author":[{"embeddable":true,"href":"https:\/\/www.europesays.com\/fr\/wp-json\/wp\/v2\/users\/2"}],"replies":[{"embeddable":true,"href":"https:\/\/www.europesays.com\/fr\/wp-json\/wp\/v2\/comments?post=206389"}],"version-history":[{"count":0,"href":"https:\/\/www.europesays.com\/fr\/wp-json\/wp\/v2\/posts\/206389\/revisions"}],"wp:featuredmedia":[{"embeddable":true,"href":"https:\/\/www.europesays.com\/fr\/wp-json\/wp\/v2\/media\/206390"}],"wp:attachment":[{"href":"https:\/\/www.europesays.com\/fr\/wp-json\/wp\/v2\/media?parent=206389"}],"wp:term":[{"taxonomy":"category","embeddable":true,"href":"https:\/\/www.europesays.com\/fr\/wp-json\/wp\/v2\/categories?post=206389"},{"taxonomy":"post_tag","embeddable":true,"href":"https:\/\/www.europesays.com\/fr\/wp-json\/wp\/v2\/tags?post=206389"}],"curies":[{"name":"wp","href":"https:\/\/api.w.org\/{rel}","templated":true}]}}