{"id":206391,"date":"2025-06-26T18:01:12","date_gmt":"2025-06-26T18:01:12","guid":{"rendered":"https:\/\/www.europesays.com\/fr\/206391\/"},"modified":"2025-06-26T18:01:12","modified_gmt":"2025-06-26T18:01:12","slug":"israel-reste-un-sujet-qui-divise-les-27-incapables-de-parler-dune-seule-voix-sur-les-questions-de-politique-etrangere","status":"publish","type":"post","link":"https:\/\/www.europesays.com\/fr\/206391\/","title":{"rendered":"Isra\u00ebl reste un sujet qui divise les 27, incapables de parler d\u2019une seule voix sur les questions de politique \u00e9trang\u00e8re"},"content":{"rendered":"<p>              <a tabindex=\"-1\" title=\"Val\u00e9rie de Graffenried\" href=\"https:\/\/www.letemps.ch\/profil\/valerie-de-graffenried\" target=\"_blank\" rel=\"noopener\"><\/p>\n<p>                    <img decoding=\"async\" src=\"https:\/\/www.europesays.com\/fr\/wp-content\/uploads\/2025\/04\/1744793291_698_small.jpeg\" class=\"lazy\" alt=\"\"\/><\/p>\n<p><\/a>        <\/p>\n<p>    Publi\u00e9 le 26 juin 2025 \u00e0 19:53. \/ Modifi\u00e9 le 26 juin 2025 \u00e0 19:56.<\/p>\n<p> 4 min. de lecture<\/p>\n<p>\u00abUne situation catastrophique de g\u00e9nocide\u00bb. A son arriv\u00e9e jeudi matin \u00e0 Bruxelles, au sommet du Conseil europ\u00e9en, le premier ministre espagnol Pedro Sanchez a tr\u00e8s vite \u00e9voqu\u00e9 Gaza devant les micros tendus. Il a une nouvelle fois appel\u00e9 l\u2019UE \u00e0 suspendre \u00abimm\u00e9diatement\u00bb son accord d\u2019association avec Isra\u00ebl. Cette question divise les Europ\u00e9ens. Et si la majorit\u00e9 des pays y sont d\u00e9sormais favorables, la d\u00e9cision ne peut se prendre qu\u2019\u00e0 l\u2019unanimit\u00e9.<\/p>\n<p>Mais Pedro Sanchez ne l\u00e2che rien. \u00abIl est insens\u00e9 que nous imposions 17 paquets de sanctions \u00e0 la Russie pour son agression contre l\u2019Ukraine et que l\u2019Europe, qui applique visiblement un double standard, ne soit m\u00eame pas capable de suspendre un accord d\u2019association lorsque l\u2019article 2 sur le respect des droits humains est viol\u00e9 de mani\u00e8re flagrante, dans ce cas par Isra\u00ebl!\u00bb, a d\u00e9nonc\u00e9 le premier ministre socialiste.<\/p>\n","protected":false},"excerpt":{"rendered":"Publi\u00e9 le 26 juin 2025 \u00e0 19:53. \/ Modifi\u00e9 le 26 juin 2025 \u00e0 19:56. 4 min. de&hellip;\n","protected":false},"author":2,"featured_media":206392,"comment_status":"","ping_status":"","sticky":false,"template":"","format":"standard","meta":{"footnotes":""},"categories":[1586],"tags":[11,1777,674,1779,1011,27,664,12,301,25,656,1778,364],"class_list":{"0":"post-206391","1":"post","2":"type-post","3":"status-publish","4":"format-standard","5":"has-post-thumbnail","7":"category-europe","8":"tag-actualites","9":"tag-eu","10":"tag-europe","11":"tag-european-union","12":"tag-fr","13":"tag-france","14":"tag-israel","15":"tag-news","16":"tag-premium","17":"tag-republique-francaise","18":"tag-securite","19":"tag-ue","20":"tag-union-europeenne"},"share_on_mastodon":{"url":"https:\/\/pubeurope.com\/@fr\/114750979103984117","error":""},"_links":{"self":[{"href":"https:\/\/www.europesays.com\/fr\/wp-json\/wp\/v2\/posts\/206391","targetHints":{"allow":["GET"]}}],"collection":[{"href":"https:\/\/www.europesays.com\/fr\/wp-json\/wp\/v2\/posts"}],"about":[{"href":"https:\/\/www.europesays.com\/fr\/wp-json\/wp\/v2\/types\/post"}],"author":[{"embeddable":true,"href":"https:\/\/www.europesays.com\/fr\/wp-json\/wp\/v2\/users\/2"}],"replies":[{"embeddable":true,"href":"https:\/\/www.europesays.com\/fr\/wp-json\/wp\/v2\/comments?post=206391"}],"version-history":[{"count":0,"href":"https:\/\/www.europesays.com\/fr\/wp-json\/wp\/v2\/posts\/206391\/revisions"}],"wp:featuredmedia":[{"embeddable":true,"href":"https:\/\/www.europesays.com\/fr\/wp-json\/wp\/v2\/media\/206392"}],"wp:attachment":[{"href":"https:\/\/www.europesays.com\/fr\/wp-json\/wp\/v2\/media?parent=206391"}],"wp:term":[{"taxonomy":"category","embeddable":true,"href":"https:\/\/www.europesays.com\/fr\/wp-json\/wp\/v2\/categories?post=206391"},{"taxonomy":"post_tag","embeddable":true,"href":"https:\/\/www.europesays.com\/fr\/wp-json\/wp\/v2\/tags?post=206391"}],"curies":[{"name":"wp","href":"https:\/\/api.w.org\/{rel}","templated":true}]}}