{"id":206395,"date":"2025-06-26T18:03:13","date_gmt":"2025-06-26T18:03:13","guid":{"rendered":"https:\/\/www.europesays.com\/fr\/206395\/"},"modified":"2025-06-26T18:03:13","modified_gmt":"2025-06-26T18:03:13","slug":"les-408-kilos-duranium-enrichi-auraient-ete-preserves-des-attaques-americaines-selon-les-premieres-fuites-des-renseignements-liberation","status":"publish","type":"post","link":"https:\/\/www.europesays.com\/fr\/206395\/","title":{"rendered":"les 408 kilos d\u2019uranium enrichi auraient \u00e9t\u00e9 pr\u00e9serv\u00e9s des attaques am\u00e9ricaines, selon les premi\u00e8res fuites des renseignements \u2013 Lib\u00e9ration"},"content":{"rendered":"<p class=\"sc-ksZaOG ehjQrN text-element\">D\u00e9truit ou intact ? D\u00e9plac\u00e9 ou non ? Alors que le devenir des quelque <a href=\"https:\/\/www.liberation.fr\/international\/moyen-orient\/liran-affirme-que-larme-atomique-est-inacceptable-20250531_2XX3IEVQ35GGJJNX3TCV7CKCXY\/\" target=\"_blank\" rel=\"noreferrer noopener\" title=\"https:\/\/www.liberation.fr\/international\/moyen-orient\/liran-affirme-que-larme-atomique-est-inacceptable-20250531_2XX3IEVQ35GGJJNX3TCV7CKCXY\/\">408 kilos d\u2019uranium enrichi \u00e0 60 %<\/a> apr\u00e8s les frappes am\u00e9ricaines sur des sites du programme nucl\u00e9aire iranien fait l\u2019objet de sp\u00e9culations depuis plusieurs jours, le <a href=\"https:\/\/www.ft.com\/content\/0808eeb8-341c-4a4e-8ccf-0db07febef91?shareType=nongift\" target=\"_blank\" rel=\"noreferrer noopener\" title=\"https:\/\/www.ft.com\/content\/0808eeb8-341c-4a4e-8ccf-0db07febef91?shareType=nongift\">Financial Times<\/a> affirme ce jeudi 26 juin que des sources de renseignement auraient inform\u00e9 les gouvernements europ\u00e9ens que les pr\u00e9cieux stocks avaient probablement \u00e9t\u00e9 d\u00e9plac\u00e9s avant l\u2019attaque.<\/p>\n<p class=\"sc-ksZaOG ehjQrN text-element\">Les sources cit\u00e9es par le quotidien britannique assurent que ces stocks d\u2019uranium dont l\u2019enrichissement approchait les taux n\u00e9cessaires pour fabriquer des bombes nucl\u00e9aires (90 %) ne se trouvaient pas sur <a href=\"https:\/\/www.liberation.fr\/international\/moyen-orient\/guerre-iran-israel-fordo-le-site-nucleaire-iranien-sur-lequel-bute-pour-linstant-larmee-israelienne-20250616_BGSFRQ3PDVBX3F23T732TL42KU\/\" target=\"_blank\" rel=\"noopener\" title=\"https:\/\/www.liberation.fr\/international\/moyen-orient\/guerre-iran-israel-fordo-le-site-nucleaire-iranien-sur-lequel-bute-pour-linstant-larmee-israelienne-20250616_BGSFRQ3PDVBX3F23T732TL42KU\/\">le site de Fordo<\/a>, l\u2019un des principaux lieux d\u2019enrichissement du pays.<\/p>\n<p class=\"sc-ksZaOG ehjQrN text-element\">Donald Trump, furieux \u00e0 l\u2019id\u00e9e que soit remis en question l\u2019impact de ses frappes sur le programme nucl\u00e9aire iranien, continue <a href=\"https:\/\/www.liberation.fr\/international\/amerique\/le-programme-nucleaire-iranien-en-partie-preserve-des-frappes-americaines-donald-trump-nie-en-bloc-20250625_3MGD4RN7LJCVXNNH6FF2PE7MAY\/\" target=\"_blank\" rel=\"noreferrer noopener\" title=\"https:\/\/www.liberation.fr\/international\/amerique\/le-programme-nucleaire-iranien-en-partie-preserve-des-frappes-americaines-donald-trump-nie-en-bloc-20250625_3MGD4RN7LJCVXNNH6FF2PE7MAY\/\">de nier en bloc<\/a>. Celui qui s\u2019\u00e9tait vant\u00e9 d\u2019\u00abune r\u00e9ussite militaire spectaculaire\u00bb a affirm\u00e9 jeudi sur sa plateforme Truth Social que \u00abrien n\u2019a \u00e9t\u00e9 \u00e9vacu\u00e9\u00bb avant les frappes am\u00e9ricaines : \u00abCela prendrait trop de temps, serait trop dangereux et serait tr\u00e8s lourd et difficile \u00e0 d\u00e9placer !\u00bb<\/p>\n<p class=\"sc-ksZaOG ehjQrN text-element\">Apr\u00e8s les frappes, des images satellites avaient r\u00e9v\u00e9l\u00e9 une activit\u00e9 inhabituelle de camions et v\u00e9hicules autour des trois sites iraniens d\u00e9di\u00e9s \u00e0 l\u2019uranium enrichi \u2013 Natanz, Fordo et Ispahan \u2013, tous vis\u00e9s par Isra\u00ebl et les Etats-Unis. De quoi alimenter la th\u00e8se selon laquelle la mati\u00e8re nucl\u00e9aire aurait \u00e9t\u00e9 \u00e9vacu\u00e9e. Reste \u00e0 savoir vers o\u00f9.<\/p>\n","protected":false},"excerpt":{"rendered":"D\u00e9truit ou intact ? D\u00e9plac\u00e9 ou non ? Alors que le devenir des quelque 408 kilos d\u2019uranium enrichi&hellip;\n","protected":false},"author":2,"featured_media":206396,"comment_status":"","ping_status":"","sticky":false,"template":"","format":"standard","meta":{"footnotes":""},"categories":[2],"tags":[11,1011,27,3019,31951,12,25],"class_list":{"0":"post-206395","1":"post","2":"type-post","3":"status-publish","4":"format-standard","5":"has-post-thumbnail","7":"category-actualites","8":"tag-actualites","9":"tag-fr","10":"tag-france","11":"tag-iran","12":"tag-iran-israel-guerre","13":"tag-news","14":"tag-republique-francaise"},"share_on_mastodon":{"url":"https:\/\/pubeurope.com\/@fr\/114750986903805469","error":""},"_links":{"self":[{"href":"https:\/\/www.europesays.com\/fr\/wp-json\/wp\/v2\/posts\/206395","targetHints":{"allow":["GET"]}}],"collection":[{"href":"https:\/\/www.europesays.com\/fr\/wp-json\/wp\/v2\/posts"}],"about":[{"href":"https:\/\/www.europesays.com\/fr\/wp-json\/wp\/v2\/types\/post"}],"author":[{"embeddable":true,"href":"https:\/\/www.europesays.com\/fr\/wp-json\/wp\/v2\/users\/2"}],"replies":[{"embeddable":true,"href":"https:\/\/www.europesays.com\/fr\/wp-json\/wp\/v2\/comments?post=206395"}],"version-history":[{"count":0,"href":"https:\/\/www.europesays.com\/fr\/wp-json\/wp\/v2\/posts\/206395\/revisions"}],"wp:featuredmedia":[{"embeddable":true,"href":"https:\/\/www.europesays.com\/fr\/wp-json\/wp\/v2\/media\/206396"}],"wp:attachment":[{"href":"https:\/\/www.europesays.com\/fr\/wp-json\/wp\/v2\/media?parent=206395"}],"wp:term":[{"taxonomy":"category","embeddable":true,"href":"https:\/\/www.europesays.com\/fr\/wp-json\/wp\/v2\/categories?post=206395"},{"taxonomy":"post_tag","embeddable":true,"href":"https:\/\/www.europesays.com\/fr\/wp-json\/wp\/v2\/tags?post=206395"}],"curies":[{"name":"wp","href":"https:\/\/api.w.org\/{rel}","templated":true}]}}