{"id":206399,"date":"2025-06-26T18:07:15","date_gmt":"2025-06-26T18:07:15","guid":{"rendered":"https:\/\/www.europesays.com\/fr\/206399\/"},"modified":"2025-06-26T18:07:15","modified_gmt":"2025-06-26T18:07:15","slug":"video-fiere-de-mon-accent-fiere-de-mon-club-celine-le-stade-toulousain-dans-le-sang","status":"publish","type":"post","link":"https:\/\/www.europesays.com\/fr\/206399\/","title":{"rendered":"VIDEO. \u00a0\u00bbFi\u00e8re de mon accent, fi\u00e8re de mon club\u00a0\u00bb : C\u00e9line, le Stade Toulousain dans le sang"},"content":{"rendered":"<p>Pour le 3e et dernier \u00e9pisode de la s\u00e9rie \u00ab Derri\u00e8re chaque <a href=\"https:\/\/www.lerugbynistere.fr\/videos\/essais.php\" ui-sref=\"app.tag\" alt=\"Essai\" data-route=\"app.tag\" data-param=\"slug\" data-id=\"essais\" rel=\"nofollow noopener\" target=\"_blank\">essai<\/a> \u00bb, OlyBet met en lumi\u00e8re C\u00e9line, supportrice du Stade Toulousain, fi\u00e8re de ses racines et de son amour in\u00e9branlable pour le club. Une histoire de passion, de r\u00e9silience, et d\u2019attachement \u00e0 une ville et \u00e0 son \u00e9quipe.<\/p>\n<p><a class=\"inserer_lien_article\" href=\"https:\/\/www.lerugbynistere.fr\/news\/video-derriere-chaque-essai-ils-ne-jouent-pas-mais-ils-font-aussi-gagner-le-stade-toulousain-1006251617.php\" data-id=\"45231\" data-route=\"app.article\" data-param=\"articleId\" ui-sref=\"app.article({articleId: 45231})\" alt=\"VIDEO. &#039;&#039;Derri\u00e8re chaque essai&#039;&#039;, ils ne jouent pas\u2026 mais ils font aussi gagner le Stade Toulousain\" title=\"VIDEO. &#039;&#039;Derri\u00e8re chaque essai&#039;&#039;, ils ne jouent pas\u2026 mais ils font aussi gagner le Stade Toulousain\" rel=\"nofollow noopener\" target=\"_blank\"><img decoding=\"async\" src=\"https:\/\/www.europesays.com\/fr\/wp-content\/uploads\/2025\/06\/1750388292_802_olybet-11-06-25-4968.jpg\" alt=\"VIDEO. ''Derri\u00e8re chaque essai'', ils ne jouent pas\u2026 mais ils font aussi gagner le Stade Toulousain\"\/>VIDEO. \u00a0\u00bbDerri\u00e8re chaque essai\u00a0\u00bb, ils ne jouent pas\u2026 mais ils font aussi gagner le Stade Toulousain<\/a>Chez C\u00e9line, l\u2019amour du Stade, c\u2019est une \u00e9vidence. \u00ab Je suis fi\u00e8re de mon accent, fi\u00e8re de ma r\u00e9gion, fi\u00e8re de mon club. \u00bb Tout est dit.<strong> Le rugby a grandi avec elle<\/strong>, devant la t\u00e9l\u00e9 \u00e0 la maison, puis depuis l\u2019autre bout du monde : \u00ab Quand je suis partie \u00e0 Montr\u00e9al, j\u2019ai continu\u00e9 \u00e0 suivre le rugby malgr\u00e9 la distance. \u00bb \u00c0 son retour, elle s\u2019abonne : la tribune d&rsquo;Ernest-Wallon devient alors son deuxi\u00e8me foyer.<\/p>\n<\/p>\n<p><a href=\"https:\/\/www.lerugbynistere.fr\/clubs\/le-stade-toulousain.php\" ui-sref=\"app.team({teamId: 34})\" alt=\"Toulouse\" data-route=\"app.team\" data-param=\"teamId\" data-id=\"34\" rel=\"nofollow noopener\" target=\"_blank\">Toulouse<\/a>, rugby et rassemblement<\/p>\n<p>Ce que C\u00e9line vient chercher au Stade, <strong>c\u2019est bien plus qu\u2019un r\u00e9sultat.<\/strong> \u00ab Le Stade apporte de la bonne humeur, de l\u2019ambiance, un rassemblement aupr\u00e8s des personnes de toutes classes sociales. C\u2019est \u00e7a, le but du sport collectif. \u00bb Le rugby l\u2019a m\u00eame aid\u00e9e dans des moments difficiles, et l\u2019a men\u00e9e jusqu\u2019\u00e0 l\u2019amour : \u00ab J\u2019ai rencontr\u00e9 mon compagnon gr\u00e2ce au rugby. \u00bb<\/p>\n<p>Comme beaucoup de supporters, <strong>elle mesure l\u2019importance du lien avec les joueurs<\/strong>. \u00ab Quand les joueurs aussi nous font un petit signe pour nous dire \u00ab\u00a0Allez-y encore plus fort, continuez !\u00a0\u00bb \u00c7a, c&rsquo;est bon.\u00a0\u00bb Une communion pr\u00e9cieuse que le Stade cultive.<\/p>\n<p><img decoding=\"async\" src=\"https:\/\/www.europesays.com\/fr\/wp-content\/uploads\/2025\/06\/video-fiere-de-mon-accent-fiere-de-mon-club-celine-le-stade-toulousain-dans-le-sang-24-06-25-4477.jp.jpeg\" alt=\"\" caption=\"false\" class=\"img-responsive\"\/><\/p>\n<p>Gr\u00e2ce \u00e0 OlyBet, C\u00e9line a pu vivre sa passion encore plus intens\u00e9ment. Avec d\u2019autres supporters, elle a partag\u00e9 un entra\u00eenement inoubliable aux c\u00f4t\u00e9s d\u2019Anthony Jelonch, <a href=\"https:\/\/www.lerugbynistere.fr\/fiches-joueurs\/francois-cros.php\" ui-sref=\"app.player({playerId: 2414})\" alt=\"Fran\u00e7ois Cros\" data-route=\"app.player\" data-param=\"playerId\" data-id=\"2414\" rel=\"nofollow noopener\" target=\"_blank\">Fran\u00e7ois Cros<\/a> et Juan Cruz Mall\u00eda. <strong>Une mani\u00e8re concr\u00e8te d\u2019incarner ce lien fort entre tribune et pelouse.<\/strong><\/p>\n<p>Une exp\u00e9rience unique gr\u00e2ce \u00e0 OlyBet<\/p>\n<p>Les joueurs, eux, n\u2019oublient pas d\u2019o\u00f9 ils viennent. \u00ab Je suis n\u00e9 \u00e0 Toulouse, j\u2019ai grandi \u00e0 Toulouse, c\u2019est mon club de c\u0153ur \u00bb, confie Fran\u00e7ois Cros avant d&rsquo;ajouter \u00e0 propos de <strong>la force que leur donnent les supporters<\/strong>. \u00ab C\u2019est important, quand c\u2019est dur, d\u2019avoir ce suppl\u00e9ment d\u2019\u00e2me. \u00bb Et pour Jelonch, \u00ab c\u2019est que de la fiert\u00e9 et de la positivit\u00e9. \u00bb<\/p>\n<p><img decoding=\"async\" src=\"https:\/\/www.europesays.com\/fr\/wp-content\/uploads\/2025\/06\/jean-marc-30-ans-de-passion-rouge-et-noir-et-un-reve-devenu-realite-grace-a-olybet-17-06-25-4870.jpg\" alt=\"\" caption=\"false\" class=\"img-responsive\"\/><\/p>\n<p>Ce troisi\u00e8me \u00e9pisode tombe \u00e0 point nomm\u00e9. \u00c0 quelques jours de la finale du <a href=\"https:\/\/www.lerugbynistere.fr\/championnats\/top-14\" ui-sref=\"app.competition({competitionId: 1})\" alt=\"Top 14\" data-route=\"app.competition\" data-param=\"competitionId\" data-id=\"1\" rel=\"nofollow noopener\" target=\"_blank\">Top 14<\/a> entre le Stade Toulousain et l\u2019UBB \u2014 le remake tant attendu de la saison pass\u00e9e \u2014 <strong>la tension monte d\u2019un cran<\/strong>. Samedi, les tribunes joueront leur partition autant que les joueurs.\u00a0Et ce dernier volet de \u00ab Derri\u00e8re chaque essai \u00bb vient rappeler une \u00e9vidence : les supporters sont bien plus qu\u2019un d\u00e9cor, <strong>ce sont des acteurs \u00e0 part enti\u00e8re de chaque conqu\u00eate.<\/strong> C\u2019est dans ces moments-l\u00e0 que la passion s\u2019exprime le plus fort. \u00c0 <a href=\"https:\/\/www.lerugbynistere.fr\/clubs\/stade-francais.php\" ui-sref=\"app.team({teamId: 40})\" alt=\"Paris\" data-route=\"app.team\" data-param=\"teamId\" data-id=\"40\" rel=\"nofollow noopener\" target=\"_blank\">Paris<\/a>, le titre se jouera aussi dans les chants, les couleurs, et cette ferveur qui fait vibrer tout un peuple.<br \/><a class=\"inserer_lien_article\" href=\"https:\/\/www.lerugbynistere.fr\/news\/30-ans-de-tambour-et-toujours-le-stade-toulousain-dans-le-coeur-le-rugby-se-vit-aussi-dans-les-tribunes-1706251203.php\" data-id=\"45297\" data-route=\"app.article\" data-param=\"articleId\" ui-sref=\"app.article({articleId: 45297})\" alt=\"30 ans de tambour et toujours le Stade Toulousain dans le c\u0153ur : avec Jean-Marc, le rugby se vit aussi dans les tribunes\" title=\"30 ans de tambour et toujours le Stade Toulousain dans le c\u0153ur : avec Jean-Marc, le rugby se vit aussi dans les tribunes\" rel=\"nofollow noopener\" target=\"_blank\"><img decoding=\"async\" src=\"https:\/\/www.europesays.com\/fr\/wp-content\/uploads\/2025\/06\/1750961235_420_jean-marc-30-ans-de-passion-rouge-et-noir-et-un-reve-devenu-realite-grace-a-olybet-17-06-25-4870.jpg\" alt=\"30 ans de tambour et toujours le Stade Toulousain dans le c\u0153ur : avec Jean-Marc, le rugby se vit aussi dans les tribunes\"\/>30 ans de tambour et toujours le Stade Toulousain dans le c\u0153ur : avec Jean-Marc, le rugby se vit aussi dans les tribunes<\/a>Et ce n\u2019est qu\u2019un d\u00e9but. Fort de cette premi\u00e8re saison, <a href=\"https:\/\/promo.olybet.fr\/sport\/stade-toulousain-x-olybet\/\" target=\"_blank\" rel=\"nofollow noopener\">Olybet<\/a>\u00a0<strong>poursuivra l\u2019aventure l&rsquo;ann\u00e9e prochaine<\/strong> avec de nouvelles activations, encore plus proches de sa communaut\u00e9.\u00a0En tribunes, en coulisses ou sur la pelouse, d\u2019autres histoires rugbystiques prendront vie, toujours avec la m\u00eame id\u00e9e en t\u00eate : <strong>faire vivre le rugby de l\u2019int\u00e9rieur.<\/strong> Parce que derri\u00e8re chaque essai, il y a une \u00e9motion, un visage, un souvenir qui m\u00e9rite d\u2019\u00eatre partag\u00e9. Du contenu \u00e0 retrouver sur les diff\u00e9rents r\u00e9seaux sociaux d&rsquo;<a href=\"https:\/\/promo.olybet.fr\/sport\/stade-toulousain-x-olybet\/\" target=\"_blank\" rel=\"nofollow noopener\">Olybet<\/a>\u00a0:\u00a0<a href=\"https:\/\/www.facebook.com\/olybetfrance\" target=\"_blank\" rel=\"nofollow noopener\">Facebook<\/a>, <a href=\"https:\/\/x.com\/olybetsportfr?lang=fr\" target=\"_blank\" rel=\"nofollow\">X<\/a> et\u00a0<a href=\"https:\/\/www.instagram.com\/olybetfrance\/\" target=\"_blank\" rel=\"nofollow noopener\">Instagram<\/a>.<\/p>\n<p>                            <script async src=\"\/\/www.instagram.com\/embed.js\"><\/script><\/p>\n","protected":false},"excerpt":{"rendered":"Pour le 3e et dernier \u00e9pisode de la s\u00e9rie \u00ab Derri\u00e8re chaque essai \u00bb, OlyBet met en lumi\u00e8re&hellip;\n","protected":false},"author":2,"featured_media":206400,"comment_status":"","ping_status":"","sticky":false,"template":"","format":"standard","meta":{"footnotes":""},"categories":[1416],"tags":[1011,27,479,1468,60],"class_list":{"0":"post-206399","1":"post","2":"type-post","3":"status-publish","4":"format-standard","5":"has-post-thumbnail","7":"category-rugby","8":"tag-fr","9":"tag-france","10":"tag-rugby","11":"tag-rugby-football","12":"tag-sports"},"share_on_mastodon":{"url":"https:\/\/pubeurope.com\/@fr\/114751002741632873","error":""},"_links":{"self":[{"href":"https:\/\/www.europesays.com\/fr\/wp-json\/wp\/v2\/posts\/206399","targetHints":{"allow":["GET"]}}],"collection":[{"href":"https:\/\/www.europesays.com\/fr\/wp-json\/wp\/v2\/posts"}],"about":[{"href":"https:\/\/www.europesays.com\/fr\/wp-json\/wp\/v2\/types\/post"}],"author":[{"embeddable":true,"href":"https:\/\/www.europesays.com\/fr\/wp-json\/wp\/v2\/users\/2"}],"replies":[{"embeddable":true,"href":"https:\/\/www.europesays.com\/fr\/wp-json\/wp\/v2\/comments?post=206399"}],"version-history":[{"count":0,"href":"https:\/\/www.europesays.com\/fr\/wp-json\/wp\/v2\/posts\/206399\/revisions"}],"wp:featuredmedia":[{"embeddable":true,"href":"https:\/\/www.europesays.com\/fr\/wp-json\/wp\/v2\/media\/206400"}],"wp:attachment":[{"href":"https:\/\/www.europesays.com\/fr\/wp-json\/wp\/v2\/media?parent=206399"}],"wp:term":[{"taxonomy":"category","embeddable":true,"href":"https:\/\/www.europesays.com\/fr\/wp-json\/wp\/v2\/categories?post=206399"},{"taxonomy":"post_tag","embeddable":true,"href":"https:\/\/www.europesays.com\/fr\/wp-json\/wp\/v2\/tags?post=206399"}],"curies":[{"name":"wp","href":"https:\/\/api.w.org\/{rel}","templated":true}]}}