{"id":206413,"date":"2025-06-26T18:15:10","date_gmt":"2025-06-26T18:15:10","guid":{"rendered":"https:\/\/www.europesays.com\/fr\/206413\/"},"modified":"2025-06-26T18:15:10","modified_gmt":"2025-06-26T18:15:10","slug":"la-tour-qui-touche-les-nuages-le-bresil-soffre-le-plus-haut-gratte-ciel-residentiel-jamais-construit","status":"publish","type":"post","link":"https:\/\/www.europesays.com\/fr\/206413\/","title":{"rendered":"\u00ab La tour qui touche les nuages \u00bb : le Br\u00e9sil s\u2019offre le plus haut gratte-ciel r\u00e9sidentiel jamais construit"},"content":{"rendered":"<tr>\n<td><strong>EN BREF<\/strong><\/td>\n<\/tr>\n<tr>\n<td>\n<ul>\n<li>\ud83c\udf0d La <strong>Senna Tower<\/strong> \u00e0 Balne\u00e1rio Cambori\u00fa deviendra le plus haut gratte-ciel r\u00e9sidentiel du monde \u00e0 550 m\u00e8tres.<\/li>\n<li>\ud83c\udfce\ufe0f Ce projet rend hommage \u00e0 <strong>Ayrton Senna<\/strong>, l\u00e9gende de la Formule 1, gr\u00e2ce \u00e0 l\u2019initiative de sa ni\u00e8ce Lalalli Senna.<\/li>\n<li>\ud83d\udca1 Le design innovant inclura un <strong>observatoire illumin\u00e9<\/strong> et une exposition permanente d\u00e9di\u00e9e au pilote br\u00e9silien.<\/li>\n<li>\ud83d\ude80 La tour introduira les ascenseurs les plus rapides du Br\u00e9sil et un syst\u00e8me <strong>anti-vibration<\/strong> unique en Am\u00e9rique du Sud.<\/li>\n<\/ul>\n<\/td>\n<\/tr>\n<p>Le projet de la Senna Tower \u00e0 Balne\u00e1rio Cambori\u00fa, au Br\u00e9sil, promet de marquer l\u2019histoire des gratte-ciels r\u00e9sidentiels. Avec une hauteur pr\u00e9vue de 550 m\u00e8tres, cette tour surpassera la Central Park Tower de New York, actuellement le plus haut gratte-ciel r\u00e9sidentiel du monde. Ce projet ambitieux est men\u00e9 par Lalalli Senna, la ni\u00e8ce du c\u00e9l\u00e8bre pilote de Formule 1 Ayrton Senna, et se veut un hommage \u00e0 sa m\u00e9moire. La tour ne sera pas seulement un symbole de luxe et de modernit\u00e9, mais \u00e9galement un t\u00e9moignage de la passion et de la d\u00e9termination qui caract\u00e9risaient le champion disparu.<\/p>\n<p>Un hommage \u00e0 une l\u00e9gende de la Formule 1<\/p>\n<p>Balne\u00e1rio Cambori\u00fa, une ville c\u00f4ti\u00e8re de l\u2019\u00c9tat de Santa Catarina, est souvent compar\u00e9e \u00e0 une mini-Duba\u00ef, gr\u00e2ce \u00e0 ses nombreux gratte-ciels luxueux qui bordent l\u2019Atlantique. Cette ville dynamique, qui abrite environ 140 000 habitants, voit sa population cro\u00eetre rapidement. En l\u2019espace de dix ans, elle est devenue le foyer de gratte-ciels impressionnants, atteignant des hauteurs de 294, 290, et 241 m\u00e8tres. Cependant, la Senna Tower promet de red\u00e9finir l\u2019horizon de la ville.<\/p>\n<p>Le projet, initi\u00e9 par FG Empreendimentos, a fait l\u2019objet de discussions et de planifications pendant plusieurs ann\u00e9es. En septembre 2024, les premi\u00e8res visualisations ont r\u00e9v\u00e9l\u00e9 un design ambitieux, initialement pr\u00e9vu pour atteindre 500 m\u00e8tres. La participation de Lalalli Senna ajoute une dimension \u00e9motive au projet, transformant cette tour en un m\u00e9morial pour Ayrton Senna. Sa carri\u00e8re en Formule 1, bien que tragiquement \u00e9court\u00e9e, a laiss\u00e9 une empreinte ind\u00e9l\u00e9bile dans le c\u0153ur des Br\u00e9siliens, et la Senna Tower sera un t\u00e9moignage durable de son h\u00e9ritage.<\/p>\n<blockquote class=\"wp-embedded-content\" data-secret=\"Urq09c6Jyh\">\n<p><a href=\"https:\/\/hellobiz.fr\/2025\/06\/13\/vivre-dans-ces-pays-ou-linnovation-bouleverse-chaque-aspect-du-quotidien-decouvrez-lextraordinaire-quotidien-de-citoyens-a-la-pointe-du-progres-mondial\/\" rel=\"nofollow noopener\" target=\"_blank\">Vivre dans ces pays o\u00f9 l\u2019innovation bouleverse chaque aspect du quotidien : d\u00e9couvrez l\u2019extraordinaire quotidien de citoyens \u00e0 la pointe du progr\u00e8s mondial<\/a><\/p>\n<\/blockquote>\n<p>Un voyage vers la lumi\u00e8re<\/p>\n<p>La conception de la Senna Tower raconte une histoire de r\u00e9silience et de d\u00e9passement de soi. La base courb\u00e9e du b\u00e2timent symbolise le d\u00e9but d\u2019un voyage vers un id\u00e9al. \u00c0 son sommet, un observatoire illumin\u00e9 permettra aux visiteurs de contempler la vue imprenable sur l\u2019oc\u00e9an Atlantique. \u00c0 l\u2019entr\u00e9e, un lobby sph\u00e9rique en verre accueillera les r\u00e9sidents, menant \u00e0 une exposition permanente d\u00e9di\u00e9e \u00e0 Ayrton Senna.<\/p>\n<p>Cette exposition mettra en avant des objets personnels du pilote, tels que troph\u00e9es, photographies, et m\u00eame la voiture Lotus 99T qu\u2019il conduisit en 1987. Les am\u00e9nagements de la tour incluront \u00e9galement des clubs, des courts de tennis, des boutiques, et des piscines, offrant un mode de vie luxueux \u00e0 ses r\u00e9sidents. Avec 228 appartements, dont 18 grands manoirs et six penthouses de plus de 900 m\u00e8tres carr\u00e9s, la Senna Tower incarne le raffinement et le confort.<\/p>\n<blockquote class=\"wp-embedded-content\" data-secret=\"grgAhhqaNc\">\n<p><a href=\"https:\/\/hellobiz.fr\/2025\/06\/16\/ce-dispositif-ingenieux-sauve-les-arbres-en-ete-lanneau-baumbad-delivre-leau-lentement-meme-sous-une-chaleur-accablante\/\" rel=\"nofollow noopener\" target=\"_blank\">Ce dispositif ing\u00e9nieux sauve les arbres en \u00e9t\u00e9 : l\u2019anneau Baumbad d\u00e9livre l\u2019eau lentement, m\u00eame sous une chaleur accablante<\/a><\/p>\n<\/blockquote>\n<p>Innovation et d\u00e9fis techniques<\/p>\n<p>La Senna Tower ne sera pas seulement un exploit architectural, mais \u00e9galement une prouesse technologique. Elle introduira au Br\u00e9sil les ascenseurs les plus rapides du pays, capables de transporter les r\u00e9sidents du rez-de-chauss\u00e9e au dernier \u00e9tage en une minute. La construction de ce gratte-ciel imposant n\u00e9cessitera \u00e9galement l\u2019installation d\u2019un amortisseur de masse r\u00e9gl\u00e9 (TMD) pour minimiser les effets des s\u00e9ismes et des vibrations.<\/p>\n<p>Ce dispositif, une premi\u00e8re en Am\u00e9rique du Sud, comprendra une sph\u00e8re massive et une chambre remplie d\u2019huile pour stabiliser la structure. Si la Senna Tower atteint sa hauteur pr\u00e9vue, elle deviendra le septi\u00e8me gratte-ciel le plus haut du monde, d\u00e9passant ainsi le One World Trade Center de New York. Ce projet ambitieux souligne le potentiel de Balne\u00e1rio Cambori\u00fa \u00e0 devenir un centre d\u2019innovation architecturale sur le continent.<\/p>\n<blockquote class=\"wp-embedded-content\" data-secret=\"QUsjLkszhc\">\n<p><a href=\"https:\/\/hellobiz.fr\/2025\/04\/11\/jai-triple-mes-ventes-en-une-semaine-grace-a-acheter-des-fans-com-voici-le-fournisseur-davis-google-qui-fait-exploser-toutes-les-e-reputations\/\" rel=\"nofollow noopener\" target=\"_blank\">\u00ab J\u2019ai tripl\u00e9 mes ventes en une semaine gr\u00e2ce \u00e0 Acheter-des-Fans.com \u00bb : voici le fournisseur d\u2019avis Google qui fait exploser toutes les e-r\u00e9putations<\/a><\/p>\n<\/blockquote>\n<p>La Senna Tower, un futur embl\u00e8me mondial<\/p>\n<p>La r\u00e9alisation de la Senna Tower \u00e0 Balne\u00e1rio Cambori\u00fa repr\u00e9sente un tournant dans l\u2019\u00e9volution des gratte-ciels r\u00e9sidentiels. En repoussant les limites de l\u2019architecture moderne, ce projet ambitieux promet de red\u00e9finir le paysage urbain br\u00e9silien et d\u2019attirer l\u2019attention du monde entier. La fusion de l\u2019hommage \u00e0 Ayrton Senna et de l\u2019innovation technologique fait de cette tour un symbole d\u2019inspiration et une vitrine de ce que l\u2019ing\u00e9nierie moderne peut accomplir.<\/p>\n<p>Alors que la construction progresse, il est fascinant de s\u2019interroger sur l\u2019impact que la Senna Tower aura sur la communaut\u00e9 locale et sur le d\u00e9veloppement architectural global. Comment ce projet influencera-t-il l\u2019avenir des gratte-ciels r\u00e9sidentiels \u00e0 l\u2019\u00e9chelle mondiale ?<\/p>\n<p>L\u2019auteur s\u2019est appuy\u00e9 sur l\u2019intelligence artificielle pour enrichir cet article.<\/p>\n<p id=\"rating\">\u00c7a vous a plu ?\u00a04.8\/5 (26)<\/p>\n","protected":false},"excerpt":{"rendered":"EN BREF \ud83c\udf0d La Senna Tower \u00e0 Balne\u00e1rio Cambori\u00fa deviendra le plus haut gratte-ciel r\u00e9sidentiel du monde \u00e0&hellip;\n","protected":false},"author":2,"featured_media":206414,"comment_status":"","ping_status":"","sticky":false,"template":"","format":"standard","meta":{"footnotes":""},"categories":[1358],"tags":[1348,1384,1385,1386,58,59,1011,27],"class_list":{"0":"post-206413","1":"post","2":"type-post","3":"status-publish","4":"format-standard","5":"has-post-thumbnail","7":"category-arts-et-design","8":"tag-arts","9":"tag-arts-and-design","10":"tag-arts-et-design","11":"tag-design","12":"tag-divertissement","13":"tag-entertainment","14":"tag-fr","15":"tag-france"},"share_on_mastodon":{"url":"https:\/\/pubeurope.com\/@fr\/114751034953279337","error":""},"_links":{"self":[{"href":"https:\/\/www.europesays.com\/fr\/wp-json\/wp\/v2\/posts\/206413","targetHints":{"allow":["GET"]}}],"collection":[{"href":"https:\/\/www.europesays.com\/fr\/wp-json\/wp\/v2\/posts"}],"about":[{"href":"https:\/\/www.europesays.com\/fr\/wp-json\/wp\/v2\/types\/post"}],"author":[{"embeddable":true,"href":"https:\/\/www.europesays.com\/fr\/wp-json\/wp\/v2\/users\/2"}],"replies":[{"embeddable":true,"href":"https:\/\/www.europesays.com\/fr\/wp-json\/wp\/v2\/comments?post=206413"}],"version-history":[{"count":0,"href":"https:\/\/www.europesays.com\/fr\/wp-json\/wp\/v2\/posts\/206413\/revisions"}],"wp:featuredmedia":[{"embeddable":true,"href":"https:\/\/www.europesays.com\/fr\/wp-json\/wp\/v2\/media\/206414"}],"wp:attachment":[{"href":"https:\/\/www.europesays.com\/fr\/wp-json\/wp\/v2\/media?parent=206413"}],"wp:term":[{"taxonomy":"category","embeddable":true,"href":"https:\/\/www.europesays.com\/fr\/wp-json\/wp\/v2\/categories?post=206413"},{"taxonomy":"post_tag","embeddable":true,"href":"https:\/\/www.europesays.com\/fr\/wp-json\/wp\/v2\/tags?post=206413"}],"curies":[{"name":"wp","href":"https:\/\/api.w.org\/{rel}","templated":true}]}}