{"id":206419,"date":"2025-06-26T18:18:09","date_gmt":"2025-06-26T18:18:09","guid":{"rendered":"https:\/\/www.europesays.com\/fr\/206419\/"},"modified":"2025-06-26T18:18:09","modified_gmt":"2025-06-26T18:18:09","slug":"le-rappeur-booba-menace-encore-mbappe","status":"publish","type":"post","link":"https:\/\/www.europesays.com\/fr\/206419\/","title":{"rendered":"le rappeur Booba menace (encore) Mbapp\u00e9"},"content":{"rendered":"<p>Suite au d\u00e9p\u00f4t de plainte de Kylian Mbapp\u00e9 contre le PSG, le rappeur Booba, supporter du club, s\u2019est \u00e0 nouveau attaqu\u00e9 au joueur sur les r\u00e9seaux sociaux.<\/p>\n<p class=\"fig-paragraph\">Booba a, visiblement, des comptes \u00e0 r\u00e9gler avec\u00a0<a href=\"http:\/\/www.lefigaro.fr\/sports\/football\/mondial-des-clubs-mbappe-pas-retenu-par-le-real-madrid-pour-le-8e-de-finale-contre-salzbourg-20250625\" target=\"_blank\" data-fig-type=\"NewsFlash\" rel=\"noopener\" data-gtm-custom-categorie=\"navigation\" data-gtm-custom-action=\"crossclick\" data-gtm-custom-label=\"Contextuel\" data-gtm-event=\"customEventSPE\" data-fig-domain=\"LEFIGARO\">Kylian Mbapp\u00e9<\/a>. Ce jeudi, le rappeur fran\u00e7ais s\u2019en est \u00e0 nouveau pris \u00e0 l\u2019attaquant du Real Madrid,\u00a0<a href=\"http:\/\/www.lefigaro.fr\/sports\/football\/ligue-1\/foot-kylian-mbappe-porte-plainte-contre-le-psg-pour-harcelement-moral-20250626\" target=\"_blank\" data-fig-type=\"NewsFlash\" rel=\"noopener\" data-gtm-custom-categorie=\"navigation\" data-gtm-custom-action=\"crossclick\" data-gtm-custom-label=\"Contextuel\" data-gtm-event=\"customEventSPE\" data-fig-domain=\"LEFIGARO\">qui vient de porte plainte contre le PSG pour harc\u00e8lement moral.<\/a>\u00a0Supporter du club de la capitale, avec lequel le capitaine des Bleus est donc en litige financier, \u00abB2O\u00bb n\u2019y est pas all\u00e9 de main morte sur son compte X.<\/p>\n<p class=\"fig-paragraph\">\u00abSi tu ne laisses pas Nasser (Al-Khela\u00effi) tranquille, je vais lui dire ce que tu fais \u00e0 Palm Beach, avec qui et pourquoi tu as chop\u00e9 une gastro\u00bb a menac\u00e9 Booba, faisant r\u00e9f\u00e9rence\u00a0<a href=\"http:\/\/www.lefigaro.fr\/sports\/football\/coupe-du-monde-des-clubs-en-video-le-retour-a-l-entrainement-de-kylian-mbappe-apres-sa-maladie-20250624\" target=\"_blank\" data-fig-type=\"NewsFlash\" rel=\"noopener\" data-gtm-custom-categorie=\"navigation\" data-gtm-custom-action=\"crossclick\" data-gtm-custom-label=\"Contextuel\" data-gtm-event=\"customEventSPE\" data-fig-domain=\"LEFIGARO\">au virus qui handicape Mbapp\u00e9<\/a>, forfait pour les trois premiers matchs du Real Madrid \u00e0 la Coupe du monde des clubs aux \u00c9tats-Unis.<\/p>\n<p>\u00abJoue au foot, marque des buts et vends des maillots\u00bb<\/p>\n<p class=\"fig-paragraph\">\u00abJoue au foot, marque des buts et vends des maillots. Tu vas pas nous p\u00e9ter les couilles longtemps Kyky. Et passe ton permis\u00a0!\u00bb, a ajout\u00e9 l\u2019artiste \u00e2g\u00e9 de 48 ans, qui a pris le temps de \u00abmentionner\u00bb le compte officiel de Kylian Mbapp\u00e9 au d\u00e9but de son message.<\/p>\n<p class=\"fig-body-link\">\n            \u00c0 lire aussi<br \/>\n        <a class=\"fig-body-link__link\" href=\"http:\/\/www.lefigaro.fr\/sports\/football\/foot-il-a-trahi-la-honda-pour-de-la-tortilla-la-pique-de-booba-a-mbappe-dans-son-nouveau-titre-20250619\" target=\"_blank\" data-fig-type=\"NewsFlash\" rel=\"noopener\" data-gtm-custom-categorie=\"navigation\" data-gtm-custom-action=\"crossclick\" data-gtm-custom-label=\"Contextuel\" data-gtm-event=\"customEventSPE\" data-fig-domain=\"LEFIGARO\">\u00abIl a trahi la honda pour de la tortilla\u00bb: la pique de Booba \u00e0 Mbapp\u00e9 dans son nouveau titre<br \/>\n    <\/a>\n<\/p>\n<p class=\"fig-paragraph\">Adepte des r\u00e9ponses piquantes (et rarement bien senties), Booba a, en plus, r\u00e9serv\u00e9 quelques paroles au meilleur buteur de l\u2019histoire du PSG dans son nouveau titre (\u00abIl a trahi la Honda pour de la tortilla\u00bb). Ce m\u00eame Booba qui, rappelons-le, sortait en 2018, en collaboration avec l\u2019artiste M\u00e9dine, un morceau \u00e0 la gloire de Mbapp\u00e9, intitul\u00e9 \u00abKyll\u00bb&#8230;<\/p>\n","protected":false},"excerpt":{"rendered":"Suite au d\u00e9p\u00f4t de plainte de Kylian Mbapp\u00e9 contre le PSG, le rappeur Booba, supporter du club, s\u2019est&hellip;\n","protected":false},"author":2,"featured_media":206420,"comment_status":"","ping_status":"","sticky":false,"template":"","format":"standard","meta":{"footnotes":""},"categories":[1355],"tags":[454,3646,69,448,83,451,58,59,64,450,449,1011,27,452,6477,453,66,446,447,1361,873,70,455],"class_list":{"0":"post-206419","1":"post","2":"type-post","3":"status-publish","4":"format-standard","5":"has-post-thumbnail","7":"category-musique","8":"tag-ballon-dor","9":"tag-booba","10":"tag-bundesliga","11":"tag-champions-league","12":"tag-coupe-de-france","13":"tag-coupe-du-monde","14":"tag-divertissement","15":"tag-entertainment","16":"tag-equipe-de-france","17":"tag-euro","18":"tag-europa-league","19":"tag-fr","20":"tag-france","21":"tag-italie","22":"tag-kylian-mbappe","23":"tag-liga","24":"tag-ligue-1","25":"tag-ligue-2","26":"tag-ligue-des-champions","27":"tag-music","28":"tag-musique","29":"tag-premier-league","30":"tag-uefa"},"share_on_mastodon":{"url":"https:\/\/pubeurope.com\/@fr\/114751045928733482","error":""},"_links":{"self":[{"href":"https:\/\/www.europesays.com\/fr\/wp-json\/wp\/v2\/posts\/206419","targetHints":{"allow":["GET"]}}],"collection":[{"href":"https:\/\/www.europesays.com\/fr\/wp-json\/wp\/v2\/posts"}],"about":[{"href":"https:\/\/www.europesays.com\/fr\/wp-json\/wp\/v2\/types\/post"}],"author":[{"embeddable":true,"href":"https:\/\/www.europesays.com\/fr\/wp-json\/wp\/v2\/users\/2"}],"replies":[{"embeddable":true,"href":"https:\/\/www.europesays.com\/fr\/wp-json\/wp\/v2\/comments?post=206419"}],"version-history":[{"count":0,"href":"https:\/\/www.europesays.com\/fr\/wp-json\/wp\/v2\/posts\/206419\/revisions"}],"wp:featuredmedia":[{"embeddable":true,"href":"https:\/\/www.europesays.com\/fr\/wp-json\/wp\/v2\/media\/206420"}],"wp:attachment":[{"href":"https:\/\/www.europesays.com\/fr\/wp-json\/wp\/v2\/media?parent=206419"}],"wp:term":[{"taxonomy":"category","embeddable":true,"href":"https:\/\/www.europesays.com\/fr\/wp-json\/wp\/v2\/categories?post=206419"},{"taxonomy":"post_tag","embeddable":true,"href":"https:\/\/www.europesays.com\/fr\/wp-json\/wp\/v2\/tags?post=206419"}],"curies":[{"name":"wp","href":"https:\/\/api.w.org\/{rel}","templated":true}]}}