{"id":206423,"date":"2025-06-26T18:20:12","date_gmt":"2025-06-26T18:20:12","guid":{"rendered":"https:\/\/www.europesays.com\/fr\/206423\/"},"modified":"2025-06-26T18:20:12","modified_gmt":"2025-06-26T18:20:12","slug":"a-32-ans-elle-apprend-quelle-souffre-dun-cancer-de-stade-4-les-medecins-ignoraient-ses-symptomes-depuis-3-ans","status":"publish","type":"post","link":"https:\/\/www.europesays.com\/fr\/206423\/","title":{"rendered":"\u00c0 32 ans, elle apprend qu&rsquo;elle souffre d&rsquo;un cancer de stade 4, les m\u00e9decins ignoraient ses sympt\u00f4mes depuis 3 ans"},"content":{"rendered":"<p>Le cauchemar d\u00e9bute en 2015. Cette ann\u00e9e-l\u00e0, Lea Hughe, \u00e2g\u00e9e de 38 ans aujourd&rsquo;hui, rep\u00e8re une petite bosse sur son sein droit. Inqui\u00e8te, elle consulte son m\u00e9decin mais ne parvient pas \u00e0 r\u00e9aliser d&rsquo;autres examens. En effet, cette ancienne responsable marketing de la mode entend son m\u00e9decin g\u00e9n\u00e9raliste lui expliquer qu&rsquo;elle \u00ab\u00a0n&rsquo;est pas admissible\u00a0\u00bb \u00e0 des tests suppl\u00e9mentaires en raison de son jeune \u00e2ge et du fait que personne dans sa famille n&rsquo;avait souffert de cancer, raconte <a data-i13n=\"cpos:1;pos:1\" href=\"https:\/\/www.dailymail.co.uk\/health\/article-14845787\/doctor-dismissed-breast-cancer-lumpy-brain.html\" rel=\"nofollow noopener\" target=\"_blank\" data-ylk=\"slk:le Daily Mail;cpos:1;pos:1;elm:context_link;itc:0;sec:content-canvas\" class=\"link \">le Daily Mail<\/a>. Pour son m\u00e9decin, elle a simplement les \u00ab\u00a0seins grumeleux\u00a0\u00bb.<\/p>\n<p>Mais trois ans plus tard, en 2018, elle rep\u00e8re un autre sympt\u00f4me inqui\u00e9tant. \u00ab\u00a0J&rsquo;\u00e9tais en train de mettre un bikini et j&rsquo;ai vu une ombre et une fossette [sur ma poitrine]. Quand je l\u2019ai expliqu\u00e9 aux m\u00e9decins au t\u00e9l\u00e9phone, ils m\u2019ont directement orient\u00e9 vers l\u2019h\u00f4pital\u00a0\u00bb, se souvient la patiente. Elle r\u00e9alise ensuite une mammographie et une \u00e9chographie et enfin, une biopsie.<\/p>\n<p><strong>LIRE AUSSI &gt;&gt; <\/strong><a data-i13n=\"cpos:2;pos:1\" href=\"https:\/\/fr.news.yahoo.com\/aliment-pourrait-diminuer-risque-cancer-sein-111905781.html\" data-ylk=\"slk:Cet aliment pourrait diminuer le risque de cancer du sein;cpos:2;pos:1;elm:context_link;itc:0;sec:content-canvas;outcm:mb_qualified_link;_E:mb_qualified_link;ct:story;\" class=\"link  yahoo-link\" target=\"_blank\" rel=\"noopener\"><strong>Cet aliment pourrait diminuer le risque de cancer du sein<\/strong><\/a><\/p>\n<p>Elle d\u00e9couvre alors qu&rsquo;elle souffre d&rsquo;un cancer du sein. D&rsquo;autres tests sont r\u00e9alis\u00e9s pour d\u00e9terminer si la tumeur est propag\u00e9e au reste de son corps. \u00ab\u00a0Les m\u00e9decins ont fait des scanners corporels complets. Ils ont constat\u00e9 que la maladie s&rsquo;\u00e9tait propag\u00e9e \u00e0 mon foie et \u00e0 mes os. On m&rsquo;a diagnostiqu\u00e9 un cancer incurable de stade quatre en quelques semaines, en avril 2018. C&rsquo;\u00e9tait un vendredi 13.\u00a0\u00bb<\/p>\n<p>Son cerveau et ses poumons \u00e9galement touch\u00e9s par le cancer<\/p>\n<p>Pendant deux ann\u00e9es, les diff\u00e9rents traitements m\u00e9dicamenteux permettent de contr\u00f4ler le cancer. En juin 2022, elle subit une mastectomie puis une chimioth\u00e9rapie. Mais, en ao\u00fbt 2024, un examen de contr\u00f4le r\u00e9v\u00e8le la pr\u00e9sence de tumeurs dans son foie. D&rsquo;autres examens confirment que le cancer s&rsquo;est \u00e9galement propag\u00e9 \u00e0 son cerveau.<\/p>\n<p>\u00ab\u00a0Dans le cas d\u2019un cancer du sein de stade quatre, vous savez qu\u2019il peut se propager au cerveau et vous vous inqui\u00e9tez. Mais je ne m\u2019y attendais pas \u00e0 ce moment-l\u00e0, car je n\u2019avais aucun sympt\u00f4me.\u00a0\u00bb Depuis le mois de mars 2025, elle souffre de difficult\u00e9s respiratoires. Les tests ont r\u00e9v\u00e9l\u00e9 que le cancer s&rsquo;\u00e9tait propag\u00e9 \u00e0 ses poumons, entra\u00eenant une accumulation de quatre litres et demi de liquide.<\/p>\n<p><strong>LIRE AUSSI &gt;&gt; <\/strong><a data-i13n=\"cpos:3;pos:1\" href=\"https:\/\/fr.news.yahoo.com\/maries-depuis-18-ans-ils-apprennent-souffrir-tous-les-deux-dun-cancer-de-stade-4-la-meme-semaine-093811347.html\" data-ylk=\"slk:Mari\u00e9s depuis 18 ans, ils apprennent souffrir tous les deux d&#039;un cancer de stade 4 la m\u00eame semaine;cpos:3;pos:1;elm:context_link;itc:0;sec:content-canvas;outcm:mb_qualified_link;_E:mb_qualified_link;ct:story;\" class=\"link  yahoo-link\" target=\"_blank\" rel=\"noopener\"><strong>Mari\u00e9s depuis 18 ans, ils apprennent souffrir tous les deux d&rsquo;un cancer de stade 4 la m\u00eame semaine<\/strong><\/a><\/p>\n<p>Aujourd&rsquo;hui, elle a lanc\u00e9 une collecte de fonds pour acc\u00e9der \u00e0 un m\u00e9dicament cibl\u00e9 contre le cancer appel\u00e9 Enhertu. Sans financement du NHS, cela peut co\u00fbter pr\u00e8s de 12 000 euros par cycle. \u00ab\u00a0J&rsquo;essaie toujours de rester positive\u2026 d&rsquo;accepter la situation, mais sans jamais c\u00e9der. Je n&rsquo;arrive pas \u00e0 croire tout ce que j&rsquo;ai v\u00e9cu. On ne s&rsquo;en rend compte qu&rsquo;apr\u00e8s avoir pris du recul et r\u00e9fl\u00e9chi. Mais je n\u2019ai pas d\u2019autre choix que de continuer \u00e0 me battre.\u00a0\u00bb<\/p>\n","protected":false},"excerpt":{"rendered":"Le cauchemar d\u00e9bute en 2015. Cette ann\u00e9e-l\u00e0, Lea Hughe, \u00e2g\u00e9e de 38 ans aujourd&rsquo;hui, rep\u00e8re une petite bosse&hellip;\n","protected":false},"author":2,"featured_media":206424,"comment_status":"","ping_status":"","sticky":false,"template":"","format":"standard","meta":{"footnotes":""},"categories":[10],"tags":[1764,101,2776,34496,1011,27,72,30190,71],"class_list":{"0":"post-206423","1":"post","2":"type-post","3":"status-publish","4":"format-standard","5":"has-post-thumbnail","7":"category-sante","8":"tag-ans","9":"tag-cancer","10":"tag-cancer-du-sein","11":"tag-collecte-de-fonds","12":"tag-fr","13":"tag-france","14":"tag-health","15":"tag-medecin-generaliste","16":"tag-sante"},"share_on_mastodon":{"url":"https:\/\/pubeurope.com\/@fr\/114751053721631549","error":""},"_links":{"self":[{"href":"https:\/\/www.europesays.com\/fr\/wp-json\/wp\/v2\/posts\/206423","targetHints":{"allow":["GET"]}}],"collection":[{"href":"https:\/\/www.europesays.com\/fr\/wp-json\/wp\/v2\/posts"}],"about":[{"href":"https:\/\/www.europesays.com\/fr\/wp-json\/wp\/v2\/types\/post"}],"author":[{"embeddable":true,"href":"https:\/\/www.europesays.com\/fr\/wp-json\/wp\/v2\/users\/2"}],"replies":[{"embeddable":true,"href":"https:\/\/www.europesays.com\/fr\/wp-json\/wp\/v2\/comments?post=206423"}],"version-history":[{"count":0,"href":"https:\/\/www.europesays.com\/fr\/wp-json\/wp\/v2\/posts\/206423\/revisions"}],"wp:featuredmedia":[{"embeddable":true,"href":"https:\/\/www.europesays.com\/fr\/wp-json\/wp\/v2\/media\/206424"}],"wp:attachment":[{"href":"https:\/\/www.europesays.com\/fr\/wp-json\/wp\/v2\/media?parent=206423"}],"wp:term":[{"taxonomy":"category","embeddable":true,"href":"https:\/\/www.europesays.com\/fr\/wp-json\/wp\/v2\/categories?post=206423"},{"taxonomy":"post_tag","embeddable":true,"href":"https:\/\/www.europesays.com\/fr\/wp-json\/wp\/v2\/tags?post=206423"}],"curies":[{"name":"wp","href":"https:\/\/api.w.org\/{rel}","templated":true}]}}