{"id":206434,"date":"2025-06-26T18:26:10","date_gmt":"2025-06-26T18:26:10","guid":{"rendered":"https:\/\/www.europesays.com\/fr\/206434\/"},"modified":"2025-06-26T18:26:10","modified_gmt":"2025-06-26T18:26:10","slug":"collision-mortelle-sur-la8-le-conducteur-du-vehicule-en-cause-roulait-alcoolise-et-sous-cocaine","status":"publish","type":"post","link":"https:\/\/www.europesays.com\/fr\/206434\/","title":{"rendered":"Collision mortelle sur l\u2019A8: le conducteur du v\u00e9hicule en cause roulait alcoolis\u00e9 et sous coca\u00efne"},"content":{"rendered":"<p>Le conducteur du v\u00e9hicule en cause dans le dramatique accident survenu ce jeudi matin, sur l\u2019A8, avait consomm\u00e9 de l\u2019alcool et de la coca\u00efne. C\u2019est ce qu\u2019indique le parquet de Grasse ce jeudi soir, <a href=\"https:\/\/www.nicematin.com\/faits-divers\/au-moins-3-morts-dans-un-impressionnant-accident-sur-l-autoroute-pres-de-cannes-l-a8-totalement-coupee-a-la-circulation-991724\" rel=\"nofollow noopener\" target=\"_blank\">au terme d\u2019une journ\u00e9e sous le signe de l\u2019\u00e9motion<\/a>. Outre cet automobiliste, la collision frontale survenue vers 6h40 \u00e0 Cannes a co\u00fbt\u00e9 la vie \u00e0 deux infirmi\u00e8res, toutes deux m\u00e8res de famille. Elle laisse aussi un jeune passager entre la vie et la mort.<\/p>\n<p>Le parquet de Grasse pr\u00e9cise les circonstances de ce choc effroyable. \u00ab\u00a0Un v\u00e9hicule circulant dans le sens Nice-Marseille heurtait et franchissait la glissi\u00e8re s\u00e9parant les deux voies. Il accrochait alors un premier v\u00e9hicule circulant dans le sens inverse, sans dommage corporel pour le conducteur, avant de percuter frontalement un second v\u00e9hicule occasionnant le d\u00e9c\u00e8s des deux jeunes femmes \u00e0 son bord, \u00e2g\u00e9es de 33 ans et 34 ans.\u00a0\u00bb<\/p>\n<p>Une bouteille de protoxyde d\u2019azote retrouv\u00e9e<\/p>\n<p>L\u2019identit\u00e9 du conducteur du v\u00e9hicule en cause \u00ab\u00a0est en cours de confirmation\u00a0\u00bb. Des analyses toxicologiques ont d\u2019ores et d\u00e9j\u00e0 \u00e9t\u00e9 pratiqu\u00e9es sur sa d\u00e9pouille. Elles ont fait appara\u00eetre \u00ab\u00a0un taux d\u2019alcool dans le sang de 0,74g par litre et la pr\u00e9sence de coca\u00efne\u00a0\u00bb, indique le parquet de Grasse. <a href=\"https:\/\/www.nicematin.com\/securite\/drame-sur-l-autoroute-a8-une-senatrice-des-alpes-maritimes-reclame-des-sanctions-plus-fermes-contre-le-protoxyde-dazote-991775\" rel=\"nofollow noopener\" target=\"_blank\">La pr\u00e9sence d\u2019une bouteille de protoxyde d\u2019azote sur les lieux de l\u2019accident est \u00e9galement confirm\u00e9e<\/a>, \u00ab\u00a0sans qu\u2019\u00e0 ce stade, sa provenance ne soit d\u00e9termin\u00e9e\u00a0\u00bb.<\/p>\n<p>Le conducteur en avait-il \u00e9galement consomm\u00e9? Si oui, \u00e0 quel moment? Son passager en a-t-il consomm\u00e9 lui aussi? Autant de questions en suspens. Seule certitude: le rescap\u00e9, \u00e2g\u00e9 de 18 ans, a \u00e9t\u00e9 admis \u00e0 l\u2019h\u00f4pital Pasteur 2 \u00e0 Nice, tr\u00e8s gri\u00e8vement bless\u00e9. Son pronostic vital \u00e9tait engag\u00e9.<\/p>\n<p>\u00ab\u00a0L\u2019enqu\u00eate men\u00e9e par le peloton motoris\u00e9 de Mandelieu-La-Napoule se poursuit en flagrance\u00a0\u00bb, pr\u00e9cise le parquet de Grasse. Bien des questions subsistent autour de ce drame qui plonge plusieurs familles dans une tristesse infinie.<\/p>\n","protected":false},"excerpt":{"rendered":"Le conducteur du v\u00e9hicule en cause dans le dramatique accident survenu ce jeudi matin, sur l\u2019A8, avait consomm\u00e9&hellip;\n","protected":false},"author":2,"featured_media":206435,"comment_status":"","ping_status":"","sticky":false,"template":"","format":"standard","meta":{"footnotes":""},"categories":[4],"tags":[11,118,1011,27,303,12,25],"class_list":{"0":"post-206434","1":"post","2":"type-post","3":"status-publish","4":"format-standard","5":"has-post-thumbnail","7":"category-france","8":"tag-actualites","9":"tag-faits-divers","10":"tag-fr","11":"tag-france","12":"tag-justice","13":"tag-news","14":"tag-republique-francaise"},"share_on_mastodon":{"url":"https:\/\/pubeurope.com\/@fr\/114751077398493974","error":""},"_links":{"self":[{"href":"https:\/\/www.europesays.com\/fr\/wp-json\/wp\/v2\/posts\/206434","targetHints":{"allow":["GET"]}}],"collection":[{"href":"https:\/\/www.europesays.com\/fr\/wp-json\/wp\/v2\/posts"}],"about":[{"href":"https:\/\/www.europesays.com\/fr\/wp-json\/wp\/v2\/types\/post"}],"author":[{"embeddable":true,"href":"https:\/\/www.europesays.com\/fr\/wp-json\/wp\/v2\/users\/2"}],"replies":[{"embeddable":true,"href":"https:\/\/www.europesays.com\/fr\/wp-json\/wp\/v2\/comments?post=206434"}],"version-history":[{"count":0,"href":"https:\/\/www.europesays.com\/fr\/wp-json\/wp\/v2\/posts\/206434\/revisions"}],"wp:featuredmedia":[{"embeddable":true,"href":"https:\/\/www.europesays.com\/fr\/wp-json\/wp\/v2\/media\/206435"}],"wp:attachment":[{"href":"https:\/\/www.europesays.com\/fr\/wp-json\/wp\/v2\/media?parent=206434"}],"wp:term":[{"taxonomy":"category","embeddable":true,"href":"https:\/\/www.europesays.com\/fr\/wp-json\/wp\/v2\/categories?post=206434"},{"taxonomy":"post_tag","embeddable":true,"href":"https:\/\/www.europesays.com\/fr\/wp-json\/wp\/v2\/tags?post=206434"}],"curies":[{"name":"wp","href":"https:\/\/api.w.org\/{rel}","templated":true}]}}