{"id":206436,"date":"2025-06-26T18:27:18","date_gmt":"2025-06-26T18:27:18","guid":{"rendered":"https:\/\/www.europesays.com\/fr\/206436\/"},"modified":"2025-06-26T18:27:18","modified_gmt":"2025-06-26T18:27:18","slug":"dijon-louverture-de-la-boutique-ephemere-shein-attire-les-clients","status":"publish","type":"post","link":"https:\/\/www.europesays.com\/fr\/206436\/","title":{"rendered":"Dijon. L&rsquo;ouverture de la boutique \u00e9ph\u00e9m\u00e8re Shein attire les clients"},"content":{"rendered":"<p>C&rsquo;est une ouverture de commerce \u00e9ph\u00e9m\u00e8re mais <a href=\"https:\/\/www.bienpublic.com\/economie\/2025\/06\/25\/une-boutique-ephemere-shein-va-s-installer-a-dijon-et-fait-deja-polemique\" target=\"_blank\" rel=\"noopener\">qui fait beaucoup parler depuis mercredi<\/a> dans la cit\u00e9 des ducs. Le g\u00e9ant chinois de la fast fashion Shein a accueilli ses premiers clients, jeudi 26 juin \u00e0 10 heures, dans son pop-up store situ\u00e9 rue Piron \u00e0 Dijon. <\/p>\n<p>Peu avant 10 heures, des dizaines de consommateurs \u00e9taient d\u00e9j\u00e0 sur place pour \u00eatre les premiers \u00e0 b\u00e9n\u00e9ficier des bas prix de cette enseigne essentiellement digitale. Des clients qui avaient r\u00e9serv\u00e9 leur cr\u00e9neau en ligne pour pouvoir acc\u00e9der au magasin, dont l&rsquo;entr\u00e9e est s\u00e9curis\u00e9e par des agents de s\u00e9curit\u00e9. La situation \u00e9tait fluide et calme \u00e0 l&rsquo;ouverture.<\/p>\n<p>La marque d\u00e9fend son mod\u00e8le, cible de nombreuses critiques<\/p>\n<p>Dans les environs, nos journalistes ont pu croiser des Dijonnais plut\u00f4t partag\u00e9s quant \u00e0 l&rsquo;arriv\u00e9e de Shein en centre-ville en cette p\u00e9riode de d\u00e9but de soldes. Mercredi, Nadjoua Belhadef, adjointe aux commerces \u00e0 la Ville de Dijon, et Denis Favier, pr\u00e9sident de Shop In Dijon, <a href=\"https:\/\/www.bienpublic.com\/encadres\/2025\/06\/25\/nadjoua-belhadef-j-ai-refuse-l-inauguration-et-la-pose-d-une-enseigne\" target=\"_blank\" rel=\"noopener\">faisaient part de leur opposition au mod\u00e8le \u00e9conomique<\/a> et social de la marque chinoise. Des critiques balay\u00e9es dans nos colonnes par <a href=\"https:\/\/www.bienpublic.com\/economie\/2025\/06\/25\/quentin-ruffat-shein-france-le-probleme-avec-la-morale-c-est-que-c-est-toujours-celle-des-autres\" target=\"_blank\" rel=\"noopener\">Quentin Ruffat, porte-parole de Shein France<\/a>, qui d\u00e9fend un mod\u00e8le bas\u00e9 sur la proximit\u00e9 client, la production \u00e0 la demande.<\/p>\n<p>Pour rappel, cette boutique sera ouverte jusqu&rsquo;au samedi 5 juillet de 10 \u00e0 20 heures.<\/p>\n<p><strong>Plus d&rsquo;informations et les r\u00e9actions des Dijonnais et des commer\u00e7ants dans la journ\u00e9e sur notre site Internet<\/strong><\/p>\n","protected":false},"excerpt":{"rendered":"C&rsquo;est une ouverture de commerce \u00e9ph\u00e9m\u00e8re mais qui fait beaucoup parler depuis mercredi dans la cit\u00e9 des ducs.&hellip;\n","protected":false},"author":2,"featured_media":206437,"comment_status":"","ping_status":"","sticky":false,"template":"","format":"standard","meta":{"footnotes":""},"categories":[2],"tags":[11,4406,130,2931,2930,33,8588,107,1011,27,12,104],"class_list":{"0":"post-206436","1":"post","2":"type-post","3":"status-publish","4":"format-standard","5":"has-post-thumbnail","7":"category-actualites","8":"tag-actualites","9":"tag-commerce-et-services","10":"tag-consommation","11":"tag-cote-dor","12":"tag-dijon","13":"tag-economie","14":"tag-edition-dijon-et-son-agglomeration","15":"tag-fil-info","16":"tag-fr","17":"tag-france","18":"tag-news","19":"tag-societe"},"share_on_mastodon":{"url":"https:\/\/pubeurope.com\/@fr\/114751081254671308","error":""},"_links":{"self":[{"href":"https:\/\/www.europesays.com\/fr\/wp-json\/wp\/v2\/posts\/206436","targetHints":{"allow":["GET"]}}],"collection":[{"href":"https:\/\/www.europesays.com\/fr\/wp-json\/wp\/v2\/posts"}],"about":[{"href":"https:\/\/www.europesays.com\/fr\/wp-json\/wp\/v2\/types\/post"}],"author":[{"embeddable":true,"href":"https:\/\/www.europesays.com\/fr\/wp-json\/wp\/v2\/users\/2"}],"replies":[{"embeddable":true,"href":"https:\/\/www.europesays.com\/fr\/wp-json\/wp\/v2\/comments?post=206436"}],"version-history":[{"count":0,"href":"https:\/\/www.europesays.com\/fr\/wp-json\/wp\/v2\/posts\/206436\/revisions"}],"wp:featuredmedia":[{"embeddable":true,"href":"https:\/\/www.europesays.com\/fr\/wp-json\/wp\/v2\/media\/206437"}],"wp:attachment":[{"href":"https:\/\/www.europesays.com\/fr\/wp-json\/wp\/v2\/media?parent=206436"}],"wp:term":[{"taxonomy":"category","embeddable":true,"href":"https:\/\/www.europesays.com\/fr\/wp-json\/wp\/v2\/categories?post=206436"},{"taxonomy":"post_tag","embeddable":true,"href":"https:\/\/www.europesays.com\/fr\/wp-json\/wp\/v2\/tags?post=206436"}],"curies":[{"name":"wp","href":"https:\/\/api.w.org\/{rel}","templated":true}]}}