{"id":206440,"date":"2025-06-26T18:29:18","date_gmt":"2025-06-26T18:29:18","guid":{"rendered":"https:\/\/www.europesays.com\/fr\/206440\/"},"modified":"2025-06-26T18:29:18","modified_gmt":"2025-06-26T18:29:18","slug":"le-site-denvie-rhone-alpes-a-saint-etienne-menace-de-fermeture","status":"publish","type":"post","link":"https:\/\/www.europesays.com\/fr\/206440\/","title":{"rendered":"Le site d\u2019Envie Rh\u00f4ne-Alpes \u00e0 Saint-\u00c9tienne menac\u00e9 de fermeture"},"content":{"rendered":"<p><a href=\"https:\/\/mesinfos.fr\/42000-saint-etienne\/le-nouveau-site-d-envie-rhone-alpes-inaugure-a-saint-etienne-154026.html\" rel=\"noopener\" target=\"_blank\">Inaugur\u00e9 en juin 2023<\/a>, le site d&rsquo;Envie Loire\u00a0dans le quartier du Soleil est menac\u00e9 de fermeture. En cause, le placement en redressement judiciaire de l\u2019association <strong>Envie Rh\u00f4ne-Alpes<\/strong> le 29 avril dernier par le tribunal des activit\u00e9s \u00e9conomiques de Lyon. \u00c0 noter que les autres structures du groupe ne sont pas concern\u00e9es par cette crise financi\u00e8re. <\/p>\n<p>L&rsquo;acteur du r\u00e9emploi, de la collecte, et du <strong>recyclage d\u2019\u00e9quipements \u00e9lectriques <\/strong>et \u00e9lectroniques dans la r\u00e9gion Auvergne Rh\u00f4ne-Alpes avait pourtant investi <strong>4 millions d&rsquo;euros<\/strong> sur ce site flambant neuf qui se voulait <a href=\"https:\/\/mesinfos.fr\/auvergne-rhone-alpes\/envie-loire-installe-a-saint-etienne-un-site-pilote-pour-le-reemploi-dappareils-electromenagers-et-multimedia-113638.html\" rel=\"noopener\" target=\"_blank\">pilote<\/a> sur la r\u00e9gion, affichant de grandes ambitions. Il visait \u00e0 l&rsquo;\u00e9poque un chiffre d&rsquo;affaires de 5 millions d&rsquo;euros sous trois ans, avec le doublement de l&rsquo;effectif salari\u00e9. <\/p>\n<p>Envie Rh\u00f4ne-Alpes : 40 postes en p\u00e9ril \u00e0 Saint-\u00c9tienne <\/p>\n<p>Sauf que la fili\u00e8re ne s&rsquo;est pas d\u00e9velopp\u00e9e comme pr\u00e9vu. Si <a href=\"https:\/\/mesinfos.fr\/42000-saint-etienne\/guido-locatelli-pdg-envie-rhone-alpes-si-l-on-veut-tenir-dans-la-duree-il-faut-basculer-dans-cette-dimension-industrielle-154017.html\" rel=\"noopener\" target=\"_blank\">Guido Locatelli<\/a>, son directeur, veut rester combatif avec un plan de restructuration qui vise un retour \u00e0 l\u2019\u00e9quilibre en 2026, il \u00e9voque \u00ab\u00a0un march\u00e9 du r\u00e9emploi qui se restructure suite \u00e0 la loi Agec qui a fait intervenir de nouveaux acteurs. Nous avions fait le choix d&rsquo;investir massivement alors que le mod\u00e8le \u00e9conomique s&rsquo;est d\u00e9grad\u00e9.\u00a0\u00bb\u00a0 <\/p>\n<p>Une situation qui pourrait avoir un impact sur l&#8217;emploi avec <strong>la suppression de 40 postes<\/strong> \u00e0 Saint-\u00c9tienne, (130 au total avec les sites de Villeurbanne et Grenoble) en raison de co\u00fbts de structure trop importants par rapport au niveau de d\u00e9veloppement. <\/p>\n<p>\u00ab\u00a0On avait pr\u00e9vu de faire x2 voire x3 en termes de chiffre d&rsquo;affaires, mais il ne s&rsquo;est pas d\u00e9velopp\u00e9. On fait tout pour garder le site de Saint-\u00c9tienne ouvert, et on ira jusqu&rsquo;au bout pour \u00e9viter la fermeture.\u00a0\u00bb Dans cet objectif, le <strong>plan de restructuration<\/strong> pr\u00e9voit des r\u00e9ductions de poste et une optimisations des processus de production pour am\u00e9liorer la rentabilit\u00e9.<\/p>\n<p> \u00ab\u00a0Faire le dos et tenir le temps qu&rsquo;il faut \u00ab\u00a0, Guido Locatelli, Envie\u00a0Rh\u00f4ne-Alpes <\/p>\n<p>Pour l&rsquo;heure, l&rsquo;association est entr\u00e9e dans une p\u00e9riode d&rsquo;observation de six mois qui pourra \u00eatre renouvel\u00e9e une fois. Si le directeur continue de croire en son mod\u00e8le \u00e9conomique \u00e0 fort <strong>impact social et environnemental<\/strong>, il redoute que la concurrence de nouveaux acteurs ne mette l&rsquo;association en difficult\u00e9 et ne lui laisse pas le temps de trouver sa place une fois que le march\u00e9 sera stabilis\u00e9. \u00ab\u00a0Il faut faire le dos rond et tenir le temps qu&rsquo;il faut. \u00a0\u00bb <\/p>\n<p>Cette nouvelle concurrence est constitu\u00e9e de start-up qui ont op\u00e9r\u00e9 des lev\u00e9es de fonds \u00ab\u00a0mais qui ne sont pas des structures d&rsquo;insertion\u00a0\u00bb, pr\u00e9cise Guido Locatelli, mais aussi la <strong>grande distribution<\/strong> qui r\u00e9cup\u00e8re maintenant \u00ab\u00a0la cr\u00e8me du gisement\u00a0\u00bb, c&rsquo;est-\u00e0-dire les appareils en panne ou obsol\u00e8tes, \u00ab\u00a0m\u00eame si elle reste un soutien\u00a0\u00bb, temp\u00e8re le directeur. <\/p>\n<p>Les postes en insertion particuli\u00e8rement menac\u00e9s <\/p>\n<p>Aux difficult\u00e9s de la structuration de ce march\u00e9, s&rsquo;ajoutent celles li\u00e9es \u00e0 la baisse du <strong>pouvoir d&rsquo;achat <\/strong>avec une stagnation des prix de vente des \u00e9quipements reconditionn\u00e9s conjugu\u00e9e \u00e0 la hausse des co\u00fbts du travail (Smic) et de l&rsquo;\u00e9nergie. Si rien n&rsquo;est compl\u00e8tement act\u00e9 pour l&rsquo;heure, les r\u00e9ductions de poste ont d\u00e9but\u00e9 et les d\u00e9parts ne sont plus remplac\u00e9s.<\/p>\n<p>\u00ab\u00a0Un prix \u00e0 payer pour maintenir nos diff\u00e9rents sites\u00a0\u00bb, argumente Guido Locatelli qui a alert\u00e9 les collectivit\u00e9s et \u00e9lus d&rsquo;un arr\u00eat possible de l&rsquo;activit\u00e9. En r\u00e9gion, 130 postes sont menac\u00e9s. La majorit\u00e9 des postes r\u00e9duits seront ceux en insertion avec en sus, quelques postes de salari\u00e9s permanents. <\/p>\n<p>L&rsquo;association pr\u00e9sente sur sept sites dans trois d\u00e9partements (Loire, Is\u00e8re et Rh\u00f4ne) r\u00e9nove <strong>10 000 appareils \u00e9lectrom\u00e9nagers <\/strong>par an, ce qui repr\u00e9sente 500 tonnes de d\u00e9chets \u00e9vit\u00e9s et 3 000 tonnes d\u2019\u00e9mission de CO2 \u00e9vit\u00e9es par an. <\/p>\n<p>Beno\u00eet Hamon en visite chez Envie Rh\u00f4ne-Alpes \u00e0 Saint-\u00c9tienne <img decoding=\"async\" alt=\"\" class=\"img-align-center\" data-zoomable=\"\" height=\"525\" loading=\"lazy\" src=\"https:\/\/www.europesays.com\/fr\/wp-content\/uploads\/2025\/06\/benoit-hamon-envoie-loire.jpg\" width=\"700\"\/> \u00a9 St\u00e9phanie V\u00e9ron &#8211; Beno\u00eet Hamon \u00e0 la rencontre des salari\u00e9s d&rsquo;Envie Rh\u00f4ne-Alpes \u00e0 Saint-Etienne. <\/p>\n<p>L&rsquo;ex-ministre et pr\u00e9sident actuel d&rsquo;ESS France \u00e9tait en visite sur le site st\u00e9phanois d&rsquo;Envie Rh\u00f4ne-Alpes \u00e0 l&rsquo;appel des forces socialistes du territoire, ce jeudi 26 juin. Il a fait le tour de l\u2019atelier (1 100 m\u00b2), du magasin (200 m\u00b2) et de la logistique ( 900 m\u00b2) allant \u00e0 la rencontre des salari\u00e9s qui avaient prolong\u00e9 leur temps de travail pour l&rsquo;accueillir. <\/p>\n","protected":false},"excerpt":{"rendered":"Inaugur\u00e9 en juin 2023, le site d&rsquo;Envie Loire\u00a0dans le quartier du Soleil est menac\u00e9 de fermeture. En cause,&hellip;\n","protected":false},"author":2,"featured_media":206441,"comment_status":"","ping_status":"","sticky":false,"template":"","format":"standard","meta":{"footnotes":""},"categories":[9653],"tags":[1111,11,34502,2430,34500,1777,674,1011,27,12,25,34501,4001,9893,11338,34499],"class_list":{"0":"post-206440","1":"post","2":"type-post","3":"status-publish","4":"format-standard","5":"has-post-thumbnail","7":"category-saint-etienne","8":"tag-actu","9":"tag-actualites","10":"tag-appareils-u00e9lectromu00e9nagers","11":"tag-auvergne-rhone-alpes","12":"tag-envie-rhu00f4ne-alpes","13":"tag-eu","14":"tag-europe","15":"tag-fr","16":"tag-france","17":"tag-news","18":"tag-republique-francaise","19":"tag-ru00e9emploi","20":"tag-saint-etienne","21":"tag-saint-etienne-mu00e9tropole","22":"tag-u00c9conomie-circulaire","23":"tag-u00c9conomie-sociale-et-solidaire"},"share_on_mastodon":{"url":"https:\/\/pubeurope.com\/@fr\/114751089284010281","error":""},"_links":{"self":[{"href":"https:\/\/www.europesays.com\/fr\/wp-json\/wp\/v2\/posts\/206440","targetHints":{"allow":["GET"]}}],"collection":[{"href":"https:\/\/www.europesays.com\/fr\/wp-json\/wp\/v2\/posts"}],"about":[{"href":"https:\/\/www.europesays.com\/fr\/wp-json\/wp\/v2\/types\/post"}],"author":[{"embeddable":true,"href":"https:\/\/www.europesays.com\/fr\/wp-json\/wp\/v2\/users\/2"}],"replies":[{"embeddable":true,"href":"https:\/\/www.europesays.com\/fr\/wp-json\/wp\/v2\/comments?post=206440"}],"version-history":[{"count":0,"href":"https:\/\/www.europesays.com\/fr\/wp-json\/wp\/v2\/posts\/206440\/revisions"}],"wp:featuredmedia":[{"embeddable":true,"href":"https:\/\/www.europesays.com\/fr\/wp-json\/wp\/v2\/media\/206441"}],"wp:attachment":[{"href":"https:\/\/www.europesays.com\/fr\/wp-json\/wp\/v2\/media?parent=206440"}],"wp:term":[{"taxonomy":"category","embeddable":true,"href":"https:\/\/www.europesays.com\/fr\/wp-json\/wp\/v2\/categories?post=206440"},{"taxonomy":"post_tag","embeddable":true,"href":"https:\/\/www.europesays.com\/fr\/wp-json\/wp\/v2\/tags?post=206440"}],"curies":[{"name":"wp","href":"https:\/\/api.w.org\/{rel}","templated":true}]}}