{"id":206448,"date":"2025-06-26T18:33:10","date_gmt":"2025-06-26T18:33:10","guid":{"rendered":"https:\/\/www.europesays.com\/fr\/206448\/"},"modified":"2025-06-26T18:33:10","modified_gmt":"2025-06-26T18:33:10","slug":"une-nouvelle-ecole-dingenieurs-ouvrira-a-toulon-en-2027-2","status":"publish","type":"post","link":"https:\/\/www.europesays.com\/fr\/206448\/","title":{"rendered":"Une nouvelle \u00e9cole d\u2019ing\u00e9nieurs ouvrira \u00e0 Toulon en 2027"},"content":{"rendered":"<p>Et de trois ! Apr\u00e8s Seatech et l\u2019ISEN, la ville de Toulon comptera une troisi\u00e8me \u00e9cole d\u2019ing\u00e9nieurs \u00e0 partir de la rentr\u00e9e 2027. Baptis\u00e9e \u00a0\u00bb Coll\u00e8ge des sciences navales \u00ab\u00a0, cette grande \u00e9cole est n\u00e9e de la volont\u00e9 de l\u2019\u00c9cole nationale sup\u00e9rieure des Mines de Paris et de l\u2019Union des industries et m\u00e9tiers de la m\u00e9tallurgie Sud, plus pr\u00e9cis\u00e9ment de son p\u00f4le formation.<\/p>\n<p>Elle r\u00e9pond surtout \u00e0 un besoin croissant d\u2019ing\u00e9nieurs de la part du tissu industriel local tr\u00e8s tourn\u00e9 vers la D\u00e9fense.<\/p>\n<p>Dans l\u2019ancien cercle naval?<\/p>\n<p>              <img ci-src=\"https:\/\/www.nicematin.com\/marine\/protec\/DATA_ART_15793026-lffeVOYA.jpg?vh=4402f1&amp;ci_seal=9a7bcba34b\" alt=\"\"\/><br \/>\n         <strong>Photo DR.<\/strong> <\/p>\n<p>D\u2019apr\u00e8s le d\u00e9put\u00e9 du Var Yannick Chenevard, rapporteur du budget de la Marine et qui a appuy\u00e9 ce projet, le futur Coll\u00e8ge des sciences navales sera sp\u00e9cialis\u00e9 en robotique marine et sous-marine, ainsi qu\u2019en dronisation.<\/p>\n<p>Ce choix fait d\u2019ailleurs \u00e9cho aux orientations de la loi de programmation militaire 2024-2030 qui, rappelle le parlementaire varois, pr\u00e9voit 5 milliards d\u2019euros pour l\u2019acquisition de drones et 10 autres milliards pour l\u2019innovation et les technologies de rupture \u00e0 m\u00eame de consolider la sup\u00e9riorit\u00e9 technologique de nos arm\u00e9es dans de nouveaux champs de conflictualit\u00e9.<\/p>\n<p>Et notamment dans les grands fonds marins.<\/p>\n<p>Le Coll\u00e8ge des sciences navales devrait en principe ouvrir ses portes \u00e0 Toulon en 2027. Il pourrait s\u2019installer dans l\u2019ancien Cercle naval, qui dispose de 3.000m2 de plancher. Toujours selon Yannick Chenevard, la premi\u00e8re promotion comptera 27 \u00e9l\u00e8ves ing\u00e9nieurs.<\/p>\n<p>Mais leur nombre passerait \u00e0 50 d\u00e8s l\u2019ann\u00e9e suivante.<\/p>\n","protected":false},"excerpt":{"rendered":"Et de trois ! Apr\u00e8s Seatech et l\u2019ISEN, la ville de Toulon comptera une troisi\u00e8me \u00e9cole d\u2019ing\u00e9nieurs \u00e0&hellip;\n","protected":false},"author":2,"featured_media":206318,"comment_status":"","ping_status":"","sticky":false,"template":"","format":"standard","meta":{"footnotes":""},"categories":[9619],"tags":[1111,11,554,1777,674,1011,27,6128,12,882,25,2310,3366],"class_list":{"0":"post-206448","1":"post","2":"type-post","3":"status-publish","4":"format-standard","5":"has-post-thumbnail","7":"category-toulon","8":"tag-actu","9":"tag-actualites","10":"tag-defense","11":"tag-eu","12":"tag-europe","13":"tag-fr","14":"tag-france","15":"tag-marine","16":"tag-news","17":"tag-provence-alpes-cote-dazur","18":"tag-republique-francaise","19":"tag-toulon","20":"tag-vie-locale"},"share_on_mastodon":{"url":"https:\/\/pubeurope.com\/@fr\/114751104817633608","error":""},"_links":{"self":[{"href":"https:\/\/www.europesays.com\/fr\/wp-json\/wp\/v2\/posts\/206448","targetHints":{"allow":["GET"]}}],"collection":[{"href":"https:\/\/www.europesays.com\/fr\/wp-json\/wp\/v2\/posts"}],"about":[{"href":"https:\/\/www.europesays.com\/fr\/wp-json\/wp\/v2\/types\/post"}],"author":[{"embeddable":true,"href":"https:\/\/www.europesays.com\/fr\/wp-json\/wp\/v2\/users\/2"}],"replies":[{"embeddable":true,"href":"https:\/\/www.europesays.com\/fr\/wp-json\/wp\/v2\/comments?post=206448"}],"version-history":[{"count":0,"href":"https:\/\/www.europesays.com\/fr\/wp-json\/wp\/v2\/posts\/206448\/revisions"}],"wp:featuredmedia":[{"embeddable":true,"href":"https:\/\/www.europesays.com\/fr\/wp-json\/wp\/v2\/media\/206318"}],"wp:attachment":[{"href":"https:\/\/www.europesays.com\/fr\/wp-json\/wp\/v2\/media?parent=206448"}],"wp:term":[{"taxonomy":"category","embeddable":true,"href":"https:\/\/www.europesays.com\/fr\/wp-json\/wp\/v2\/categories?post=206448"},{"taxonomy":"post_tag","embeddable":true,"href":"https:\/\/www.europesays.com\/fr\/wp-json\/wp\/v2\/tags?post=206448"}],"curies":[{"name":"wp","href":"https:\/\/api.w.org\/{rel}","templated":true}]}}