{"id":20645,"date":"2025-04-12T21:36:13","date_gmt":"2025-04-12T21:36:13","guid":{"rendered":"https:\/\/www.europesays.com\/fr\/20645\/"},"modified":"2025-04-12T21:36:13","modified_gmt":"2025-04-12T21:36:13","slug":"a-saint-nolff-championnat-de-france-de-motocross-minivert-6-14-ans-ce-dimanche","status":"publish","type":"post","link":"https:\/\/www.europesays.com\/fr\/20645\/","title":{"rendered":"\u00c0 Saint-Nolff, championnat de France de Motocross Minivert (6-14 ans) ce dimanche"},"content":{"rendered":"<p>C\u2019est une premi\u00e8re \u00e0 Saint-Nolff, pour ce championnat national des Minivert. Les coureurs sont \u00e2g\u00e9s entre 6 et 14 ans. Venus de partout en France et des pays limitrophes, de nombreux vans, camions et caravanes se sont install\u00e9s sur le terrain de motocross de Lesteno.<\/p>\n<p>160 jeunes pilotes sont inscrits au championnat, qui se d\u00e9roulera ce dimanche de 10\u00a0h \u00e0 18\u00a0h. La remise des prix aura lieu \u00e0 18\u00a0h\u00a030. Cinq cat\u00e9gories figurent au d\u00e9roulement de la comp\u00e9tition sur des motos de 50, 65 et 85 cm3\u00a0: minimes, benjamins, pupilles, poussins et 50 \u00abOn attend entre 2000 et 2500 spectateurs, souligne Jean-Michel Orerio\u00a0\u00bb, pr\u00e9sident de l\u2019AMCM (Auto-moto club du Morbihan). Entr\u00e9e\u00a0: 10 \u20ac.<\/p>\n","protected":false},"excerpt":{"rendered":"C\u2019est une premi\u00e8re \u00e0 Saint-Nolff, pour ce championnat national des Minivert. Les coureurs sont \u00e2g\u00e9s entre 6 et&hellip;\n","protected":false},"author":2,"featured_media":20646,"comment_status":"","ping_status":"","sticky":false,"template":"","format":"standard","meta":{"footnotes":""},"categories":[4],"tags":[11,829,1011,27,7841,12,25,7840,3165],"class_list":{"0":"post-20645","1":"post","2":"type-post","3":"status-publish","4":"format-standard","5":"has-post-thumbnail","7":"category-france","8":"tag-actualites","9":"tag-bretagne","10":"tag-fr","11":"tag-france","12":"tag-motocross","13":"tag-news","14":"tag-republique-francaise","15":"tag-saint-nolff","16":"tag-vannes"},"share_on_mastodon":{"url":"https:\/\/pubeurope.com\/@fr\/114327151308549656","error":""},"_links":{"self":[{"href":"https:\/\/www.europesays.com\/fr\/wp-json\/wp\/v2\/posts\/20645","targetHints":{"allow":["GET"]}}],"collection":[{"href":"https:\/\/www.europesays.com\/fr\/wp-json\/wp\/v2\/posts"}],"about":[{"href":"https:\/\/www.europesays.com\/fr\/wp-json\/wp\/v2\/types\/post"}],"author":[{"embeddable":true,"href":"https:\/\/www.europesays.com\/fr\/wp-json\/wp\/v2\/users\/2"}],"replies":[{"embeddable":true,"href":"https:\/\/www.europesays.com\/fr\/wp-json\/wp\/v2\/comments?post=20645"}],"version-history":[{"count":0,"href":"https:\/\/www.europesays.com\/fr\/wp-json\/wp\/v2\/posts\/20645\/revisions"}],"wp:featuredmedia":[{"embeddable":true,"href":"https:\/\/www.europesays.com\/fr\/wp-json\/wp\/v2\/media\/20646"}],"wp:attachment":[{"href":"https:\/\/www.europesays.com\/fr\/wp-json\/wp\/v2\/media?parent=20645"}],"wp:term":[{"taxonomy":"category","embeddable":true,"href":"https:\/\/www.europesays.com\/fr\/wp-json\/wp\/v2\/categories?post=20645"},{"taxonomy":"post_tag","embeddable":true,"href":"https:\/\/www.europesays.com\/fr\/wp-json\/wp\/v2\/tags?post=20645"}],"curies":[{"name":"wp","href":"https:\/\/api.w.org\/{rel}","templated":true}]}}