{"id":206453,"date":"2025-06-26T18:37:21","date_gmt":"2025-06-26T18:37:21","guid":{"rendered":"https:\/\/www.europesays.com\/fr\/206453\/"},"modified":"2025-06-26T18:37:21","modified_gmt":"2025-06-26T18:37:21","slug":"un-violent-incendie-fait-un-mort-et-des-dizaines-de-blesses","status":"publish","type":"post","link":"https:\/\/www.europesays.com\/fr\/206453\/","title":{"rendered":"Un violent incendie fait un mort et des dizaines de bless\u00e9s"},"content":{"rendered":"<p> \u00abOn avait \u00e9tat d\u2019un violent feu d\u2019immeuble collectif de 12 \u00e9tages, plusieurs appels, de possibilit\u00e9s de gens qui sautent dans le vide, on a donc envoy\u00e9 beaucoup de moyens tout de suite\u00a0\u00bb. Mercredi 1er\u00a0janvier, les pompiers de <a href=\"https:\/\/www.20minutes.fr\/dossier\/seine_maritime-1\" class=\"color-ultramarine c-link\" rel=\"nofollow noopener\" target=\"_blank\">Seine-Maritime<\/a> \u00e9taient tr\u00e8s nombreux aux abords de l\u2019immeuble situ\u00e9 au 13 rue C\u00e9sar Franck, \u00e0 Rouen, <a href=\"https:\/\/www.paris-normandie.fr\/id592792\/article\/2025-01-01\/un-incendie-en-cours-sur-les-hauts-de-rouen-dans-un-immeuble-de-12-etages-en-ce\" rel=\"nofollow noopener\" target=\"_blank\" class=\"color-ultramarine c-link\">comme le rapporte Paris Normandie<\/a>. Mobilis\u00e9s sur cet important incendie, les soldats du feu ont d\u00fb porter secours \u00e0 de nombreuses victimes.<\/p>\n<p>D\u2019apr\u00e8s nos confr\u00e8res, le sinistre aurait fait un mort et quarante bless\u00e9s, dont une vingtaine \u00e9vacu\u00e9s \u00e0 l\u2019h\u00f4pital de <a href=\"https:\/\/www.20minutes.fr\/dossier\/rouen\" class=\"color-ultramarine c-link\" rel=\"nofollow noopener\" target=\"_blank\">Rouen<\/a>. La plupart avaient inhal\u00e9 d\u2019\u00e9paisses fum\u00e9es noires qui s\u2019\u00e9taient propag\u00e9es dans les parties communes de l\u2019immeuble. \u00ab\u00a0\u00c0 partir du dixi\u00e8me \u00e9tage, on n\u2019y voyait plus rien \u00e0 cause de la fum\u00e9e\u00a0\u00bb, a racont\u00e9 une habitante \u00e0 nos confr\u00e8res.<\/p>\n<\/p>\n<p>Un appartement a \u00e9t\u00e9 d\u00e9truit par les flammes et 59 personnes qui se trouvaient dans l\u2019immeuble lorsque le sinistre s\u2019est d\u00e9clar\u00e9 ont \u00e9t\u00e9 \u00e9vacu\u00e9es. L\u2019origine du feu n\u2019est pour l\u2019heure pas connue. Une enqu\u00eate a \u00e9t\u00e9 ouverte pour tenter de d\u00e9terminer les causes du sinistre. Une soixantaine de pompiers \u00e9taient mobilis\u00e9s sur l\u2019intervention qui s\u2019est prolong\u00e9e dans la soir\u00e9e.<\/p>\n<p>Pas de d\u00e9fenestration<\/p>\n<p>Les rumeurs faisant \u00e9tat de gens ayant saut\u00e9 par la fen\u00eatre se sont r\u00e9v\u00e9l\u00e9es infond\u00e9es. Il s\u2019agissait en fait d\u2019une fen\u00eatre ayant explos\u00e9 sous l\u2019effet de la chaleur.<\/p>\n","protected":false},"excerpt":{"rendered":"\u00abOn avait \u00e9tat d\u2019un violent feu d\u2019immeuble collectif de 12 \u00e9tages, plusieurs appels, de possibilit\u00e9s de gens qui&hellip;\n","protected":false},"author":2,"featured_media":206454,"comment_status":"","ping_status":"","sticky":false,"template":"","format":"standard","meta":{"footnotes":""},"categories":[9587],"tags":[1111,47,11,1777,674,118,1312,1011,27,1310,12,5161,1311,25,9590,5163],"class_list":{"0":"post-206453","1":"post","2":"type-post","3":"status-publish","4":"format-standard","5":"has-post-thumbnail","7":"category-rouen","8":"tag-actu","9":"tag-actualite","10":"tag-actualites","11":"tag-eu","12":"tag-europe","13":"tag-faits-divers","14":"tag-feu","15":"tag-fr","16":"tag-france","17":"tag-incendie","18":"tag-news","19":"tag-normandie","20":"tag-pompiers","21":"tag-republique-francaise","22":"tag-rouen","23":"tag-seine-maritime"},"share_on_mastodon":{"url":"https:\/\/pubeurope.com\/@fr\/114751120676868762","error":""},"_links":{"self":[{"href":"https:\/\/www.europesays.com\/fr\/wp-json\/wp\/v2\/posts\/206453","targetHints":{"allow":["GET"]}}],"collection":[{"href":"https:\/\/www.europesays.com\/fr\/wp-json\/wp\/v2\/posts"}],"about":[{"href":"https:\/\/www.europesays.com\/fr\/wp-json\/wp\/v2\/types\/post"}],"author":[{"embeddable":true,"href":"https:\/\/www.europesays.com\/fr\/wp-json\/wp\/v2\/users\/2"}],"replies":[{"embeddable":true,"href":"https:\/\/www.europesays.com\/fr\/wp-json\/wp\/v2\/comments?post=206453"}],"version-history":[{"count":0,"href":"https:\/\/www.europesays.com\/fr\/wp-json\/wp\/v2\/posts\/206453\/revisions"}],"wp:featuredmedia":[{"embeddable":true,"href":"https:\/\/www.europesays.com\/fr\/wp-json\/wp\/v2\/media\/206454"}],"wp:attachment":[{"href":"https:\/\/www.europesays.com\/fr\/wp-json\/wp\/v2\/media?parent=206453"}],"wp:term":[{"taxonomy":"category","embeddable":true,"href":"https:\/\/www.europesays.com\/fr\/wp-json\/wp\/v2\/categories?post=206453"},{"taxonomy":"post_tag","embeddable":true,"href":"https:\/\/www.europesays.com\/fr\/wp-json\/wp\/v2\/tags?post=206453"}],"curies":[{"name":"wp","href":"https:\/\/api.w.org\/{rel}","templated":true}]}}