{"id":206459,"date":"2025-06-26T18:40:17","date_gmt":"2025-06-26T18:40:17","guid":{"rendered":"https:\/\/www.europesays.com\/fr\/206459\/"},"modified":"2025-06-26T18:40:17","modified_gmt":"2025-06-26T18:40:17","slug":"des-policiers-soupconnes-davoir-renseigne-des-dealers","status":"publish","type":"post","link":"https:\/\/www.europesays.com\/fr\/206459\/","title":{"rendered":"des policiers soup\u00e7onn\u00e9s d&rsquo;avoir renseign\u00e9 des dealers"},"content":{"rendered":"<p>Des policiers ont-ils renseign\u00e9 des dealers \u00e0 Grenoble (Is\u00e8re) ? Une enqu\u00eate pr\u00e9liminaire a \u00e9t\u00e9 ouverte par la justice, r\u00e9v\u00e8le <a href=\"https:\/\/www.ledauphine.com\/faits-divers-justice\/2025\/06\/26\/isere-info-le-dauphine-libere-y-a-t-il-des-policiers-corrompus-a-grenoble-une-enquete-est-ouverte\" target=\"_blank\" rel=\"nofollow noopener\">Le Dauphin\u00e9 Lib\u00e9r\u00e9<\/a>, au sujet d&rsquo;une op\u00e9ration \u00a0\u00bbPlace nette\u00a0\u00bb qui, apr\u00e8s des mois d&rsquo;investigations, n&rsquo;avait pas donn\u00e9 les r\u00e9sultats escompt\u00e9s.<\/p>\n<p>Ce contenu est bloqu\u00e9 car vous n&rsquo;avez pas accept\u00e9 les cookies et autres traceurs.<\/p>\n<p>En cliquant sur \u00ab J\u2019accepte \u00bb, les cookies et autres traceurs seront d\u00e9pos\u00e9s et vous pourrez visualiser les contenus  (<a href=\"\" class=\"consentModule_policy\" target=\"_blank\" title=\"Consulter la politique de protection des donn\u00e9es du fournisseur\">plus d&rsquo;informations<\/a>).<\/p>\n<p>En cliquant sur \u00ab J\u2019accepte tous les cookies \u00bb, vous autorisez des d\u00e9p\u00f4ts de cookies et autres traceurs pour le stockage de vos donn\u00e9es sur nos sites et applications \u00e0 des fins de personnalisation et de ciblage publicitaire.<\/p>\n<p class=\"consentModule_secondaryText\">Vous gardez la possibilit\u00e9 de retirer votre consentement \u00e0 tout moment en consultant notre <a href=\"https:\/\/www.leprogres.fr\/protection-des-donnees\" target=\"_blank\" title=\"Consulter notre politique de protection des donn\u00e9es\" rel=\"nofollow noopener\">politique de protection des donn\u00e9es<\/a>. <br \/>&#13;<br \/>\n            <a href=\"https:\/\/www.leprogres.fr\/faits-divers-justice\/2025\/06\/26\/javascript:Didomi.notice.show()\" class=\"consentModule_cmp\" rel=\"nofollow noopener\" target=\"_blank\">G\u00e9rer mes choix<\/a>&#13;\n        <\/p>\n<p>&#13;<br \/>\n                        J&rsquo;accepte&#13;<br \/>\n            J&rsquo;accepte tous les cookies&#13;\n        <\/p>\n<p>Le 8 octobre 2024, des dizaines de policiers \u00e9taient intervenus dans le quartier Saint-Bruno, \u00e0 Grenoble, pour d\u00e9manteler un point de deal et interpeller ses responsables.<\/p>\n<p>Ce contenu est bloqu\u00e9 car vous n&rsquo;avez pas accept\u00e9 les cookies et autres traceurs.<\/p>\n<p>En cliquant sur \u00ab J\u2019accepte \u00bb, les cookies et autres traceurs seront d\u00e9pos\u00e9s et vous pourrez visualiser les contenus  (<a href=\"\" class=\"consentModule_policy\" target=\"_blank\" title=\"Consulter la politique de protection des donn\u00e9es du fournisseur\">plus d&rsquo;informations<\/a>).<\/p>\n<p>En cliquant sur \u00ab J\u2019accepte tous les cookies \u00bb, vous autorisez des d\u00e9p\u00f4ts de cookies et autres traceurs pour le stockage de vos donn\u00e9es sur nos sites et applications \u00e0 des fins de personnalisation et de ciblage publicitaire.<\/p>\n<p class=\"consentModule_secondaryText\">Vous gardez la possibilit\u00e9 de retirer votre consentement \u00e0 tout moment en consultant notre <a href=\"https:\/\/www.leprogres.fr\/protection-des-donnees\" target=\"_blank\" title=\"Consulter notre politique de protection des donn\u00e9es\" rel=\"nofollow noopener\">politique de protection des donn\u00e9es<\/a>. <br \/>&#13;<br \/>\n            <a href=\"https:\/\/www.leprogres.fr\/faits-divers-justice\/2025\/06\/26\/javascript:Didomi.notice.show()\" class=\"consentModule_cmp\" rel=\"nofollow noopener\" target=\"_blank\">G\u00e9rer mes choix<\/a>&#13;\n        <\/p>\n<p>&#13;<br \/>\n                        J&rsquo;accepte&#13;<br \/>\n            J&rsquo;accepte tous les cookies&#13;\n        <\/p>\n<p>  \u00ab On vous attendait \u00bb, avait lanc\u00e9 un suspect<\/p>\n<p>Sauf que le bilan s&rsquo;\u00e9tait r\u00e9v\u00e9l\u00e9 bien maigre, des logements ayant \u00e9t\u00e9 apparemment \u00ab\u00a0nettoy\u00e9s\u00a0\u00bb avant l&rsquo;arriv\u00e9e de la police. \u00ab On vous attendait \u00bb, avait m\u00eame lanc\u00e9 un des suspects aux policiers, tandis que les principaux responsables pr\u00e9sum\u00e9s avaient pris la fuite.<\/p>\n<p>\u00ab Il n\u2019y a pas eu de fuites massives \u00bb, assure au Dauphin\u00e9 Lib\u00e9r\u00e9 J\u00e9r\u00f4me Chappa, le patron des policiers is\u00e9rois. Tout en affirmant ne pas vouloir \u00ab la moindre porosit\u00e9 entre les enqu\u00eates en cours et le milieu de la drogue \u00bb.<\/p>\n<p class=\"note\">&gt;&gt; Lire l&rsquo;article du <a href=\"https:\/\/www.ledauphine.com\/faits-divers-justice\/2025\/06\/26\/isere-info-le-dauphine-libere-y-a-t-il-des-policiers-corrompus-a-grenoble-une-enquete-est-ouverte\" target=\"_blank\" rel=\"nofollow noopener\">Dauphin\u00e9 Lib\u00e9r\u00e9<\/a>.<\/p>\n","protected":false},"excerpt":{"rendered":"Des policiers ont-ils renseign\u00e9 des dealers \u00e0 Grenoble (Is\u00e8re) ? Une enqu\u00eate pr\u00e9liminaire a \u00e9t\u00e9 ouverte par la&hellip;\n","protected":false},"author":2,"featured_media":206460,"comment_status":"","ping_status":"","sticky":false,"template":"","format":"standard","meta":{"footnotes":""},"categories":[9566],"tags":[1111,11,2430,271,272,1777,674,274,107,1011,27,329,2731,12,25],"class_list":{"0":"post-206459","1":"post","2":"type-post","3":"status-publish","4":"format-standard","5":"has-post-thumbnail","7":"category-grenoble","8":"tag-actu","9":"tag-actualites","10":"tag-auvergne-rhone-alpes","11":"tag-crime","12":"tag-delit-et-contravention","13":"tag-eu","14":"tag-europe","15":"tag-faits-divers-justice","16":"tag-fil-info","17":"tag-fr","18":"tag-france","19":"tag-france-monde","20":"tag-grenoble","21":"tag-news","22":"tag-republique-francaise"},"share_on_mastodon":{"url":"https:\/\/pubeurope.com\/@fr\/114751132416409634","error":""},"_links":{"self":[{"href":"https:\/\/www.europesays.com\/fr\/wp-json\/wp\/v2\/posts\/206459","targetHints":{"allow":["GET"]}}],"collection":[{"href":"https:\/\/www.europesays.com\/fr\/wp-json\/wp\/v2\/posts"}],"about":[{"href":"https:\/\/www.europesays.com\/fr\/wp-json\/wp\/v2\/types\/post"}],"author":[{"embeddable":true,"href":"https:\/\/www.europesays.com\/fr\/wp-json\/wp\/v2\/users\/2"}],"replies":[{"embeddable":true,"href":"https:\/\/www.europesays.com\/fr\/wp-json\/wp\/v2\/comments?post=206459"}],"version-history":[{"count":0,"href":"https:\/\/www.europesays.com\/fr\/wp-json\/wp\/v2\/posts\/206459\/revisions"}],"wp:featuredmedia":[{"embeddable":true,"href":"https:\/\/www.europesays.com\/fr\/wp-json\/wp\/v2\/media\/206460"}],"wp:attachment":[{"href":"https:\/\/www.europesays.com\/fr\/wp-json\/wp\/v2\/media?parent=206459"}],"wp:term":[{"taxonomy":"category","embeddable":true,"href":"https:\/\/www.europesays.com\/fr\/wp-json\/wp\/v2\/categories?post=206459"},{"taxonomy":"post_tag","embeddable":true,"href":"https:\/\/www.europesays.com\/fr\/wp-json\/wp\/v2\/tags?post=206459"}],"curies":[{"name":"wp","href":"https:\/\/api.w.org\/{rel}","templated":true}]}}