{"id":206461,"date":"2025-06-26T18:41:09","date_gmt":"2025-06-26T18:41:09","guid":{"rendered":"https:\/\/www.europesays.com\/fr\/206461\/"},"modified":"2025-06-26T18:41:09","modified_gmt":"2025-06-26T18:41:09","slug":"brunch-restauration-ateliers-un-nouveau-cafe-cantine-avec-terrasse-ouvre-a-rennes","status":"publish","type":"post","link":"https:\/\/www.europesays.com\/fr\/206461\/","title":{"rendered":"Brunch, restauration, ateliers\u2026 Un nouveau caf\u00e9-cantine (avec terrasse !) ouvre \u00e0 Rennes"},"content":{"rendered":"<p>            Par<br \/>\n        <strong><br \/>\n            <a href=\"https:\/\/actu.fr\/auteur\/laurene-fertin\" title=\"Consulter tous les articles de Laur\u00e8ne Fertin\" target=\"_blank\" rel=\"noopener\">Laur\u00e8ne Fertin<\/a><br \/>\n        <\/strong><\/p>\n<p>        Publi\u00e9 le<\/p>\n<p>            26 juin 2025 \u00e0 19h42        <\/p>\n<p>Quelques mois ont pass\u00e9 depuis <a href=\"https:\/\/actu.fr\/bretagne\/rennes_35238\/j-aurais-aime-que-l-on-vive-de-notre-passion-a-rennes-ce-cafe-ferme-definitivement-ses-portes_62154111.html\" target=\"_blank\" rel=\"noopener\">la fermeture fin janvier du caf\u00e9 d\u00e9di\u00e9 \u00e0 la K-pop, <strong>Time Out Space<\/strong><\/a>, tenu par Judica\u00ebl et Sabrina. Dans la rue Poullain-Duparc, <strong>c\u2019est l\u2019effervescence<\/strong> derri\u00e8re les grandes vitres, sous une chaleur caniculaire\u2026 \u00ab\u2009On essaie tant bien que mal de retirer les stickers\u2009\u00bb, rit Ma\u00eflys, qui r\u00e9habilite les locaux vacants, aux c\u00f4t\u00e9s de son fr\u00e8re, Maxence.<\/p>\n<p>Les petites pestes<\/p>\n<p class=\" wall-content\">Le duo a d\u00e9cid\u00e9 de se lancer dans <strong>une aventure commune<\/strong>\u2009: celle d\u2019ouvrir <strong>Les petites pestes<\/strong>. \u00ab\u2009\u00c7a faisait un an qu\u2019on cherchait un local\u2009\u00bb, poursuit la jeune femme, \u00ab\u2009mais toutes les conditions n\u2019\u00e9taient pas r\u00e9unies. On voulait quelque chose de lumineux, pas trop cher, sans trop de travaux \u00e0 r\u00e9aliser et avec un bel emplacement\u2009\u00bb.<\/p>\n<p class=\" wall-content\">Bingo pour le 32, rue Poullain-Duparc, qui fera alors office de <strong>salon de th\u00e9, restaurant et animations d\u2019ateliers<\/strong>.<\/p>\n<blockquote class=\"ac-article-quote wall-content\">\n<p>Un trois en un en quelque sorte ! Il y aura de la petite restauration le midi : la carte proposera deux plats qui changeront tous les jours. La partie salon de th\u00e9 permettra de d\u00e9guster des th\u00e9s, du caf\u00e9&#8230; tout en mangeant p\u00e2tisseries et g\u00e2teaux. Sans oublier les ateliers : on pourra d\u00e9couvrir de la broderie, du macram\u00e9 ou encore de la peinture&#8230;<\/p>\n<p>    <strong>Ma\u00eflys<\/strong>\n            <\/p><\/blockquote>\n<p>\u00ab\u2009On aime la bonne cuisine\u2009\u00bb<\/p>\n<p class=\" wall-content\">Tartes au citron meringu\u00e9es, brownies au peanut butter, choux\u2026 Pour la partie salon de th\u00e9, Maxence mettra \u00e0 contribution son exp\u00e9rience\u2009; le jeune homme de 31\u00a0ans est <strong>boulanger, p\u00e2tissier<\/strong> et <strong>cuisinier de dessert<\/strong> de formation.<\/p>\n<p class=\" wall-content\">Pour la cuisine du midi, <strong>les influences<\/strong> seront <strong>nombreuses<\/strong>\u2009: indiennes, italiennes\u2026 Une sorte de reflet des voyages (culinaires) qu\u2019a men\u00e9 Ma\u00eflys, graphiste de formation, qui a touch\u00e9 \u00e0 tout au cours de sa carri\u00e8re\u2009: vendeuse en \u00e9picerie, bijouterie, boucherie (liste non exhaustive\u2009!). Une chose r\u00e9unit en tout cas la fratrie\u2009: <strong>\u00ab\u2009la bonne cuisine.\u2009\u00bb<\/strong><\/p>\n<blockquote class=\"ac-article-quote wall-content\">\n<p>On est habitu\u00e9 \u00e0 la bonne cuisine et on aime la bonne cuisine. On met un point d&rsquo;honneur \u00e0 travailler avec des producteurs locaux. Notre p\u00e8re a travaill\u00e9 longtemps sur les march\u00e9s, on a gard\u00e9 cette volont\u00e9 du bien-manger.<\/p>\n<p>    <strong>Ma\u00eflys et Maxence<\/strong>\n            <\/p><\/blockquote>\n<p class=\" wall-content\">La preuve \u00e9tant, la liste des fournisseurs avec qui Maxence et Ma\u00eflys vont travailler est d\u00e9j\u00e0 \u00ab\u2009boucl\u00e9e depuis un an\u2009\u00bb.<\/p>\n<p>\u00ab\u00a0Un c\u00f4t\u00e9 malicieux\u00a0\u00bb<\/p>\n<p>Pourquoi avoir choisi Les petites pestes ? \u00ab\u00a0On voulait donner un petit c\u00f4t\u00e9 malicieux\u00a0\u00bb, sourit Ma\u00eflys. \u00ab\u00a0On n&rsquo;est pas lin\u00e9aire dans nos parcours, on est un peu insolents&#8230; Et puis sans doute que c&rsquo;est une revanche pour ma professeure qui disait de moi que j&rsquo;\u00e9tais une petite peste !\u00a0\u00bb.<\/p>\n<p>\u00ab\u2009Un lieu de vie\u2009\u00bb<\/p>\n<p class=\" wall-content\">D\u2019ailleurs, pas question d\u2019ouvrir une enseigne sans qu\u2019elle ait <strong>une \u00e2me<\/strong>\u2009: Les petites pestes seront \u00ab\u2009un lieu de vie\u2009\u00bb o\u00f9 \u00ab\u2009chacun pourra se sentir chez soi, comme \u00e0 la maison\u2009\u00bb, soulignent fr\u00e8re et s\u0153ur.<\/p>\n<p class=\" wall-content\">Ici,<strong> la d\u00e9co<\/strong> est encore en pr\u00e9paration, mais Ma\u00eflys qui a la \u00ab\u2009collectionnite aigu\u00eb\u2009\u00bb compte bien faire du lieu un \u00ab\u2009espace cocooning\u2009\u00bb\u2009: canap\u00e9s, vaisselles, bibelots\u2026 Tout a \u00e9t\u00e9 chin\u00e9 par ses soins, avec go\u00fbt.<\/p>\n<blockquote class=\"ac-article-quote wall-content\">\n<p>J&rsquo;adore les couleurs et j&rsquo;ai une r\u00e9elle app\u00e9tence pour la d\u00e9coration.<\/p>\n<p>    <strong>Ma\u00eflys<\/strong>\n            <\/p><\/blockquote>\n<p class=\" wall-content\"><a href=\"https:\/\/www.instagram.com\/p\/DKm8TVZs4YT\/embed\" title=\"Ouvrir le lien sur Instagram\" target=\"_blank\" rel=\"noopener\">Visualiser le contenu sur Instagram<\/a><\/p>\n<p>Les petits plus<\/p>\n<p class=\" wall-content\">Les petites pestes pourront accueillir, \u00e0 l\u2019int\u00e9rieur, une trentaine de couverts. Le petit plus\u2009: les deux comp\u00e8res ont obtenu une autorisation pour installer une terrasse o\u00f9 il fera bon de boire un petit verre.<\/p>\n<blockquote class=\"ac-article-quote wall-content\">\n<p>On proposera des boissons chaudes, des boissons froides mais aussi de l&rsquo;alcool (bi\u00e8res, cidres, vin&#8230;).<\/p>\n<p>    <strong>Ma\u00eflys<\/strong>\n            <\/p><\/blockquote>\n<p class=\" wall-content\">Il sera \u00e9galement possible de venir bruncher deux dimanches par mois.<\/p>\n<p class=\" wall-content\">\u00c0 quand <strong>l\u2019ouverture<\/strong>\u2009? \u00ab\u2009Pour nos anniversaires respectifs\u2009?\u2009\u00bb, rient Ma\u00eflys et Maxence, n\u00e9s respectivement les 17 et 19\u00a0juillet. Rendez-vous, en tout cas, mi-juillet, pour d\u00e9couvrir cette nouvelle adresse rennaise.<\/p>\n<p>Les petites pestes au <a href=\"https:\/\/www.google.fr\/maps\/place\/32+Rue+Poullain+Duparc,+35000+Rennes\/@48.1087572,-1.684715,554m\/data=!3m2!1e3!4b1!4m6!3m5!1s0x480ede33237b4b51:0xf13f7c43c555a3fa!8m2!3d48.1087536!4d-1.6821401!16s%2Fg%2F11b8v4wfv5?entry=ttu&amp;g_ep=EgoyMDI1MDYyMi4wIKXMDSoASAFQAw%3D%3D\" target=\"_blank\" rel=\"noopener\">32, rue Poullain-Duparc<\/a> \u00e0 Rennes, ouvert d\u00e8s la mi-juillet du mardi au dimanche. Les r\u00e9servations seront possibles en ligne.<\/p>\n<p class=\" wall-content\">Suivez toute l\u2019actualit\u00e9 de vos villes et m\u00e9dias favoris en vous inscrivant \u00e0 <a href=\"https:\/\/moncompte.actu.fr\" title=\"D\u00e9couvez Mon Actu\" rel=\"nofollow noopener\" data-trk=\"{&quot;cta&quot;:{&quot;action&quot;:&quot;https:\\\/\\\/moncompte.actu.fr&quot;,&quot;category&quot;:&quot;mon compte&quot;,&quot;from&quot;:&quot;article footer&quot;,&quot;name&quot;:&quot;Mon actu&quot;,&quot;type&quot;:&quot;cta&quot;}}\" target=\"_blank\">Mon Actu<\/a>.<\/p>\n<ul class=\"ac-article-tag wall-content\">\n<li><a href=\"https:\/\/actu.fr\/tag\/nouveaux-commerces\" data-trk=\"{&quot;cta&quot;:{&quot;action&quot;:&quot;Nouveaux commerces&quot;,&quot;category&quot;:&quot;tag&quot;,&quot;from&quot;:&quot;article footer&quot;,&quot;name&quot;:&quot;Nouveaux commerces&quot;,&quot;type&quot;:&quot;cta&quot;}}\" target=\"_blank\" rel=\"noopener\">#Nouveaux commerces<\/a><\/li>\n<li><a href=\"https:\/\/actu.fr\/tag\/restos-de-rennes\" data-trk=\"{&quot;cta&quot;:{&quot;action&quot;:&quot;Restos de Rennes&quot;,&quot;category&quot;:&quot;tag&quot;,&quot;from&quot;:&quot;article footer&quot;,&quot;name&quot;:&quot;Restos de Rennes&quot;,&quot;type&quot;:&quot;cta&quot;}}\" target=\"_blank\" rel=\"noopener\">#Restos de Rennes<\/a><\/li>\n<\/ul>\n<p>                    <script async src=\"\/\/www.instagram.com\/embed.js\"><\/script><\/p>\n","protected":false},"excerpt":{"rendered":"Par Laur\u00e8ne Fertin Publi\u00e9 le 26 juin 2025 \u00e0 19h42 Quelques mois ont pass\u00e9 depuis la fermeture fin&hellip;\n","protected":false},"author":2,"featured_media":206462,"comment_status":"","ping_status":"","sticky":false,"template":"","format":"standard","meta":{"footnotes":""},"categories":[2821],"tags":[1111,11,829,33,1777,674,1011,27,12,3147,584,25,10619],"class_list":{"0":"post-206461","1":"post","2":"type-post","3":"status-publish","4":"format-standard","5":"has-post-thumbnail","7":"category-rennes","8":"tag-actu","9":"tag-actualites","10":"tag-bretagne","11":"tag-economie","12":"tag-eu","13":"tag-europe","14":"tag-fr","15":"tag-france","16":"tag-news","17":"tag-nouveaux-commerces","18":"tag-rennes","19":"tag-republique-francaise","20":"tag-restos-de-rennes"},"share_on_mastodon":{"url":"https:\/\/pubeurope.com\/@fr\/114751136320886131","error":""},"_links":{"self":[{"href":"https:\/\/www.europesays.com\/fr\/wp-json\/wp\/v2\/posts\/206461","targetHints":{"allow":["GET"]}}],"collection":[{"href":"https:\/\/www.europesays.com\/fr\/wp-json\/wp\/v2\/posts"}],"about":[{"href":"https:\/\/www.europesays.com\/fr\/wp-json\/wp\/v2\/types\/post"}],"author":[{"embeddable":true,"href":"https:\/\/www.europesays.com\/fr\/wp-json\/wp\/v2\/users\/2"}],"replies":[{"embeddable":true,"href":"https:\/\/www.europesays.com\/fr\/wp-json\/wp\/v2\/comments?post=206461"}],"version-history":[{"count":0,"href":"https:\/\/www.europesays.com\/fr\/wp-json\/wp\/v2\/posts\/206461\/revisions"}],"wp:featuredmedia":[{"embeddable":true,"href":"https:\/\/www.europesays.com\/fr\/wp-json\/wp\/v2\/media\/206462"}],"wp:attachment":[{"href":"https:\/\/www.europesays.com\/fr\/wp-json\/wp\/v2\/media?parent=206461"}],"wp:term":[{"taxonomy":"category","embeddable":true,"href":"https:\/\/www.europesays.com\/fr\/wp-json\/wp\/v2\/categories?post=206461"},{"taxonomy":"post_tag","embeddable":true,"href":"https:\/\/www.europesays.com\/fr\/wp-json\/wp\/v2\/tags?post=206461"}],"curies":[{"name":"wp","href":"https:\/\/api.w.org\/{rel}","templated":true}]}}