{"id":206465,"date":"2025-06-26T18:43:21","date_gmt":"2025-06-26T18:43:21","guid":{"rendered":"https:\/\/www.europesays.com\/fr\/206465\/"},"modified":"2025-06-26T18:43:21","modified_gmt":"2025-06-26T18:43:21","slug":"a-strasbourg-artiste-et-enfants-ont-realise-une-fresque-xxl","status":"publish","type":"post","link":"https:\/\/www.europesays.com\/fr\/206465\/","title":{"rendered":"\u00e0 Strasbourg, artiste et enfants ont r\u00e9alis\u00e9 une fresque XXL"},"content":{"rendered":"<p>    <img loading=\"lazy\" width=\"1800\" height=\"900\" src=\"https:\/\/www.europesays.com\/fr\/wp-content\/uploads\/2025\/04\/jeanne-callthepolice.jpg\" class=\"attachment-full size-full\" alt=\"\" id=\"imageLove\" decoding=\"async\"  \/><\/p>\n<p id=\"breadcrumbs\"><a href=\"https:\/\/pokaa.fr\/\" target=\"_blank\" rel=\"noopener\">Accueil<\/a> \/ <a href=\"https:\/\/pokaa.fr\/categories\/actu\/\" target=\"_blank\" rel=\"noopener\">Info locale<\/a> \/ Europe + Van Gogh : \u00e0 Strasbourg, artiste et enfants ont r\u00e9alis\u00e9 une fresque XXL<\/p>\n<p>                    Info locale<\/p>\n<p><strong>Dans le secteur du coll\u00e8ge Vauban International, vous avez peut-\u00eatre remarqu\u00e9 que la rue Pestalozzi a pris des couleurs. Et pour cause : \u00e0 l\u2019occasion de la F\u00eate de l\u2019Europe, l\u2019artiste Apaiz, F\u00e9lix Wysocki de son vrai nom, est venu une fois encore mettre des couleurs dans Strasbourg. Avec des coll\u00e9gien(ne)s, il a r\u00e9alis\u00e9 une nouvelle fresque \u00e0 l\u2019heure o\u00f9 l\u2019actualit\u00e9 appelle plus que jamais \u00e0 la solidarit\u00e9.<\/strong><\/p>\n<p><strong>\u00ab\u00a0Un autre regard sur l\u2019Europe\u00a0\u00bb<\/strong>\u00a0: tel est le titre de la nouvelle fresque de l\u2019artiste <strong>Apaiz, r\u00e9alis\u00e9e avec les coll\u00e9gien(ne)s du coll\u00e8ge Vauban International.<\/strong> Le projet\u00a0? Mettre en image <strong>une Europe \u00ab\u00a0protectrice mais fragile\u00a0\u00bb<\/strong>, comme l\u2019explique l\u2019artiste sur <a href=\"https:\/\/www.instagram.com\/felix.wysocki.apaiz\/\" target=\"_blank\" rel=\"noopener\">son compte Instagram.<\/a><\/p>\n<p>                <img width=\"292\" height=\"500\" src=\"https:\/\/www.europesays.com\/fr\/wp-content\/uploads\/2025\/06\/fresque-apaiz-street-art-college-vauban-europe-2-292x500.png\" class=\"attachment-gallery size-gallery\" alt=\"Fresque Apaiz street art coll\u00e8ge vauban europe (2)\" data-full-url=\"https:\/\/pokaa.fr\/wp-content\/uploads\/2025\/06\/23\/fresque-apaiz-street-art-college-vauban-europe-2.png\" decoding=\"async\" loading=\"lazy\"  \/>            <\/p>\n<p>                <img width=\"298\" height=\"500\" src=\"https:\/\/www.europesays.com\/fr\/wp-content\/uploads\/2025\/06\/fresque-apaiz-street-art-college-vauban-europe-1-298x500.png\" class=\"attachment-gallery size-gallery\" alt=\"Fresque Apaiz street art coll\u00e8ge vauban europe (1)\" data-full-url=\"https:\/\/pokaa.fr\/wp-content\/uploads\/2025\/06\/23\/fresque-apaiz-street-art-college-vauban-europe-1.png\" decoding=\"async\" loading=\"lazy\"  \/>            <\/p>\n<p>                    \u00a9 Apaiz \/ Captures d&rsquo;\u00e9cran<\/p>\n<p>    <img width=\"414\" height=\"600\" src=\"https:\/\/www.europesays.com\/fr\/wp-content\/uploads\/2025\/06\/fresque-apaiz-college-vauban-street-art-21-414x600.jpg\" class=\"attachment-image-size-M size-image-size-M\" alt=\"Fresque Apaiz coll\u00e8ge Vauban street art (21)\" decoding=\"async\" loading=\"lazy\"  \/>         \u00a9 Marie Goehner-David \/ Pokaa <\/p>\n<p>On y voit deux enfants en train de construire <strong>une cabane, symbolisant l\u2019union entre les diff\u00e9rents pays,<\/strong> dans laquelle une fille se r\u00e9fugie. <strong>Embl\u00e8me de solidarit\u00e9 et de vivre ensemble,<\/strong> le sommet de la construction prend cependant feu, mis \u00e0 mal par les diff\u00e9rents conflits et crises mondiales.<\/p>\n<p>La sc\u00e8ne prend forme dans un ciel en clin d\u2019\u0153il <strong>\u00e0 La Nuit \u00e9toil\u00e9e de Van Gogh, <\/strong>avec une petite allusion aux \u00e9toiles du drapeau europ\u00e9en. L\u2019oeuvre est aussi une <strong>invitation \u00e0 la r\u00eaverie, \u00e0 la po\u00e9sie et \u00e0 l\u2019espoir, dans un monde o\u00f9 il ne faut pas oublier de se serrer les coudes. <\/strong><\/p>\n<p>                <img width=\"750\" height=\"500\" src=\"https:\/\/www.europesays.com\/fr\/wp-content\/uploads\/2025\/06\/fresque-apaiz-college-vauban-street-art-31-750x500.jpg\" class=\"attachment-gallery size-gallery\" alt=\"Fresque Apaiz coll\u00e8ge Vauban street art (31)\" data-full-url=\"https:\/\/pokaa.fr\/wp-content\/uploads\/2025\/06\/19\/fresque-apaiz-college-vauban-street-art-31.jpg\" decoding=\"async\" loading=\"lazy\"  \/>            <\/p>\n<p>                <img width=\"750\" height=\"500\" src=\"https:\/\/www.europesays.com\/fr\/wp-content\/uploads\/2025\/06\/fresque-apaiz-college-vauban-street-art-30-750x500.jpg\" class=\"attachment-gallery size-gallery\" alt=\"Fresque Apaiz coll\u00e8ge Vauban street art (30)\" data-full-url=\"https:\/\/pokaa.fr\/wp-content\/uploads\/2025\/06\/19\/fresque-apaiz-college-vauban-street-art-30.jpg\" decoding=\"async\" loading=\"lazy\"  \/>            <\/p>\n<p>                <img width=\"750\" height=\"500\" src=\"https:\/\/www.europesays.com\/fr\/wp-content\/uploads\/2025\/06\/fresque-apaiz-college-vauban-street-art-29-750x500.jpg\" class=\"attachment-gallery size-gallery\" alt=\"Fresque Apaiz coll\u00e8ge Vauban street art (29)\" data-full-url=\"https:\/\/pokaa.fr\/wp-content\/uploads\/2025\/06\/19\/fresque-apaiz-college-vauban-street-art-29.jpg\" decoding=\"async\" loading=\"lazy\"  \/>            <\/p>\n<p>                    \u00a9 Marie Goehner-David \/ Pokaa<\/p>\n<p>                <img width=\"333\" height=\"500\" src=\"https:\/\/www.europesays.com\/fr\/wp-content\/uploads\/2025\/06\/fresque-apaiz-college-vauban-street-art-24-333x500.jpg\" class=\"attachment-gallery size-gallery\" alt=\"Fresque Apaiz coll\u00e8ge Vauban street art (24)\" data-full-url=\"https:\/\/pokaa.fr\/wp-content\/uploads\/2025\/06\/19\/fresque-apaiz-college-vauban-street-art-24.jpg\" decoding=\"async\" loading=\"lazy\"  \/>            <\/p>\n<p>                <img width=\"750\" height=\"500\" src=\"https:\/\/www.europesays.com\/fr\/wp-content\/uploads\/2025\/06\/fresque-apaiz-college-vauban-street-art-35-750x500.jpg\" class=\"attachment-gallery size-gallery\" alt=\"Fresque Apaiz coll\u00e8ge Vauban street art (35)\" data-full-url=\"https:\/\/pokaa.fr\/wp-content\/uploads\/2025\/06\/19\/fresque-apaiz-college-vauban-street-art-35.jpg\" decoding=\"async\" loading=\"lazy\"  \/>            <\/p>\n<p>                    \u00a9 Marie Goehner-David \/ Pokaa<\/p>\n<p>    <img width=\"800\" height=\"533\" src=\"https:\/\/www.europesays.com\/fr\/wp-content\/uploads\/2025\/06\/fresque-apaiz-college-vauban-street-art-33-800x533.jpg\" class=\"attachment-image-size-L size-image-size-L\" alt=\"Fresque Apaiz coll\u00e8ge Vauban street art (33)\" decoding=\"async\" loading=\"lazy\"  \/>         \u00a9 Marie Goehner-David \/ Pokaa <\/p>\n<p><script async src=\"\/\/www.instagram.com\/embed.js\"><\/script><\/p>\n","protected":false},"excerpt":{"rendered":"Accueil \/ Info locale \/ Europe + Van Gogh : \u00e0 Strasbourg, artiste et enfants ont r\u00e9alis\u00e9 une&hellip;\n","protected":false},"author":2,"featured_media":206466,"comment_status":"","ping_status":"","sticky":false,"template":"","format":"standard","meta":{"footnotes":""},"categories":[2820],"tags":[1111,11,34511,34512,1777,674,1011,27,23001,775,12,25,640],"class_list":{"0":"post-206465","1":"post","2":"type-post","3":"status-publish","4":"format-standard","5":"has-post-thumbnail","7":"category-strasbourg","8":"tag-actu","9":"tag-actualites","10":"tag-apaiz","11":"tag-college-vauban","12":"tag-eu","13":"tag-europe","14":"tag-fr","15":"tag-france","16":"tag-fresque","17":"tag-grand-est","18":"tag-news","19":"tag-republique-francaise","20":"tag-strasbourg"},"share_on_mastodon":{"url":"https:\/\/pubeurope.com\/@fr\/114751145254451209","error":""},"_links":{"self":[{"href":"https:\/\/www.europesays.com\/fr\/wp-json\/wp\/v2\/posts\/206465","targetHints":{"allow":["GET"]}}],"collection":[{"href":"https:\/\/www.europesays.com\/fr\/wp-json\/wp\/v2\/posts"}],"about":[{"href":"https:\/\/www.europesays.com\/fr\/wp-json\/wp\/v2\/types\/post"}],"author":[{"embeddable":true,"href":"https:\/\/www.europesays.com\/fr\/wp-json\/wp\/v2\/users\/2"}],"replies":[{"embeddable":true,"href":"https:\/\/www.europesays.com\/fr\/wp-json\/wp\/v2\/comments?post=206465"}],"version-history":[{"count":0,"href":"https:\/\/www.europesays.com\/fr\/wp-json\/wp\/v2\/posts\/206465\/revisions"}],"wp:featuredmedia":[{"embeddable":true,"href":"https:\/\/www.europesays.com\/fr\/wp-json\/wp\/v2\/media\/206466"}],"wp:attachment":[{"href":"https:\/\/www.europesays.com\/fr\/wp-json\/wp\/v2\/media?parent=206465"}],"wp:term":[{"taxonomy":"category","embeddable":true,"href":"https:\/\/www.europesays.com\/fr\/wp-json\/wp\/v2\/categories?post=206465"},{"taxonomy":"post_tag","embeddable":true,"href":"https:\/\/www.europesays.com\/fr\/wp-json\/wp\/v2\/tags?post=206465"}],"curies":[{"name":"wp","href":"https:\/\/api.w.org\/{rel}","templated":true}]}}