{"id":206473,"date":"2025-06-26T18:47:10","date_gmt":"2025-06-26T18:47:10","guid":{"rendered":"https:\/\/www.europesays.com\/fr\/206473\/"},"modified":"2025-06-26T18:47:10","modified_gmt":"2025-06-26T18:47:10","slug":"preuve-dun-certain-etat-desprit","status":"publish","type":"post","link":"https:\/\/www.europesays.com\/fr\/206473\/","title":{"rendered":"\u00ab preuve d\u2019un certain \u00e9tat d\u2019esprit \u00bb"},"content":{"rendered":"<p>            Par<br \/>\n        <strong><br \/>\n            <a href=\"https:\/\/actu.fr\/auteur\/journaliste-sm\" title=\"Consulter tous les articles de R\u00e9daction Clisson\" target=\"_blank\" rel=\"noopener\">R\u00e9daction Clisson<\/a><br \/>\n        <\/strong><\/p>\n<p>        Publi\u00e9 le<\/p>\n<p>            26 juin 2025 \u00e0 20h23        <\/p>\n<p>D\u00e9but juin, la mairie de <a href=\"https:\/\/actu.fr\/pays-de-la-loire\/vertou_44215\" target=\"_blank\" rel=\"noopener\"><b>Vertou <\/b><\/a>avait r\u00e9un<b>i tous les organisateurs de f\u00eates de quartier<\/b>. La ville s\u2019enorgueillit de d\u00e9tenir, probablement<b>, le record de ce genre d\u2019\u00e9v\u00e9nements<\/b>. En effet, elle indique qu\u2019il s\u2019en <b>d\u00e9roule une bonne centaine<\/b>, dont 70 rien qu\u2019au mois de juin. En tout cas, ces f\u00eates existent depuis 2004.<\/p>\n<p>Les \u00e9lus font le tour<\/p>\n<p class=\" wall-content\">La municipalit\u00e9 tient beaucoup \u00e0 ce genre d\u2019\u00e9v\u00e9nement \u00ab\u2009qui est la preuve de<b> l\u2019existence d\u2019un esprit vertavien alliant complicit\u00e9 et amiti\u00e9<\/b>\u2009\u00bb, insistait Rodolphe Amailland.<\/p>\n<blockquote class=\"ac-article-quote wall-content\">\n<p>En effet, \u00e0 Vertou il y a des traditions qui perdurent.<\/p>\n<p>Le maire<\/p><\/blockquote>\n<p class=\" wall-content\">Cette r\u00e9union \u00e9tait l\u2019occasion pour la mairie de donner<b> un coup de pouce \u00e0 tous ces organisateurs,<\/b> en offrant quelques cadeaux qui serviront \u00e0 leur f\u00eate. Ainsi, des<b> cartons de muscadet <\/b>ainsi que des<b> flyers type d\u2019invitation ont \u00e9t\u00e9 distribu\u00e9s<\/b>. De m\u00eame que des arr\u00eat\u00e9s afin de fermer les rues au cas o\u00f9 il y a des besoins. Preuve de l\u2019attention port\u00e9e par les \u00e9lus, ces derniers n\u2019h\u00e9sitent \u00e0 faire un passage \u00e0 chaque \u00e9v\u00e9nement.<\/p>\n<blockquote class=\"ac-article-quote wall-content\">\n<p>En juin, c\u2019est un vrai marathon, avec 70 f\u00eates de quartier.<\/p>\n<p>Damien Durrleman, adjoint \u00e0 la proximit\u00e9 et \u00e0 l\u2019implication citoyenne<\/p><\/blockquote>\n<p>Vid\u00e9os : en ce moment sur Actu<br \/>\n    <img   decoding=\"async\" loading=\"lazy\" class=\"size-large\" src=\"https:\/\/www.europesays.com\/fr\/wp-content\/uploads\/2025\/06\/a80e8f4e61386dc0e8f4e6138b01e8v-960x640.jpg\" alt=\"Soir\u00e9e tr\u00e8s conviviale\" width=\"960\" height=\"640\"\/><br \/>\n    Les organisateurs de f\u00eates de quartier ont pu \u00e9changer sur leurs pratiques. \u00a9Hebdo de S\u00e8vre et Maine<\/p>\n<p class=\" wall-content\">La f\u00eate de la rue C\u00e9zannne fait partie de celles-ci.<\/p>\n<blockquote class=\"ac-article-quote wall-content\">\n<p>Notre f\u00eate a lieu le 21\u00a0juin. Nous sommes 45 maisons dans un lotissement qui a 50\u00a0ans d\u2019\u00e2ge. Certains sont partis. De nouveaux sont arriv\u00e9s. Il faut qu\u2019on r\u00e9ussisse \u00e0 les impliquer. Dans l\u2019ensemble cela se passe bien, il y a un barbecue et chacun apporte sa nourriture.<\/p>\n<p>Jean-Yves Braud, est un des organisateurs<\/p><\/blockquote>\n<p class=\" wall-content\">De l\u2019avis g\u00e9n\u00e9ral, le passage des \u00e9lus est tr\u00e8s appr\u00e9ci\u00e9.<\/p>\n<blockquote class=\"ac-article-quote wall-content\">\n<p>Comme c\u2019est chez nous, on se sent plus \u00e0 l\u2019aise pour discuter. Si besoin, on peut les inviter \u00e0 venir constater nos probl\u00e8mes, la discussion est tr\u00e8s fluide<\/p>\n<p>Un autre organisateur<\/p><\/blockquote>\n<p class=\" wall-content\">Autour d\u2019une part de cake et un verre \u00e0 la main, c\u2019est <b>souvent plus convivial.<\/b><\/p>\n<p class=\" wall-content\">Suivez toute l\u2019actualit\u00e9 de vos villes et m\u00e9dias favoris en vous inscrivant \u00e0 <a href=\"https:\/\/moncompte.actu.fr\" title=\"D\u00e9couvez Mon Actu\" rel=\"nofollow noopener\" data-trk=\"{&quot;cta&quot;:{&quot;action&quot;:&quot;https:\\\/\\\/moncompte.actu.fr&quot;,&quot;category&quot;:&quot;mon compte&quot;,&quot;from&quot;:&quot;article footer&quot;,&quot;name&quot;:&quot;Mon actu&quot;,&quot;type&quot;:&quot;cta&quot;}}\" target=\"_blank\">Mon Actu<\/a>.<\/p>\n<ul class=\"ac-article-tag wall-content\">\n<li><a href=\"https:\/\/actu.fr\/tag\/urbanisme\" data-trk=\"{&quot;cta&quot;:{&quot;action&quot;:&quot;Urbanisme&quot;,&quot;category&quot;:&quot;tag&quot;,&quot;from&quot;:&quot;article footer&quot;,&quot;name&quot;:&quot;Urbanisme&quot;,&quot;type&quot;:&quot;cta&quot;}}\" target=\"_blank\" rel=\"noopener\">#Urbanisme<\/a><\/li>\n<li><a href=\"https:\/\/actu.fr\/tag\/vignoble-nantais\" data-trk=\"{&quot;cta&quot;:{&quot;action&quot;:&quot;Vignoble nantais&quot;,&quot;category&quot;:&quot;tag&quot;,&quot;from&quot;:&quot;article footer&quot;,&quot;name&quot;:&quot;Vignoble nantais&quot;,&quot;type&quot;:&quot;cta&quot;}}\" target=\"_blank\" rel=\"noopener\">#Vignoble nantais<\/a><\/li>\n<\/ul>\n","protected":false},"excerpt":{"rendered":"Par R\u00e9daction Clisson Publi\u00e9 le 26 juin 2025 \u00e0 20h23 D\u00e9but juin, la mairie de Vertou avait r\u00e9uni&hellip;\n","protected":false},"author":2,"featured_media":206474,"comment_status":"","ping_status":"","sticky":false,"template":"","format":"standard","meta":{"footnotes":""},"categories":[2818],"tags":[1111,11,1777,674,1011,27,766,12,2636,25,104,1352,2900],"class_list":{"0":"post-206473","1":"post","2":"type-post","3":"status-publish","4":"format-standard","5":"has-post-thumbnail","7":"category-nantes","8":"tag-actu","9":"tag-actualites","10":"tag-eu","11":"tag-europe","12":"tag-fr","13":"tag-france","14":"tag-nantes","15":"tag-news","16":"tag-pays-de-la-loire","17":"tag-republique-francaise","18":"tag-societe","19":"tag-urbanisme","20":"tag-vignoble-nantais"},"share_on_mastodon":{"url":"https:\/\/pubeurope.com\/@fr\/114751159921019419","error":""},"_links":{"self":[{"href":"https:\/\/www.europesays.com\/fr\/wp-json\/wp\/v2\/posts\/206473","targetHints":{"allow":["GET"]}}],"collection":[{"href":"https:\/\/www.europesays.com\/fr\/wp-json\/wp\/v2\/posts"}],"about":[{"href":"https:\/\/www.europesays.com\/fr\/wp-json\/wp\/v2\/types\/post"}],"author":[{"embeddable":true,"href":"https:\/\/www.europesays.com\/fr\/wp-json\/wp\/v2\/users\/2"}],"replies":[{"embeddable":true,"href":"https:\/\/www.europesays.com\/fr\/wp-json\/wp\/v2\/comments?post=206473"}],"version-history":[{"count":0,"href":"https:\/\/www.europesays.com\/fr\/wp-json\/wp\/v2\/posts\/206473\/revisions"}],"wp:featuredmedia":[{"embeddable":true,"href":"https:\/\/www.europesays.com\/fr\/wp-json\/wp\/v2\/media\/206474"}],"wp:attachment":[{"href":"https:\/\/www.europesays.com\/fr\/wp-json\/wp\/v2\/media?parent=206473"}],"wp:term":[{"taxonomy":"category","embeddable":true,"href":"https:\/\/www.europesays.com\/fr\/wp-json\/wp\/v2\/categories?post=206473"},{"taxonomy":"post_tag","embeddable":true,"href":"https:\/\/www.europesays.com\/fr\/wp-json\/wp\/v2\/tags?post=206473"}],"curies":[{"name":"wp","href":"https:\/\/api.w.org\/{rel}","templated":true}]}}